{"id":12472,"date":"2024-08-16T19:26:53","date_gmt":"2024-08-16T22:26:53","guid":{"rendered":"https:\/\/www.sportchaco.com.ar\/?p=12472"},"modified":"2024-08-16T19:26:53","modified_gmt":"2024-08-16T22:26:53","slug":"se-volvio-a-suspender-cultural-potrero","status":"publish","type":"post","link":"https:\/\/www.sportchaco.com.ar\/?p=12472","title":{"rendered":"Se volvi\u00f3 a suspender Cultural-Potrero"},"content":{"rendered":"<p><strong>16-08-2024<\/strong><\/p>\n<p><img loading=\"lazy\" decoding=\"async\" class=\"size-medium wp-image-9468 aligncenter\" src=\"https:\/\/www.sportchaco.com.ar\/wp-content\/uploads\/2024\/05\/Nachec-728x90-2-300x37.gif\" alt=\"\" width=\"300\" height=\"37\" \/><\/p>\n<p>La interminable novela del enfrentamiento de Sportivo Cultural con Potrero de Quitilipi sum\u00f3 un nuevo cap\u00edtulo y, cuando ya hab\u00eda sido programado para este s\u00e1bado, aparecieron nuevos contratiempos y ahora el finalista del Torneo Federativo se definir\u00e1 reci\u00e9n el martes y por cuestiones ajenas a la instituci\u00f3n de Juan Jos\u00e9 Castelli.<\/p>\n<p>Esta llave solo tuvo el duelo de ida, correspondiente a la final de la Zona Oeste, con victoria del \u201calbiceleste\u201d por 2 a 1 en terreno quitilipense. Desde entonces han pasado 12 d\u00edas y a\u00fan no se ha podido conocer qui\u00e9n ser\u00e1 el rival de Villa Alvear de Resistencia para consagrar al campe\u00f3n de la presente edici\u00f3n del certamen organizado por la Federaci\u00f3n Chaque\u00f1a de F\u00fatbol.<\/p>\n<p>Primero fue la presencia de piqueteros y agrupaciones sociales que llev\u00f3 a que la polic\u00eda concentre su energ\u00eda all\u00ed y no pueda ofrecer seguridad en el partido revancha, previsto para el pasado domingo 11. Tras ello, en la semana tambi\u00e9n desde la Direcci\u00f3n Zona Interior Castelli de la Polic\u00eda del Chaco se inform\u00f3 que este domingo 18 tampoco iba a poder brindar garant\u00edas por una situaci\u00f3n similar.<\/p>\n<p>Ante ello, la dirigencia de Sportivo Cultural aceler\u00f3 las gestiones para jugar el s\u00e1bado 17 y poner fin a la incertidumbre. En principio parec\u00eda todo encaminado hasta que surgieron otros contratiempos que llevaron a ambos clubes a ponerse de acuerdo y fijar para el martes 20, a las 21 horas, la nueva fecha del enfrentamiento. La terna arbitral ser\u00e1 de la Liga del Nordoeste, conformada por Leandro D\u00edaz Doro\u00f1uk, Juan Manuel Gamarra y Diego De Jes\u00fas.<\/p>\n<p><em><strong>Fuente: Eco Deportivo<\/strong><\/em><\/p>\n<p><img loading=\"lazy\" decoding=\"async\" class=\"size-full wp-image-9467 aligncenter\" src=\"https:\/\/www.sportchaco.com.ar\/wp-content\/uploads\/2024\/05\/Nachec1-300x250-1.gif\" alt=\"\" width=\"300\" height=\"250\" \/><\/p>\n","protected":false},"excerpt":{"rendered":"<p>16-08-2024 La interminable novela del enfrentamiento de Sportivo Cultural con Potrero de Quitilipi sum\u00f3 un nuevo cap\u00edtulo y, cuando ya hab\u00eda sido programado para este s\u00e1bado, aparecieron nuevos contratiempos y ahora el finalista del Torneo Federativo se definir\u00e1 reci\u00e9n el martes y por cuestiones ajenas a la instituci\u00f3n de Juan Jos\u00e9 Castelli. Esta llave solo &hellip;<\/p>\n","protected":false},"author":3,"featured_media":11915,"comment_status":"open","ping_status":"open","sticky":false,"template":"","format":"standard","meta":{"footnotes":""},"categories":[5],"tags":[],"class_list":["post-12472","post","type-post","status-publish","format-standard","has-post-thumbnail","hentry","category-futbol"],"_links":{"self":[{"href":"https:\/\/www.sportchaco.com.ar\/index.php?rest_route=\/wp\/v2\/posts\/12472","targetHints":{"allow":["GET"]}}],"collection":[{"href":"https:\/\/www.sportchaco.com.ar\/index.php?rest_route=\/wp\/v2\/posts"}],"about":[{"href":"https:\/\/www.sportchaco.com.ar\/index.php?rest_route=\/wp\/v2\/types\/post"}],"author":[{"embeddable":true,"href":"https:\/\/www.sportchaco.com.ar\/index.php?rest_route=\/wp\/v2\/users\/3"}],"replies":[{"embeddable":true,"href":"https:\/\/www.sportchaco.com.ar\/index.php?rest_route=%2Fwp%2Fv2%2Fcomments&post=12472"}],"version-history":[{"count":1,"href":"https:\/\/www.sportchaco.com.ar\/index.php?rest_route=\/wp\/v2\/posts\/12472\/revisions"}],"predecessor-version":[{"id":12473,"href":"https:\/\/www.sportchaco.com.ar\/index.php?rest_route=\/wp\/v2\/posts\/12472\/revisions\/12473"}],"wp:featuredmedia":[{"embeddable":true,"href":"https:\/\/www.sportchaco.com.ar\/index.php?rest_route=\/wp\/v2\/media\/11915"}],"wp:attachment":[{"href":"https:\/\/www.sportchaco.com.ar\/index.php?rest_route=%2Fwp%2Fv2%2Fmedia&parent=12472"}],"wp:term":[{"taxonomy":"category","embeddable":true,"href":"https:\/\/www.sportchaco.com.ar\/index.php?rest_route=%2Fwp%2Fv2%2Fcategories&post=12472"},{"taxonomy":"post_tag","embeddable":true,"href":"https:\/\/www.sportchaco.com.ar\/index.php?rest_route=%2Fwp%2Fv2%2Ftags&post=12472"}],"curies":[{"name":"wp","href":"https:\/\/api.w.org\/{rel}","templated":true}]}}