{"id":12477,"date":"2024-08-16T21:52:35","date_gmt":"2024-08-17T00:52:35","guid":{"rendered":"https:\/\/www.sportchaco.com.ar\/?p=12477"},"modified":"2024-08-17T02:37:38","modified_gmt":"2024-08-17T05:37:38","slug":"con-varios-cambios-for-ever-recibe-a-san-martin-de-tucuman","status":"publish","type":"post","link":"https:\/\/www.sportchaco.com.ar\/?p=12477","title":{"rendered":"Con varios cambios, For Ever recibe a San Mart\u00edn de Tucum\u00e1n."},"content":{"rendered":"<p><strong>16-08-2024<\/strong><\/p>\n<p><img loading=\"lazy\" decoding=\"async\" class=\" wp-image-11424 aligncenter\" src=\"https:\/\/www.sportchaco.com.ar\/wp-content\/uploads\/2024\/07\/gob-salud-fijo-marzo-300x50.jpg\" alt=\"\" width=\"330\" height=\"55\" srcset=\"https:\/\/www.sportchaco.com.ar\/wp-content\/uploads\/2024\/07\/gob-salud-fijo-marzo-300x50.jpg 300w, https:\/\/www.sportchaco.com.ar\/wp-content\/uploads\/2024\/07\/gob-salud-fijo-marzo-1024x171.jpg 1024w, https:\/\/www.sportchaco.com.ar\/wp-content\/uploads\/2024\/07\/gob-salud-fijo-marzo-768x128.jpg 768w, https:\/\/www.sportchaco.com.ar\/wp-content\/uploads\/2024\/07\/gob-salud-fijo-marzo.jpg 1200w\" sizes=\"auto, (max-width: 330px) 100vw, 330px\" \/><\/p>\n<p>Este s\u00e1bado, For Ever recibir\u00e1 en el \u00abgigante\u00bb de la avenida a San Mart\u00edn de Tucum\u00e1n por la 28\u00aa fecha de la Primera Nacional desde las 21:10. El cotejo es v\u00e1lido por el Interzonal del campeonato.<\/p>\n<p>El equipo chaque\u00f1o lleva diez encuentros sin ganar y desde que lleg\u00f3 Ricardo Pancaldo a hacerse cargo de la direcci\u00f3n t\u00e9cnica arrastra tres empates consecutivos.<\/p>\n<p>Para este encuentro el DT realizar\u00eda cinco cambios en su equipo con respecto al que viene de empatar sin goles ante Defensores de Belgrano.<\/p>\n<p>Luciano Lapetina, Santiago Valenzuela, Javier Iritier, Franco Perinciolo e Imanol Enr\u00edquez se meten en reemplazos de Romero, Silvera, V\u00e9lez, Lucero y Novero, respectivamente.<\/p>\n<p>Por su parte, San Mart\u00edn llega como l\u00edder de la zona A y el DT, Diego Flores, tendr\u00eda dos cambios en el 11. Agust\u00edn Dattola lleg\u00f3 a las cinco amarillas y debe cumplir con un partido de suspensi\u00f3n, en su lugar entrar\u00eda M\u00e1ximo Levi y la otra variante es t\u00e1ctica, vuelve a la titularidad Mat\u00edas Garc\u00eda en lugar de Rodr\u00edguez o Fedele.<\/p>\n<p><b>FOR EVER:\u00a0<\/b>Gast\u00f3n Canuto; Agust\u00edn Bellone, David Valdez, Milton Leyendeker y Luciano Lapetina; Santiago Valenzuela, Brian Nievas, Javier Iritier y Franco Perinciolo; Imanol Enr\u00edquez y Jonathan Dellarossa.\u00a0<b>DT:\u00a0<\/b>Ricardo Pancaldo.<br \/>\n<b>SAN MART\u00cdN (T):\u00a0<\/b>Dar\u00edo Sand; Gonzalo Bettini, Juan Orellana, M\u00e1ximo Levi y Guillermo Ferracuti; Mat\u00edas Ignacio Garc\u00eda, Gustavo Abreg\u00fa y Ariel Mat\u00edas Garc\u00eda; Gonzalo Rodr\u00edguez, Junior Arias y Juan Cuevas.\u00a0<b>DT:<\/b>\u00a0Diego Flores.<br \/>\n<b>\u00c1rbitro: <\/b>Bryan Ferreyra.\u00a0<b>Asistentes:\u00a0<\/b>Mariano Rossetti y Gonzalo Ferrari.\u00a0<b>Cuarto \u00e1rbitro:<\/b>\u00a0Federico Guaymas.\u00a0<b>Estadio: \u00ab<\/b>Juan Alberto Garc\u00eda\u00bb, de For Ever. <b>Hora:\u00a0<\/b>21:10. <b>TV:<\/b>\u00a0TyC Sports.<\/p>\n<p><img loading=\"lazy\" decoding=\"async\" class=\"size-medium wp-image-11289 aligncenter\" src=\"https:\/\/www.sportchaco.com.ar\/wp-content\/uploads\/2024\/07\/Gobierno-paisaje-1-300x116.png\" alt=\"\" width=\"300\" height=\"116\" srcset=\"https:\/\/www.sportchaco.com.ar\/wp-content\/uploads\/2024\/07\/Gobierno-paisaje-1-300x116.png 300w, https:\/\/www.sportchaco.com.ar\/wp-content\/uploads\/2024\/07\/Gobierno-paisaje-1-768x297.png 768w, https:\/\/www.sportchaco.com.ar\/wp-content\/uploads\/2024\/07\/Gobierno-paisaje-1.png 800w\" sizes=\"auto, (max-width: 300px) 100vw, 300px\" \/><\/p>\n","protected":false},"excerpt":{"rendered":"<p>16-08-2024 Este s\u00e1bado, For Ever recibir\u00e1 en el \u00abgigante\u00bb de la avenida a San Mart\u00edn de Tucum\u00e1n por la 28\u00aa fecha de la Primera Nacional desde las 21:10. El cotejo es v\u00e1lido por el Interzonal del campeonato. El equipo chaque\u00f1o lleva diez encuentros sin ganar y desde que lleg\u00f3 Ricardo Pancaldo a hacerse cargo de &hellip;<\/p>\n","protected":false},"author":3,"featured_media":12481,"comment_status":"open","ping_status":"open","sticky":false,"template":"","format":"standard","meta":{"footnotes":""},"categories":[5],"tags":[],"class_list":["post-12477","post","type-post","status-publish","format-standard","has-post-thumbnail","hentry","category-futbol"],"_links":{"self":[{"href":"https:\/\/www.sportchaco.com.ar\/index.php?rest_route=\/wp\/v2\/posts\/12477","targetHints":{"allow":["GET"]}}],"collection":[{"href":"https:\/\/www.sportchaco.com.ar\/index.php?rest_route=\/wp\/v2\/posts"}],"about":[{"href":"https:\/\/www.sportchaco.com.ar\/index.php?rest_route=\/wp\/v2\/types\/post"}],"author":[{"embeddable":true,"href":"https:\/\/www.sportchaco.com.ar\/index.php?rest_route=\/wp\/v2\/users\/3"}],"replies":[{"embeddable":true,"href":"https:\/\/www.sportchaco.com.ar\/index.php?rest_route=%2Fwp%2Fv2%2Fcomments&post=12477"}],"version-history":[{"count":3,"href":"https:\/\/www.sportchaco.com.ar\/index.php?rest_route=\/wp\/v2\/posts\/12477\/revisions"}],"predecessor-version":[{"id":12495,"href":"https:\/\/www.sportchaco.com.ar\/index.php?rest_route=\/wp\/v2\/posts\/12477\/revisions\/12495"}],"wp:featuredmedia":[{"embeddable":true,"href":"https:\/\/www.sportchaco.com.ar\/index.php?rest_route=\/wp\/v2\/media\/12481"}],"wp:attachment":[{"href":"https:\/\/www.sportchaco.com.ar\/index.php?rest_route=%2Fwp%2Fv2%2Fmedia&parent=12477"}],"wp:term":[{"taxonomy":"category","embeddable":true,"href":"https:\/\/www.sportchaco.com.ar\/index.php?rest_route=%2Fwp%2Fv2%2Fcategories&post=12477"},{"taxonomy":"post_tag","embeddable":true,"href":"https:\/\/www.sportchaco.com.ar\/index.php?rest_route=%2Fwp%2Fv2%2Ftags&post=12477"}],"curies":[{"name":"wp","href":"https:\/\/api.w.org\/{rel}","templated":true}]}}