{"id":12507,"date":"2024-08-17T16:38:37","date_gmt":"2024-08-17T19:38:37","guid":{"rendered":"https:\/\/www.sportchaco.com.ar\/?p=12507"},"modified":"2024-08-17T16:38:37","modified_gmt":"2024-08-17T19:38:37","slug":"pippen-perez-y-gonzalo-corbalan-compartieron-una-charla-de-aprendizaje-junto-a-los-adolescentes-de-u15-b-y-u17-b","status":"publish","type":"post","link":"https:\/\/www.sportchaco.com.ar\/?p=12507","title":{"rendered":"\u201cPippen\u201d P\u00e9rez y Gonzalo Corbal\u00e1n compartieron una charla de aprendizaje junto a los adolescentes de U15 B y U17 B"},"content":{"rendered":"<p><strong>17-08-2024<\/strong><\/p>\n<p><img loading=\"lazy\" decoding=\"async\" class=\" wp-image-9468 aligncenter\" src=\"https:\/\/www.sportchaco.com.ar\/wp-content\/uploads\/2024\/05\/Nachec-728x90-2-300x37.gif\" alt=\"\" width=\"357\" height=\"44\" \/><\/p>\n<p>Durante la tarde de este mi\u00e9rcoles, Villa San Mart\u00edn llev\u00f3 adelante un encuentro interno de car\u00e1cter amistoso, para luego cerrar la jornada junto a jugadores elite de \u201ccuna tricolor\u201d que se encuentran jugando en el plano internacional y nacional, en referencia a Gonzalo Corbal\u00e1n y Santiago P\u00e9rez. Esta iniciativa estuvo coordinada por el entrenador de la instituci\u00f3n tricolor, Jorge \u00abCachito\u00bb Ozuna, acompa\u00f1adopor su par Gustavo Lutringer y tambi\u00e9n cont\u00f3 con la colaboraci\u00f3n de Enzo \u00abPela\u00bb N\u00fa\u00f1ez en el manejo de los relojes.<\/p>\n<p>En lo que respecta a toda la movida previa a esta charla fruct\u00edfera, la instituci\u00f3n capitalina llev\u00f3 adelante un encuentro interno amistoso, correspondiente a la tira U15 B, arm\u00e1ndose 4 equipos de 11 jugadores cada uno, consigui\u00e9ndose a su vez la colaboraci\u00f3n de la Escuela de \u00c1rbitros quien dio una charla a los chicos respecto a la funci\u00f3n del \u00e1rbitro dentro de un partido de b\u00e1squet .<\/p>\n<figure class=\"wp-block-image size-large\"><a href=\"https:\/\/baskettotal.com.ar\/wp-content\/uploads\/2024\/08\/vsm-3-1.jpg\"><img loading=\"lazy\" decoding=\"async\" class=\"lazy wp-image-23913 lazy-loaded aligncenter\" src=\"https:\/\/baskettotal.com.ar\/wp-content\/uploads\/2024\/08\/vsm-3-1-1024x680.jpg\" sizes=\"auto, (max-width: 1024px) 100vw, 1024px\" srcset=\"https:\/\/baskettotal.com.ar\/wp-content\/uploads\/2024\/08\/vsm-3-1-1024x680.jpg 1024w, https:\/\/baskettotal.com.ar\/wp-content\/uploads\/2024\/08\/vsm-3-1-300x199.jpg 300w, https:\/\/baskettotal.com.ar\/wp-content\/uploads\/2024\/08\/vsm-3-1-768x510.jpg 768w, https:\/\/baskettotal.com.ar\/wp-content\/uploads\/2024\/08\/vsm-3-1.jpg 1040w\" alt=\"\" width=\"1024\" height=\"680\" data-lazy-type=\"image\" data-lazy-src=\"https:\/\/baskettotal.com.ar\/wp-content\/uploads\/2024\/08\/vsm-3-1-1024x680.jpg\" data-lazy-srcset=\"https:\/\/baskettotal.com.ar\/wp-content\/uploads\/2024\/08\/vsm-3-1-1024x680.jpg 1024w, https:\/\/baskettotal.com.ar\/wp-content\/uploads\/2024\/08\/vsm-3-1-300x199.jpg 300w, https:\/\/baskettotal.com.ar\/wp-content\/uploads\/2024\/08\/vsm-3-1-768x510.jpg 768w, https:\/\/baskettotal.com.ar\/wp-content\/uploads\/2024\/08\/vsm-3-1.jpg 1040w\" data-lazy-sizes=\"(max-width: 1024px) 100vw, 1024px\" \/><\/a><\/figure>\n<p>Durante los partidos jugados en esta movida interna, hubo mesa de control con todos los relojes a disposici\u00f3n, como as\u00ed tambi\u00e9n el certamen amigable tuvo fase regular, partido por el tercer y cuarto puesto y la final.<\/p>\n<p>Luego del encuentro, junto con los chicos del U17 B quienes se sumaron a esta movida, se organiz\u00f3 una charla con Gonzalo Corbal\u00e1n y Santiago P\u00e9rez para dialogar con todos los chicos, contar sus experiencias, como as\u00ed tambi\u00e9n la importancia de la alimentaci\u00f3n, gimnasio, descanso, an\u00e9cdotas vividas.<\/p>\n<p><strong>\u201cHay que estudiar y entrenar\u201d<br \/>\n<\/strong>En primer lugar, Gonzalo Corbal\u00e1n, quien se desempe\u00f1a en el Longevida de San Pablo y a su vez jugador de la Selecci\u00f3n Argentina de Mayores y con gran performance en las Selecciones de formativas, expres\u00f3 que \u201cvengo al club desde los 3 a\u00f1os, cuando ven\u00eda mi hermano y lo molestaba a \u00e9l o a los profes. Cuando pude aguantar la pelota ya empec\u00e9 a practicar mis primeros tiros\u00bb, rememor\u00f3 el jugador orgullo \u00abtricolor\u201d.<\/p>\n<p>\u201cCreo que cualquier puede lograrlo. No hay que descuidar el estudio, hay que estudiar y entrenar. Y siempre estar preparado, ya que la oportunidad puede llegar en cualquier momento\u00bb, valor\u00f3.<\/p>\n<figure class=\"wp-block-image size-large\"><a href=\"https:\/\/baskettotal.com.ar\/wp-content\/uploads\/2024\/08\/gggg.jpg\"><img loading=\"lazy\" decoding=\"async\" class=\"lazy wp-image-23918 lazy-loaded aligncenter\" src=\"https:\/\/baskettotal.com.ar\/wp-content\/uploads\/2024\/08\/gggg-1024x658.jpg\" sizes=\"auto, (max-width: 1024px) 100vw, 1024px\" srcset=\"https:\/\/baskettotal.com.ar\/wp-content\/uploads\/2024\/08\/gggg-1024x658.jpg 1024w, https:\/\/baskettotal.com.ar\/wp-content\/uploads\/2024\/08\/gggg-300x193.jpg 300w, https:\/\/baskettotal.com.ar\/wp-content\/uploads\/2024\/08\/gggg-768x493.jpg 768w, https:\/\/baskettotal.com.ar\/wp-content\/uploads\/2024\/08\/gggg-95x60.jpg 95w, https:\/\/baskettotal.com.ar\/wp-content\/uploads\/2024\/08\/gggg.jpg 1040w\" alt=\"\" width=\"1024\" height=\"658\" data-lazy-type=\"image\" data-lazy-src=\"https:\/\/baskettotal.com.ar\/wp-content\/uploads\/2024\/08\/gggg-1024x658.jpg\" data-lazy-srcset=\"https:\/\/baskettotal.com.ar\/wp-content\/uploads\/2024\/08\/gggg-1024x658.jpg 1024w, https:\/\/baskettotal.com.ar\/wp-content\/uploads\/2024\/08\/gggg-300x193.jpg 300w, https:\/\/baskettotal.com.ar\/wp-content\/uploads\/2024\/08\/gggg-768x493.jpg 768w, https:\/\/baskettotal.com.ar\/wp-content\/uploads\/2024\/08\/gggg-95x60.jpg 95w, https:\/\/baskettotal.com.ar\/wp-content\/uploads\/2024\/08\/gggg.jpg 1040w\" data-lazy-sizes=\"(max-width: 1024px) 100vw, 1024px\" \/><\/a><\/figure>\n<p><strong>\u201cCompartimos an\u00e9cdotas, vivencias y consejos\u201d<br \/>\n<\/strong>Por su parte, otro de los jugadores de \u201ccuna tricolor\u201d quien estuvo en la charla es Santiago \u201cPippen\u201d P\u00e9rez, quien actualmente se desempe\u00f1a en Ol\u00edmpico de La Banda (Santiago del Estero) en la Liga Nacional, celebr\u00f3 haber estado y participado en esta charla junto a jugadores de formativas de Villa San Mart\u00edn, considerando que \u201cla charla estuvo muy linda, poder compartir an\u00e9cdotas, vivencias y consejos con los chicos del club fue muy lindo, donde nosotros tambi\u00e9n estuvimos en el lugar de esos chicos escuchando, aprendiendo y ahora nos toca estar del otro lado y es una alegr\u00eda enorme poder compartir con ellos\u201d.<\/p>\n<p><em><strong>Fotos: Prensa Villa San Mart\u00edn<\/strong><\/em><\/p>\n<p><img loading=\"lazy\" decoding=\"async\" class=\" wp-image-9671 aligncenter\" src=\"https:\/\/www.sportchaco.com.ar\/wp-content\/uploads\/2024\/05\/Nachec1-200x200-1.gif\" alt=\"\" width=\"252\" height=\"252\" \/><\/p>\n","protected":false},"excerpt":{"rendered":"<p>17-08-2024 Durante la tarde de este mi\u00e9rcoles, Villa San Mart\u00edn llev\u00f3 adelante un encuentro interno de car\u00e1cter amistoso, para luego cerrar la jornada junto a jugadores elite de \u201ccuna tricolor\u201d que se encuentran jugando en el plano internacional y nacional, en referencia a Gonzalo Corbal\u00e1n y Santiago P\u00e9rez. Esta iniciativa estuvo coordinada por el entrenador &hellip;<\/p>\n","protected":false},"author":3,"featured_media":12508,"comment_status":"open","ping_status":"open","sticky":false,"template":"","format":"standard","meta":{"footnotes":""},"categories":[3],"tags":[],"class_list":["post-12507","post","type-post","status-publish","format-standard","has-post-thumbnail","hentry","category-basquetbol"],"_links":{"self":[{"href":"https:\/\/www.sportchaco.com.ar\/index.php?rest_route=\/wp\/v2\/posts\/12507","targetHints":{"allow":["GET"]}}],"collection":[{"href":"https:\/\/www.sportchaco.com.ar\/index.php?rest_route=\/wp\/v2\/posts"}],"about":[{"href":"https:\/\/www.sportchaco.com.ar\/index.php?rest_route=\/wp\/v2\/types\/post"}],"author":[{"embeddable":true,"href":"https:\/\/www.sportchaco.com.ar\/index.php?rest_route=\/wp\/v2\/users\/3"}],"replies":[{"embeddable":true,"href":"https:\/\/www.sportchaco.com.ar\/index.php?rest_route=%2Fwp%2Fv2%2Fcomments&post=12507"}],"version-history":[{"count":1,"href":"https:\/\/www.sportchaco.com.ar\/index.php?rest_route=\/wp\/v2\/posts\/12507\/revisions"}],"predecessor-version":[{"id":12509,"href":"https:\/\/www.sportchaco.com.ar\/index.php?rest_route=\/wp\/v2\/posts\/12507\/revisions\/12509"}],"wp:featuredmedia":[{"embeddable":true,"href":"https:\/\/www.sportchaco.com.ar\/index.php?rest_route=\/wp\/v2\/media\/12508"}],"wp:attachment":[{"href":"https:\/\/www.sportchaco.com.ar\/index.php?rest_route=%2Fwp%2Fv2%2Fmedia&parent=12507"}],"wp:term":[{"taxonomy":"category","embeddable":true,"href":"https:\/\/www.sportchaco.com.ar\/index.php?rest_route=%2Fwp%2Fv2%2Fcategories&post=12507"},{"taxonomy":"post_tag","embeddable":true,"href":"https:\/\/www.sportchaco.com.ar\/index.php?rest_route=%2Fwp%2Fv2%2Ftags&post=12507"}],"curies":[{"name":"wp","href":"https:\/\/api.w.org\/{rel}","templated":true}]}}