{"id":12593,"date":"2024-08-20T19:03:08","date_gmt":"2024-08-20T22:03:08","guid":{"rendered":"https:\/\/www.sportchaco.com.ar\/?p=12593"},"modified":"2024-08-20T19:03:08","modified_gmt":"2024-08-20T22:03:08","slug":"benitez-en-la-lista-de-la-seleccion-para-las-eliminatorias-de-septiembre","status":"publish","type":"post","link":"https:\/\/www.sportchaco.com.ar\/?p=12593","title":{"rendered":"Ben\u00edtez en la lista de la Selecci\u00f3n para las Eliminatorias de septiembre"},"content":{"rendered":"<p><strong>20-08-2024<\/strong><\/p>\n<p><img loading=\"lazy\" decoding=\"async\" class=\" wp-image-9640 aligncenter\" src=\"https:\/\/www.sportchaco.com.ar\/wp-content\/uploads\/2024\/05\/gob-obras-marzo-apaisado-300x29.gif\" alt=\"\" width=\"424\" height=\"41\" srcset=\"https:\/\/www.sportchaco.com.ar\/wp-content\/uploads\/2024\/05\/gob-obras-marzo-apaisado-300x29.gif 300w, https:\/\/www.sportchaco.com.ar\/wp-content\/uploads\/2024\/05\/gob-obras-marzo-apaisado-768x74.gif 768w\" sizes=\"auto, (max-width: 424px) 100vw, 424px\" \/><\/p>\n<p>La Asosiaci\u00f3n del F\u00fatbol Argentino confirm\u00f3 la lista de convocados por el director t\u00e9cnico de la Selecci\u00f3n Argentina, Lionel Scaloni, para la doble fecha de Eliminatorias en la que nuevamente se encuentra el jugador chaque\u00f1o Walter Ben\u00edtez.<\/p>\n<p>Adem\u00e1s, tambi\u00e9n se destaca la ausencia de Lionel Messi, que se recupera de una lesi\u00f3n ligamentaria.<\/p>\n<p>El oriundo de General San Mart\u00edn viene siendo participe de las \u00faltimas citaciones para las Eliminatorias aunque no pudo meterse en la n\u00f3mina de la Copa Am\u00e9rica. Tras la salida de Franco Armani de la Selecci\u00f3n nacional, se liber\u00f3 un cupo m\u00e1s de arqueros aunque en esta ocasi\u00f3n, Scaloni decidi\u00f3 llamar a cuatro en el puesto. Adem\u00e1s de Ben\u00edtez est\u00e1n citados Emiliano Mart\u00ednez, Ger\u00f3nimo Rulli y Juan Musso.<\/p>\n<p>Entre las principales novedades tambi\u00e9n se puede observar al mediocampista Ezequiel Fern\u00e1ndez\u00a0y a\u00a0delanteros Giuliano Simeone, de gran actuaci\u00f3n en los Juegos Ol\u00edmpicos, y\u00a0Valent\u00edn \u00abTaty\u00bb Castellanos, de la Lazio, mientras que adem\u00e1s est\u00e1n ausentes \u00c1ngel Di Mar\u00eda y lo mencionado de Franco Armani (se retir\u00f3 de la Selecci\u00f3n luego de la Copa Am\u00e9rica).<\/p>\n<p>Esta es la primera convocatoria de Scaloni desde la Copa Am\u00e9rica de Estados Unidos 2024, en la que la Selecci\u00f3n se qued\u00f3 con el t\u00edtulo tras derrotar a Colombia en la final.<\/p>\n<p>Fue justamente en aquel partido decisivo cuando el capit\u00e1n Lionel Messi sufri\u00f3 una lesi\u00f3n ligamentaria en su tobillo derecho, que se le trab\u00f3 con el c\u00e9sped del Hard Rock Stadium de Miami cuando quiso mandar un centro.<\/p>\n<p>Luego de aquella situaci\u00f3n, pudo aguantar hasta el final del primer tiempo, pero en el inicio del complemento no pudo soportar el dolor y pidi\u00f3 el cambio.<\/p>\n<h3>Ante Chile y Colombia<\/h3>\n<p>En esta doble fecha de Eliminatorias para el Mundial de Estados Unidos, Canad\u00e1 y M\u00e9xico 2026, la Selecci\u00f3n argentina recibir\u00e1 a Chile el 5 de septiembre y cinco d\u00edas despu\u00e9s visitar\u00e1 a Colombia.<\/p>\n<p>En las Eliminatorias, los dirigidos por Scaloni marchan primeros con 15 puntos sobre 18 posibles, producto de cinco triunfos y solo una derrota, contra Uruguay como local. Detr\u00e1s est\u00e1 la Celeste que dirige Marcelo Bielsa con 13 puntos.<\/p>\n<p>M\u00e1s all\u00e1 de esta doble fecha, ser\u00e1n otras cuatro fechas las que restan en el calendario 2024: en octubre, la Selecci\u00f3n viajar\u00e1 a Venezuela y ser\u00e1 local contra Bolivia. Y en noviembre, visitar\u00e1 a Paraguay y ser\u00e1 anfitri\u00f3n de Per\u00fa para cerrar un a\u00f1o que tuvo la consagraci\u00f3n como el mejor de Am\u00e9rica.<\/p>\n<h3>Los citados<\/h3>\n<p>La lista de convocados completa<\/p>\n<h3>Arqueros<\/h3>\n<p>Emiliano Mart\u00ednez, W\u00e1lter Ben\u00edtez, Ger\u00f3nimo Rulli y Juan Musso.<\/p>\n<h3>Defensores<\/h3>\n<p>Gonzalo Montiel, Nahuel Molina, Cristian Romero, Germ\u00e1n Pezzella, Leonardo Balerdi, Nicol\u00e1s Otamendi, Lisandro Mart\u00ednez, Nicol\u00e1s Tagliafico y Valent\u00edn Barco.<\/p>\n<h3>Mediocampistas<\/h3>\n<p>Leandro Paredes, Guido Rodr\u00edguez, Alexis Mac Allister, Enzo Fern\u00e1ndez, Giovani Lo Celso, Ezequiel Fern\u00e1ndez y Rodrigo de Paul.<\/p>\n<h3>Delanteros<\/h3>\n<p>Nicol\u00e1s Gonz\u00e1lez, Alejandro Garnacho, Mat\u00edas Soul\u00e9, Giuliano Simeone, Valent\u00edn Carboni, Juli\u00e1n \u00c1lvarez, Lautaro Mart\u00ednez y Valent\u00edn Castellanos.<\/p>\n<p><img loading=\"lazy\" decoding=\"async\" class=\" wp-image-9489 aligncenter\" src=\"https:\/\/www.sportchaco.com.ar\/wp-content\/uploads\/2024\/05\/gob-sube-marzo-24-2-300x300.jpeg\" alt=\"\" width=\"352\" height=\"352\" srcset=\"https:\/\/www.sportchaco.com.ar\/wp-content\/uploads\/2024\/05\/gob-sube-marzo-24-2-300x300.jpeg 300w, https:\/\/www.sportchaco.com.ar\/wp-content\/uploads\/2024\/05\/gob-sube-marzo-24-2-1024x1024.jpeg 1024w, https:\/\/www.sportchaco.com.ar\/wp-content\/uploads\/2024\/05\/gob-sube-marzo-24-2-150x150.jpeg 150w, https:\/\/www.sportchaco.com.ar\/wp-content\/uploads\/2024\/05\/gob-sube-marzo-24-2-768x768.jpeg 768w, https:\/\/www.sportchaco.com.ar\/wp-content\/uploads\/2024\/05\/gob-sube-marzo-24-2.jpeg 1080w\" sizes=\"auto, (max-width: 352px) 100vw, 352px\" \/><\/p>\n","protected":false},"excerpt":{"rendered":"<p>20-08-2024 La Asosiaci\u00f3n del F\u00fatbol Argentino confirm\u00f3 la lista de convocados por el director t\u00e9cnico de la Selecci\u00f3n Argentina, Lionel Scaloni, para la doble fecha de Eliminatorias en la que nuevamente se encuentra el jugador chaque\u00f1o Walter Ben\u00edtez. Adem\u00e1s, tambi\u00e9n se destaca la ausencia de Lionel Messi, que se recupera de una lesi\u00f3n ligamentaria. El &hellip;<\/p>\n","protected":false},"author":3,"featured_media":6312,"comment_status":"open","ping_status":"open","sticky":false,"template":"","format":"standard","meta":{"footnotes":""},"categories":[5],"tags":[],"class_list":["post-12593","post","type-post","status-publish","format-standard","has-post-thumbnail","hentry","category-futbol"],"_links":{"self":[{"href":"https:\/\/www.sportchaco.com.ar\/index.php?rest_route=\/wp\/v2\/posts\/12593","targetHints":{"allow":["GET"]}}],"collection":[{"href":"https:\/\/www.sportchaco.com.ar\/index.php?rest_route=\/wp\/v2\/posts"}],"about":[{"href":"https:\/\/www.sportchaco.com.ar\/index.php?rest_route=\/wp\/v2\/types\/post"}],"author":[{"embeddable":true,"href":"https:\/\/www.sportchaco.com.ar\/index.php?rest_route=\/wp\/v2\/users\/3"}],"replies":[{"embeddable":true,"href":"https:\/\/www.sportchaco.com.ar\/index.php?rest_route=%2Fwp%2Fv2%2Fcomments&post=12593"}],"version-history":[{"count":1,"href":"https:\/\/www.sportchaco.com.ar\/index.php?rest_route=\/wp\/v2\/posts\/12593\/revisions"}],"predecessor-version":[{"id":12594,"href":"https:\/\/www.sportchaco.com.ar\/index.php?rest_route=\/wp\/v2\/posts\/12593\/revisions\/12594"}],"wp:featuredmedia":[{"embeddable":true,"href":"https:\/\/www.sportchaco.com.ar\/index.php?rest_route=\/wp\/v2\/media\/6312"}],"wp:attachment":[{"href":"https:\/\/www.sportchaco.com.ar\/index.php?rest_route=%2Fwp%2Fv2%2Fmedia&parent=12593"}],"wp:term":[{"taxonomy":"category","embeddable":true,"href":"https:\/\/www.sportchaco.com.ar\/index.php?rest_route=%2Fwp%2Fv2%2Fcategories&post=12593"},{"taxonomy":"post_tag","embeddable":true,"href":"https:\/\/www.sportchaco.com.ar\/index.php?rest_route=%2Fwp%2Fv2%2Ftags&post=12593"}],"curies":[{"name":"wp","href":"https:\/\/api.w.org\/{rel}","templated":true}]}}