{"id":12607,"date":"2024-08-20T23:38:59","date_gmt":"2024-08-21T02:38:59","guid":{"rendered":"https:\/\/www.sportchaco.com.ar\/?p=12607"},"modified":"2024-08-20T23:40:49","modified_gmt":"2024-08-21T02:40:49","slug":"12607","status":"publish","type":"post","link":"https:\/\/www.sportchaco.com.ar\/?p=12607","title":{"rendered":"San Lorenzo jug\u00f3 mejor pero qued\u00f3 fuera de la Libertadores"},"content":{"rendered":"<section class=\"story-title\">\n<header class=\"restyling story-title-restyling mt2 undefined \">\n<h5 class=\"font-caladea-regular color-text m0\">20-08-2024<\/h5>\n<h5 class=\"font-caladea-regular color-text m0\">San Lorenzo perdi\u00f3 en Brasil y qued\u00f3 eliminado de la Copa Libertadores.\u00a0 Luego del 1 a 1 de local, el Cicl\u00f3n no pudo ante Atl\u00e9tico Mineiro en Belo Horizonte y cay\u00f3 1 a 0.<\/h5>\n<\/header>\n<h5 class=\"story-datetime-restyling flex text-color h4 font-arial-regular\"><\/h5>\n<section class=\"story-actions flex justify-between\">\n<div class=\"actions-buttons flex justify-between\">\n<section class=\"clearfix ajuste-1440-card\">\n<div class=\"viafoura counter-vf\"><\/div>\n<\/section>\n<\/div>\n<\/section>\n<\/section>\n<section class=\"story-header\">\n<div class=\"story-promo\">\n<figure><img loading=\"lazy\" decoding=\"async\" src=\"https:\/\/www.lavoz.com.ar\/resizer\/v2\/KUMEKU5WSJHPJEBLYWZBQQWT3M.jpeg?quality=75&amp;smart=true&amp;auth=2f8cd5b5ba40db4259be84160ad4ebdeb1102a5e7270b212c60251634dd9b97f&amp;width=980&amp;height=640\" sizes=\"auto, (max-width: 500px) 480px, (max-width: 899px) 800px, 980px\" srcset=\"https:\/\/www.lavoz.com.ar\/resizer\/v2\/KUMEKU5WSJHPJEBLYWZBQQWT3M.jpeg?quality=75&amp;smart=true&amp;auth=2f8cd5b5ba40db4259be84160ad4ebdeb1102a5e7270b212c60251634dd9b97f&amp;width=480&amp;height=313 480w, https:\/\/www.lavoz.com.ar\/resizer\/v2\/KUMEKU5WSJHPJEBLYWZBQQWT3M.jpeg?quality=75&amp;smart=true&amp;auth=2f8cd5b5ba40db4259be84160ad4ebdeb1102a5e7270b212c60251634dd9b97f&amp;width=800&amp;height=522 800w, https:\/\/www.lavoz.com.ar\/resizer\/v2\/KUMEKU5WSJHPJEBLYWZBQQWT3M.jpeg?quality=75&amp;smart=true&amp;auth=2f8cd5b5ba40db4259be84160ad4ebdeb1102a5e7270b212c60251634dd9b97f&amp;width=980&amp;height=640 980w\" alt=\"San Lorenzo perdi\u00f3 en Brasil y qued\u00f3 eliminado\" width=\"980\" height=\"640\" \/><figcaption>San Lorenzo no pudo con Mineiro y fue eliminado de la Libertadores (Prensa San Lorenzo)<\/figcaption><\/figure>\n<\/div>\n<div class=\"story-mam\"><\/div>\n<\/section>\n<aside class=\"aside-right\">\n<section class=\"clearfix mb1 most-read-restyling ajuste-1440-cards false\">\n<div class=\"container\">\n<div class=\"title\">\n<div class=\"title__underline_bg\"><\/div>\n<\/div>\n<div class=\"most-read-restyling\">\n<div class=\"card-1 most-read-restyling\">\n<div class=\"card-index\"><span id=\"card-1\">1<\/span><\/div>\n<article class=\"story-card most-view-home-main has-video\">\n<div class=\"story-card-image \"><\/div>\n<\/article>\n<\/div>\n<div class=\"card-2 most-read-restyling\">\n<article class=\"story-card most-views-home\">\n<div class=\"story-card-content\">\n<h3 class=\"story-card-title\"><\/h3>\n<\/div>\n<\/article>\n<\/div>\n<\/div>\n<\/div>\n<\/section>\n<\/aside>\n<div class=\"story-content my0 mx-auto body-w\">\n<article>\n<section id=\"audimaWidget\"><\/section>\n<div class=\"story clearfix mxn0 flex flex-wrap\">\n<div class=\"body col mx-auto my0 \">\n<section>San Lorenzo, que hab\u00eda igualado de local 1 a 1 y a pesar de haber jugado largos pasajes del partido mejor que su rival, no logr\u00f3 imponer en el marcador ese juego superior y perdi\u00f3 ante Atl\u00e9tico Mineiro en Belo Horizonte 1 a 0 y qued\u00f3 eliminado de la Copa Libertadores en el cruce de octavos de final.<\/p>\n<div class=\"container undefined\">\n<div class=\"clearfix\">\n<div id=\"caja2\" class=\"notas banner-inner\" data-id=\"caja2\" data-section=\"notas\" data-name=\"caja2\" data-sizes=\"[[300,250],[320,100],[300,50],[300,100],[320,50],[300,600]]\" data-refresh=\"false\"><\/div>\n<\/div>\n<\/div>\n<p>El encuentro se jug\u00f3 en el en estadio Arena do Galo con el arbitraje chileno Felipe Gonz\u00e1lez y el \u00fanico tanto lo marc\u00f3 el argentino Rodrigo Battaglia a los 19 minutos del complemento, cuando logr\u00f3 conectar de cabeza un tiro de esquina lanzado desde la izquierda.<\/p>\n<div class=\"story-embeded story-twitter noreadme-audima\">\n<div>\n<div class=\"twitter-tweet twitter-tweet-rendered\"><\/div>\n<\/div>\n<\/div>\n<p>El equipo argentino hab\u00eda tenido chances de marcar, pero fue fallando sistem\u00e1ticamente en las oportunidades que se le presentaron. Despu\u00e9s del 1 a 0, el local empez\u00f3 a jugar de contra en busca de cerrar el partido.<\/p>\n<h2 class=\"\">Bochorno policial<\/h2>\n<div class=\"container undefined\">\n<div class=\"clearfix\">\n<div id=\"caja3\" class=\"notas banner-inner\" data-id=\"caja3\" data-section=\"notas\" data-name=\"caja3\" data-sizes=\"[[300,250],[320,100],[300,50],[300,100],[320,50],[300,600]]\" data-refresh=\"false\"><\/div>\n<\/div>\n<\/div>\n<p>Las cr\u00f3nicas de la polic\u00eda de Brasil teniendo actitudes represivas contra los simpatizantes del equipo visitante, en este caso los de San Lorenzo, volvi\u00f3 a exhibirse a 10 minutos del final, cuando los uniformados comenzaron a golpear y lanzar gases contra la gente azulgrana que desaloj\u00f3 el estadio con lesionados y heridos.<\/p>\n<p>La pol\u00edtica del gobierno de Luiz Lula Da Silva, presidente de Brasil, es similar ante cualquier evento que re\u00fana gente de otras nacionalidades, aplicando golpes, rigor desmedido, descontrol y represi\u00f3n.<\/p>\n<div class=\"container undefined\">\n<div class=\"clearfix\">\n<div id=\"caja4\" class=\"notas banner-inner\" data-id=\"caja4\" data-section=\"notas\" data-name=\"caja4\" data-sizes=\"[[300,250],[320,100],[300,50],[300,100],[320,50],[300,600]]\" data-refresh=\"false\"><\/div>\n<\/div>\n<\/div>\n<div class=\"story-embeded story-twitter noreadme-audima\">\n<div>\n<div class=\"twitter-tweet twitter-tweet-rendered\"><\/div>\n<\/div>\n<\/div>\n<h2 class=\"\">Formaciones iniciales<\/h2>\n<p><b>Atl\u00e9tico Mineiro<\/b>: \u00c9verson; Bruno Fuchs, Rodrigo Battaglia, Junior Alonso; Gustavo Scarpa, Ot\u00e1vio, Alan Franco; Guilherme Arana; Mat\u00edas Saracho; Deyverson y Paualinho.\u00a0<b>DT:\u00a0<\/b>Gabriel Milito.<\/p>\n<div class=\"container undefined\">\n<div class=\"clearfix\">\n<div id=\"caja5\" class=\"notas banner-inner\" data-id=\"caja5\" data-section=\"notas\" data-name=\"caja5\" data-sizes=\"[[320, 100], [300, 100], [300, 50], [300, 250], [728, 90], [320, 50], [468, 60]]\" data-refresh=\"false\"><\/div>\n<\/div>\n<\/div>\n<p><b>San Lorenzo:<\/b>\u00a0Gast\u00f3n G\u00f3mez; Nahuel Arias, Johan Roma\u00f1a, Gast\u00f3n Campi, El\u00edas B\u00e1ez; Nicol\u00e1s Tripichio, Santiago Sosa, Eli\u00e1n Irala, Mat\u00edas Reali; Iv\u00e1n Leguizam\u00f3n y Alexis Cuello.<b>\u00a0DT:\u00a0<\/b>Leandro Romagnoli.<\/p>\n<p><b>Estadio:<\/b>\u00a0Arena do Galo (Brasil).<\/p>\n<p><b>\u00c1rbitro:\u00a0<\/b>Felipe Gonz\u00e1lez (Chile).<\/p>\n<table cellspacing=\"0\">\n<tbody>\n<tr>\n<td class=\"game-time\"><\/td>\n<td class=\"game-t1\"><\/td>\n<td class=\"game-r1\"><\/td>\n<td class=\"game-r2\"><\/td>\n<td class=\"game-t2\"><\/td>\n<td class=\"game-info\"><\/td>\n<\/tr>\n<tr class=\"tituloin\">\n<td colspan=\"6\"><a href=\"https:\/\/www.promiedos.com.ar\/libertadores\"><img decoding=\"async\" src=\"https:\/\/www.promiedos.com.ar\/images\/paises\/mu.png\" \/>\u00a0COPA LIBERTADORES\u00a0<img decoding=\"async\" src=\"https:\/\/www.promiedos.com.ar\/images\/paises\/mu.png\" \/><\/a><\/td>\n<\/tr>\n<tr id=\"choy_35_172\" class=\"choy\">\n<td colspan=\"6\">Ida: Gremio 2 &#8211; 1 Fluminense<\/td>\n<\/tr>\n<tr id=\"35_172\">\n<td id=\"ti_35_172\" class=\"game-fin\">Final<\/td>\n<td class=\"game-t1\"><img decoding=\"async\" src=\"https:\/\/www.promiedos.com.ar\/images\/ps\/brasil.gif\" \/>\u00a0<img decoding=\"async\" src=\"https:\/\/www.promiedos.com.ar\/images\/18\/591.png\" \/><br \/>\n<span id=\"t1_35_172\" class=\"datoequipo\">Fluminense<\/span><\/td>\n<td id=\"resu1_35_172\" class=\"game-r1\">\n<div id=\"roj1_35_172\" class=\"rojas1\"><\/div>\n<p><span id=\"r1_35_172\"><span class=\"pin\">2<\/span><span class=\"pen\">\u00a04<\/span><\/span><\/td>\n<td id=\"resu2_35_172\" class=\"game-r2\">\n<div id=\"roj2_35_172\" class=\"rojas2\"><\/div>\n<p><span id=\"r2_35_172\"><span class=\"pin\">1<\/span><span class=\"pen\">\u00a02<\/span><\/span><\/td>\n<td class=\"game-t1\"><img decoding=\"async\" src=\"https:\/\/www.promiedos.com.ar\/images\/18\/593.png\" \/>\u00a0<img decoding=\"async\" src=\"https:\/\/www.promiedos.com.ar\/images\/ps\/brasil.gif\" \/><br \/>\n<span id=\"t2_35_172\" class=\"datoequipo\">Gremio<\/span><\/td>\n<td id=\"for_35_172\" class=\"game-info\"><\/td>\n<\/tr>\n<tr id=\"gole_35_172\" class=\"goles\">\n<td id=\"g1_35_172\" colspan=\"3\"><i>14&#8242;<\/i>\u00a0T. Silva;\u00a0<i>28&#8242;<\/i>\u00a0J. Arias (pen.);<\/td>\n<td id=\"g2_35_172\" colspan=\"3\"><i>76&#8242;<\/i>\u00a0G. Gomes;<\/td>\n<\/tr>\n<tr id=\"choy_35_158\" class=\"choy\">\n<td colspan=\"6\">Ida: San Lorenzo 1 &#8211; 1 Atl. Mineiro<\/td>\n<\/tr>\n<tr id=\"35_158\">\n<td id=\"ti_35_158\" class=\"game-play\">Final<\/td>\n<td class=\"game-t1\"><img decoding=\"async\" src=\"https:\/\/www.promiedos.com.ar\/images\/ps\/brasil.gif\" \/>\u00a0<img decoding=\"async\" src=\"https:\/\/www.promiedos.com.ar\/images\/18\/583.png\" \/><br \/>\n<span id=\"t1_35_158\" class=\"datoequipo\">Atl. Mineiro<\/span><\/td>\n<td id=\"resu1_35_158\" class=\"game-r1\">\n<div id=\"roj1_35_158\" class=\"rojas1\"><\/div>\n<p><span id=\"r1_35_158\">1<\/span><\/td>\n<td id=\"resu2_35_158\" class=\"game-r2\"><span id=\"r2_35_158\">0<\/span><\/p>\n<div id=\"roj2_35_158\" class=\"rojas2\"><\/div>\n<\/td>\n<td class=\"game-t1\"><img decoding=\"async\" src=\"https:\/\/www.promiedos.com.ar\/images\/18\/19.png\" \/>\u00a0<img decoding=\"async\" src=\"https:\/\/www.promiedos.com.ar\/images\/ps\/argentina.gif\" \/><br \/>\n<span id=\"t2_35_158\" class=\"datoequipo\">San Lorenzo<\/span><\/td>\n<td id=\"for_35_158\" class=\"game-info\"><\/td>\n<\/tr>\n<tr id=\"gole_35_158\" class=\"goles\">\n<td id=\"g1_35_158\" colspan=\"3\"><i>65&#8242;<\/i>\u00a0R. Battaglia;<\/td>\n<td id=\"g2_35_158\" colspan=\"3\"><\/td>\n<\/tr>\n<tr id=\"choy_35_164\" class=\"choy\">\n<td colspan=\"6\">Ida: Colo Colo 1 &#8211; 0 Junior<\/td>\n<\/tr>\n<tr id=\"35_164\">\n<td id=\"ti_35_164\" class=\"game-play\">Final<\/td>\n<td class=\"game-t1\"><img decoding=\"async\" src=\"https:\/\/www.promiedos.com.ar\/images\/ps\/colombia.gif\" \/>\u00a0<img decoding=\"async\" src=\"https:\/\/www.promiedos.com.ar\/images\/18\/739.png\" \/><br \/>\n<span id=\"t1_35_164\" class=\"datoequipo\">Junior<\/span><\/td>\n<td id=\"resu1_35_164\" class=\"game-r1\">\n<div id=\"roj1_35_164\" class=\"rojas1\">\n<div class=\"roja\"><\/div>\n<\/div>\n<p><span id=\"r1_35_164\">1<\/span><\/td>\n<td id=\"resu2_35_164\" class=\"game-r2\"><span id=\"r2_35_164\">2<\/span><\/p>\n<div id=\"roj2_35_164\" class=\"rojas2\"><\/div>\n<\/td>\n<td class=\"game-t1\"><img decoding=\"async\" src=\"https:\/\/www.promiedos.com.ar\/images\/18\/723.png\" \/>\u00a0<img decoding=\"async\" src=\"https:\/\/www.promiedos.com.ar\/images\/ps\/chile.gif\" \/><br \/>\n<span id=\"t2_35_164\" class=\"datoequipo\">Colo Colo<\/span><\/td>\n<td id=\"for_35_164\" class=\"game-info\"><\/td>\n<\/tr>\n<tr id=\"gole_35_164\" class=\"goles\">\n<td id=\"g1_35_164\" colspan=\"3\"><i>45(+1)&#8217;<\/i>\u00a0C. Bacca;<\/td>\n<\/tr>\n<\/tbody>\n<\/table>\n<p><img loading=\"lazy\" decoding=\"async\" class=\"alignnone size-full wp-image-12320 aligncenter\" src=\"https:\/\/www.sportchaco.com.ar\/wp-content\/uploads\/2024\/08\/CHACO-JUEGA-BANNERS-1_200X200-1.gif\" alt=\"\" width=\"200\" height=\"200\" \/><\/p>\n<p>&nbsp;<\/p>\n<\/section>\n<\/div>\n<\/div>\n<\/article>\n<\/div>\n","protected":false},"excerpt":{"rendered":"<p>20-08-2024 San Lorenzo perdi\u00f3 en Brasil y qued\u00f3 eliminado de la Copa Libertadores.\u00a0 Luego del 1 a 1 de local, el Cicl\u00f3n no pudo ante Atl\u00e9tico Mineiro en Belo Horizonte y cay\u00f3 1 a 0. San Lorenzo no pudo con Mineiro y fue eliminado de la Libertadores (Prensa San Lorenzo) 1 San Lorenzo, que hab\u00eda &hellip;<\/p>\n","protected":false},"author":2,"featured_media":12608,"comment_status":"open","ping_status":"open","sticky":false,"template":"","format":"standard","meta":{"footnotes":""},"categories":[6],"tags":[],"class_list":["post-12607","post","type-post","status-publish","format-standard","has-post-thumbnail","hentry","category-internacionales"],"_links":{"self":[{"href":"https:\/\/www.sportchaco.com.ar\/index.php?rest_route=\/wp\/v2\/posts\/12607","targetHints":{"allow":["GET"]}}],"collection":[{"href":"https:\/\/www.sportchaco.com.ar\/index.php?rest_route=\/wp\/v2\/posts"}],"about":[{"href":"https:\/\/www.sportchaco.com.ar\/index.php?rest_route=\/wp\/v2\/types\/post"}],"author":[{"embeddable":true,"href":"https:\/\/www.sportchaco.com.ar\/index.php?rest_route=\/wp\/v2\/users\/2"}],"replies":[{"embeddable":true,"href":"https:\/\/www.sportchaco.com.ar\/index.php?rest_route=%2Fwp%2Fv2%2Fcomments&post=12607"}],"version-history":[{"count":3,"href":"https:\/\/www.sportchaco.com.ar\/index.php?rest_route=\/wp\/v2\/posts\/12607\/revisions"}],"predecessor-version":[{"id":12611,"href":"https:\/\/www.sportchaco.com.ar\/index.php?rest_route=\/wp\/v2\/posts\/12607\/revisions\/12611"}],"wp:featuredmedia":[{"embeddable":true,"href":"https:\/\/www.sportchaco.com.ar\/index.php?rest_route=\/wp\/v2\/media\/12608"}],"wp:attachment":[{"href":"https:\/\/www.sportchaco.com.ar\/index.php?rest_route=%2Fwp%2Fv2%2Fmedia&parent=12607"}],"wp:term":[{"taxonomy":"category","embeddable":true,"href":"https:\/\/www.sportchaco.com.ar\/index.php?rest_route=%2Fwp%2Fv2%2Fcategories&post=12607"},{"taxonomy":"post_tag","embeddable":true,"href":"https:\/\/www.sportchaco.com.ar\/index.php?rest_route=%2Fwp%2Fv2%2Ftags&post=12607"}],"curies":[{"name":"wp","href":"https:\/\/api.w.org\/{rel}","templated":true}]}}