{"id":12615,"date":"2024-08-21T12:27:05","date_gmt":"2024-08-21T15:27:05","guid":{"rendered":"https:\/\/www.sportchaco.com.ar\/?p=12615"},"modified":"2024-08-21T12:47:16","modified_gmt":"2024-08-21T15:47:16","slug":"cultural-de-metio-en-la-final-del-federativo-de-manera-contundente","status":"publish","type":"post","link":"https:\/\/www.sportchaco.com.ar\/?p=12615","title":{"rendered":"Cultural se meti\u00f3 en la final del Federativo de manera contundente"},"content":{"rendered":"<p><strong>21-08-2024<\/strong><\/p>\n<p><img loading=\"lazy\" decoding=\"async\" class=\" wp-image-11990 aligncenter\" src=\"https:\/\/www.sportchaco.com.ar\/wp-content\/uploads\/2024\/07\/Copy-of-CHACO-JUEGA-BANNERS-1_1200X200-1-300x50.gif\" alt=\"\" width=\"342\" height=\"57\" srcset=\"https:\/\/www.sportchaco.com.ar\/wp-content\/uploads\/2024\/07\/Copy-of-CHACO-JUEGA-BANNERS-1_1200X200-1-300x50.gif 300w, https:\/\/www.sportchaco.com.ar\/wp-content\/uploads\/2024\/07\/Copy-of-CHACO-JUEGA-BANNERS-1_1200X200-1-1024x171.gif 1024w, https:\/\/www.sportchaco.com.ar\/wp-content\/uploads\/2024\/07\/Copy-of-CHACO-JUEGA-BANNERS-1_1200X200-1-768x128.gif 768w\" sizes=\"auto, (max-width: 342px) 100vw, 342px\" \/><\/p>\n<p>Con un contundente 6 a 0 sobre Potrero en la revancha que se disput\u00f3 en Juan Jos\u00e9 Castelli y que cerr\u00f3 un global de 8 a 1, Sportivo Cultural se meti\u00f3 en la final del Torneo Federativo y gan\u00f3 la Zona Oeste. El fin de semana el \u201calbiceleste\u201d recibir\u00e1 a Villa Alvear, en el primer juego por el t\u00edtulo. Nahuel Acevedo (2), Gabriel Paz, Jorge Nieva, Rodrigo Aleman y Facundo Soto, los goles.<\/p>\n<p>El conjunto conducido por Ricardo Lazd\u00edn ratific\u00f3 sus intenciones de ir por el tricampeonato y constituirse en el primer equipo en conseguirlo, tras los festejos de 2008 frente a Resistencia Central y de 2016 ante Estudiantes, ambos de la capital provincial. Cabe recordar que el a\u00f1o pasado hab\u00eda clasificado nuevamente, pero qued\u00f3 afuera tras la protesta de El Fort\u00edn de Machagai.<\/p>\n<p>El triunfo por 2 a 1 que los del norte hab\u00edan conseguido hace poco m\u00e1s de dos semanas en Quitilipi, en el juego de ida, allan\u00f3 buena parte del camino para terminar consumando la clasificaci\u00f3n con un andar s\u00f3lido y muchas variantes para derrotar a un Potrero que se fue desdibujando, aunque se despidi\u00f3 tras cumplir una gran campa\u00f1a.<\/p>\n<p>Nahuel Acevedo empez\u00f3 a encaminar la amplia victoria a los 19\u2019 de la primera etapa, y a pesar de que la m\u00ednima ventaja se mantuvo durante todo este per\u00edodo, en el complemento los locales mostraron su mejor versi\u00f3n. El \u201cPela\u201d Paz estir\u00f3 las cifras apenas iniciado esta parte y luego de otra aparici\u00f3n de Acevedo, hicieron su aporte \u201cTito\u201d Nieva, \u201cTuly\u201d Aleman y Facundo Soto para poner cifras definitivas.<\/p>\n<p>En su camino a la final, Sportivo Cultural elimin\u00f3 a Atl\u00e9tico Central de Quitilipi, Sportivo Gancedo, Sportivo de S\u00e1enz Pe\u00f1a y Potrero; mientras que Villa Alvear se deshizo de El Fort\u00edn de Machagai, Municipal de La Leonesa, Don Orione de Barranqueras y Policiales. En principio la primera final se jugar\u00eda el domingo en Juan Jos\u00e9 Castelli, y la revancha una semana despu\u00e9s en Resistencia.<\/p>\n<p><strong>S\u00edntesis<br \/>\n<\/strong><strong>Sp. Cultural 6 (8):<\/strong>\u00a0Ricardo Pallares;\u00a0Maximiliano T\u00e9vez D\u00edaz,\u00a0C\u00e9sar Konrad,\u00a0Franco Grossi y\u00a0Luciano Par\u00e9;\u00a0Daniel Resch,\u00a0Leonardo Rolheiser y Jorge Nieva;\u00a0Nahuel Acevedo,\u00a0Gabriel Paz y\u00a0Facundo Soto.\u00a0<strong>DT:<\/strong>\u00a0Ricardo Lazd\u00edn.<br \/>\n<strong>Potrero 0 (1):<\/strong>\u00a0Fernando Barrientos;\u00a0Rodrigo Flores,\u00a0Lucas Herrera,\u00a0C\u00e9sar Ram\u00edrez y\u00a0Walter Gim\u00e9nez;\u00a0Fernando Marinich,\u00a0Diego Gallardo,\u00a0Lucas Ruiz Gui\u00f1az\u00fa y\u00a0Waldemar Pereira;\u00a0Guillermo Pereira y\u00a0Exequiel Torales.\u00a0<strong>DT:<\/strong>\u00a0Cristian L\u00f3pez.<br \/>\n<strong>Goles:<\/strong> 19\u2019 PT Nahuel Acevedo (SC); 2\u2019 ST Gabriel Paz (SC); 17\u2019 ST Nahuel Acevedo (SC); 26\u2019 ST Jorge Nieva (SC); 34\u2019 ST Rodrigo Aleman (SC); 39\u2019 ST Facundo Soto (SC).<br \/>\n<strong>Cambios:<\/strong>\u00a037\u2019 PT Hugo Portillo por Rodrigo Flores (P); 21\u2019 ST Milton Arga\u00f1araz por Nahuel Acevedo (SC); 21\u2019 ST David Anr\u00edquez por Daniel Resch (SC); 21\u2019 ST Ram\u00f3n Barrios por Gabriel Paz (SC); 34\u2019 ST Roberto Ram\u00edrez por C\u00e9sar Ram\u00edrez (P); 40\u2019 ST Rodrigo Aleman por Jorge Nieva (SC); 40\u2019 ST Samuel Carrasco por Leonardo Rolheiser (SC).<br \/>\n<strong>\u00c1rbitro:<\/strong> Leandro D\u00edaz Doro\u00f1uk.<br \/>\n<strong>Asistentes:<\/strong> Juan M. Gamarra y Diego De Jes\u00fas (todos de la Liga del Nordoeste).<br \/>\n<strong>Estadio:<\/strong> Club Sportivo Cultural (Castelli).<br \/>\n<strong>FUENTE:<\/strong> Anal\u00eda Balderrama (Eco Deportivo).<\/p>\n<p><img loading=\"lazy\" decoding=\"async\" class=\" wp-image-11989 aligncenter\" src=\"https:\/\/www.sportchaco.com.ar\/wp-content\/uploads\/2024\/07\/CHACO-JUEGA-BANNERS-1_1080X1350-1-240x300.gif\" alt=\"\" width=\"292\" height=\"365\" srcset=\"https:\/\/www.sportchaco.com.ar\/wp-content\/uploads\/2024\/07\/CHACO-JUEGA-BANNERS-1_1080X1350-1-240x300.gif 240w, https:\/\/www.sportchaco.com.ar\/wp-content\/uploads\/2024\/07\/CHACO-JUEGA-BANNERS-1_1080X1350-1-819x1024.gif 819w, https:\/\/www.sportchaco.com.ar\/wp-content\/uploads\/2024\/07\/CHACO-JUEGA-BANNERS-1_1080X1350-1-768x960.gif 768w\" sizes=\"auto, (max-width: 292px) 100vw, 292px\" \/><\/p>\n","protected":false},"excerpt":{"rendered":"<p>21-08-2024 Con un contundente 6 a 0 sobre Potrero en la revancha que se disput\u00f3 en Juan Jos\u00e9 Castelli y que cerr\u00f3 un global de 8 a 1, Sportivo Cultural se meti\u00f3 en la final del Torneo Federativo y gan\u00f3 la Zona Oeste. El fin de semana el \u201calbiceleste\u201d recibir\u00e1 a Villa Alvear, en el &hellip;<\/p>\n","protected":false},"author":3,"featured_media":12223,"comment_status":"open","ping_status":"open","sticky":false,"template":"","format":"standard","meta":{"footnotes":""},"categories":[5],"tags":[],"class_list":["post-12615","post","type-post","status-publish","format-standard","has-post-thumbnail","hentry","category-futbol"],"_links":{"self":[{"href":"https:\/\/www.sportchaco.com.ar\/index.php?rest_route=\/wp\/v2\/posts\/12615","targetHints":{"allow":["GET"]}}],"collection":[{"href":"https:\/\/www.sportchaco.com.ar\/index.php?rest_route=\/wp\/v2\/posts"}],"about":[{"href":"https:\/\/www.sportchaco.com.ar\/index.php?rest_route=\/wp\/v2\/types\/post"}],"author":[{"embeddable":true,"href":"https:\/\/www.sportchaco.com.ar\/index.php?rest_route=\/wp\/v2\/users\/3"}],"replies":[{"embeddable":true,"href":"https:\/\/www.sportchaco.com.ar\/index.php?rest_route=%2Fwp%2Fv2%2Fcomments&post=12615"}],"version-history":[{"count":2,"href":"https:\/\/www.sportchaco.com.ar\/index.php?rest_route=\/wp\/v2\/posts\/12615\/revisions"}],"predecessor-version":[{"id":12618,"href":"https:\/\/www.sportchaco.com.ar\/index.php?rest_route=\/wp\/v2\/posts\/12615\/revisions\/12618"}],"wp:featuredmedia":[{"embeddable":true,"href":"https:\/\/www.sportchaco.com.ar\/index.php?rest_route=\/wp\/v2\/media\/12223"}],"wp:attachment":[{"href":"https:\/\/www.sportchaco.com.ar\/index.php?rest_route=%2Fwp%2Fv2%2Fmedia&parent=12615"}],"wp:term":[{"taxonomy":"category","embeddable":true,"href":"https:\/\/www.sportchaco.com.ar\/index.php?rest_route=%2Fwp%2Fv2%2Fcategories&post=12615"},{"taxonomy":"post_tag","embeddable":true,"href":"https:\/\/www.sportchaco.com.ar\/index.php?rest_route=%2Fwp%2Fv2%2Ftags&post=12615"}],"curies":[{"name":"wp","href":"https:\/\/api.w.org\/{rel}","templated":true}]}}