{"id":12625,"date":"2024-08-21T18:20:32","date_gmt":"2024-08-21T21:20:32","guid":{"rendered":"https:\/\/www.sportchaco.com.ar\/?p=12625"},"modified":"2024-08-21T18:20:32","modified_gmt":"2024-08-21T21:20:32","slug":"se-viene-otra-fecha-del-pre-federal-de-basquet","status":"publish","type":"post","link":"https:\/\/www.sportchaco.com.ar\/?p=12625","title":{"rendered":"Se viene otra fecha del Pre-Federal de B\u00e1squet"},"content":{"rendered":"<p><strong>21-08-2024<\/strong><\/p>\n<p><img loading=\"lazy\" decoding=\"async\" class=\" wp-image-9468 aligncenter\" src=\"https:\/\/www.sportchaco.com.ar\/wp-content\/uploads\/2024\/05\/Nachec-728x90-2-300x37.gif\" alt=\"\" width=\"405\" height=\"50\" \/><\/p>\n<p>Durante el fin de semana se llevar\u00e1 a cabo la 3\u00aa fecha, de las zonas A y B, del campeonato Pre-Federal de B\u00e1squet que organiza la Federaci\u00f3n Chaque\u00f1a.<\/p>\n<p>En el grupo A, la fecha se jugar\u00e1 de manera \u00edntegra el viernes 23; mientras que en la zona B, tendr\u00e1 actividad los d\u00edas viernes y s\u00e1bado.<\/p>\n<p><strong>Zona A<br \/>\nTODA LA 3\u00aa FECHA\u00a0<\/strong><br \/>\n<strong>Viernes 23-08<br \/>\n<\/strong>A las 21:30, Don Bosco \u2013 Alvear<br \/>\nA las 22, Acci\u00f3n \u2013 Don Orione<br \/>\nA las 22, Italiana \u2013 Villa San Mart\u00edn<br \/>\n<strong>Libre:<\/strong>\u00a0H\u00e9rcules<\/p>\n<p><strong>POSICIONES<\/strong><br \/>\nAlvear 4<br \/>\nH\u00e9rcules 4<br \/>\nDon Orione 3<br \/>\nVilla San Mart\u00edn 2<br \/>\nItaliana 2<br \/>\nAcci\u00f3n 2<br \/>\nDon Bosco 1<\/p>\n<p>&nbsp;<\/p>\n<p><strong>Zona B<br \/>\nTODA LA 3\u00aa FECHA<br \/>\nViernes 23-08<\/strong><br \/>\nA las 22, Espa\u00f1ola \u2013 CUNE<br \/>\nA las 22, JUVA \u2013 Hind\u00fa Club<\/p>\n<p><strong>S\u00e1bado 24-08<\/strong><br \/>\nA las 21, Regatas Resistencia \u2013 Cultural<br \/>\n<strong>Libre:<\/strong> Pinedo Central<\/p>\n<p><strong>POSICIONES<\/strong><br \/>\nHind\u00fa Club 4<br \/>\nCultural 4<br \/>\nPinedo Central 3<br \/>\nRegatas Resistencia 2<br \/>\nEspa\u00f1ola 2<br \/>\nJUVA 2<br \/>\nCUNE 1<\/p>\n<p><img loading=\"lazy\" decoding=\"async\" class=\" wp-image-9671 aligncenter\" src=\"https:\/\/www.sportchaco.com.ar\/wp-content\/uploads\/2024\/05\/Nachec1-200x200-1.gif\" alt=\"\" width=\"284\" height=\"284\" \/><\/p>\n","protected":false},"excerpt":{"rendered":"<p>21-08-2024 Durante el fin de semana se llevar\u00e1 a cabo la 3\u00aa fecha, de las zonas A y B, del campeonato Pre-Federal de B\u00e1squet que organiza la Federaci\u00f3n Chaque\u00f1a. En el grupo A, la fecha se jugar\u00e1 de manera \u00edntegra el viernes 23; mientras que en la zona B, tendr\u00e1 actividad los d\u00edas viernes y &hellip;<\/p>\n","protected":false},"author":3,"featured_media":12248,"comment_status":"open","ping_status":"open","sticky":false,"template":"","format":"standard","meta":{"footnotes":""},"categories":[3],"tags":[],"class_list":["post-12625","post","type-post","status-publish","format-standard","has-post-thumbnail","hentry","category-basquetbol"],"_links":{"self":[{"href":"https:\/\/www.sportchaco.com.ar\/index.php?rest_route=\/wp\/v2\/posts\/12625","targetHints":{"allow":["GET"]}}],"collection":[{"href":"https:\/\/www.sportchaco.com.ar\/index.php?rest_route=\/wp\/v2\/posts"}],"about":[{"href":"https:\/\/www.sportchaco.com.ar\/index.php?rest_route=\/wp\/v2\/types\/post"}],"author":[{"embeddable":true,"href":"https:\/\/www.sportchaco.com.ar\/index.php?rest_route=\/wp\/v2\/users\/3"}],"replies":[{"embeddable":true,"href":"https:\/\/www.sportchaco.com.ar\/index.php?rest_route=%2Fwp%2Fv2%2Fcomments&post=12625"}],"version-history":[{"count":1,"href":"https:\/\/www.sportchaco.com.ar\/index.php?rest_route=\/wp\/v2\/posts\/12625\/revisions"}],"predecessor-version":[{"id":12626,"href":"https:\/\/www.sportchaco.com.ar\/index.php?rest_route=\/wp\/v2\/posts\/12625\/revisions\/12626"}],"wp:featuredmedia":[{"embeddable":true,"href":"https:\/\/www.sportchaco.com.ar\/index.php?rest_route=\/wp\/v2\/media\/12248"}],"wp:attachment":[{"href":"https:\/\/www.sportchaco.com.ar\/index.php?rest_route=%2Fwp%2Fv2%2Fmedia&parent=12625"}],"wp:term":[{"taxonomy":"category","embeddable":true,"href":"https:\/\/www.sportchaco.com.ar\/index.php?rest_route=%2Fwp%2Fv2%2Fcategories&post=12625"},{"taxonomy":"post_tag","embeddable":true,"href":"https:\/\/www.sportchaco.com.ar\/index.php?rest_route=%2Fwp%2Fv2%2Ftags&post=12625"}],"curies":[{"name":"wp","href":"https:\/\/api.w.org\/{rel}","templated":true}]}}