{"id":12627,"date":"2024-08-21T19:09:38","date_gmt":"2024-08-21T22:09:38","guid":{"rendered":"https:\/\/www.sportchaco.com.ar\/?p=12627"},"modified":"2024-08-21T19:09:38","modified_gmt":"2024-08-21T22:09:38","slug":"la-sexta-del-zonal-tendra-en-juego-el-gran-premio-luis-landriscina","status":"publish","type":"post","link":"https:\/\/www.sportchaco.com.ar\/?p=12627","title":{"rendered":"La sexta del Zonal tendr\u00e1 en juego el gran premio \u00abLuis Landriscina\u00bb"},"content":{"rendered":"<p><strong>21-08-2024<\/strong><\/p>\n<p><img loading=\"lazy\" decoding=\"async\" class=\" wp-image-11681 aligncenter\" src=\"https:\/\/www.sportchaco.com.ar\/wp-content\/uploads\/2024\/07\/CHACO-JUEGA-BANNERS-1_320X50-1-300x47.gif\" alt=\"\" width=\"479\" height=\"75\" \/><\/p>\n<p>Cuando el 31 de agosto y 1 de septiembre se cumpla con la sexta fecha del Campeonato Zonal de Automovilismo en Villa \u00c1ngela, estar\u00e1 en juego el Gran Premio \u00abDon Luis Landriscina\u00bb para las competencias de la Clase 1, Clase 2 y TC Chaque\u00f1o, seg\u00fan se anunci\u00f3 desde la Federaci\u00f3n Chaque\u00f1a de Automovilismo Deportivo.<\/p>\n<p>El calendario tuerca volver\u00e1 al circuito \u00abJos\u00e9 Froil\u00e1n Gonz\u00e1lez\u00bb, donde ya se hab\u00eda presentado en la primera y cuarta jornada. Desde el Club Alvear, encargado de la organizaci\u00f3n, se han iniciado los trabajos en el predio ubicado en las afueras de la ciudad, donde la preparaci\u00f3n del trazado estar\u00e1 una vez m\u00e1s a cargo de Vialidad Provincial.<\/p>\n<p>La propuesta para rendir homenaje al legendario escritor y humorista Luis Landriscina surgi\u00f3 del propio intendente Adalberto Papp, quien desde el Municipio volvi\u00f3 a comprometer todo el acompa\u00f1amiento para que la doble jornada pueda desarrollarse con el \u00e9xito que se espera.<\/p>\n<p>El Campeonato Zonal viene de realizar las \u00faltimas dos competencias con pilotos invitados, una de ellas en el propio trazado villangelense para la Clase 1, y el otro en la Apich para la Clase 2. En principio queda por definir cu\u00e1ndo ser\u00e1 la prueba con invitados del TC Chaque\u00f1o, aunque estar\u00eda reservada para la s\u00e9ptima u octava fecha en S\u00e1enz Pe\u00f1a o Charata.<\/p>\n<p><em><strong>Fuente: Diario NORTE<\/strong><\/em><\/p>\n<p><img loading=\"lazy\" decoding=\"async\" class=\" wp-image-11989 aligncenter\" src=\"https:\/\/www.sportchaco.com.ar\/wp-content\/uploads\/2024\/07\/CHACO-JUEGA-BANNERS-1_1080X1350-1-240x300.gif\" alt=\"\" width=\"309\" height=\"386\" srcset=\"https:\/\/www.sportchaco.com.ar\/wp-content\/uploads\/2024\/07\/CHACO-JUEGA-BANNERS-1_1080X1350-1-240x300.gif 240w, https:\/\/www.sportchaco.com.ar\/wp-content\/uploads\/2024\/07\/CHACO-JUEGA-BANNERS-1_1080X1350-1-819x1024.gif 819w, https:\/\/www.sportchaco.com.ar\/wp-content\/uploads\/2024\/07\/CHACO-JUEGA-BANNERS-1_1080X1350-1-768x960.gif 768w\" sizes=\"auto, (max-width: 309px) 100vw, 309px\" \/><\/p>\n","protected":false},"excerpt":{"rendered":"<p>21-08-2024 Cuando el 31 de agosto y 1 de septiembre se cumpla con la sexta fecha del Campeonato Zonal de Automovilismo en Villa \u00c1ngela, estar\u00e1 en juego el Gran Premio \u00abDon Luis Landriscina\u00bb para las competencias de la Clase 1, Clase 2 y TC Chaque\u00f1o, seg\u00fan se anunci\u00f3 desde la Federaci\u00f3n Chaque\u00f1a de Automovilismo Deportivo. &hellip;<\/p>\n","protected":false},"author":3,"featured_media":12628,"comment_status":"open","ping_status":"open","sticky":false,"template":"","format":"standard","meta":{"footnotes":""},"categories":[2],"tags":[],"class_list":["post-12627","post","type-post","status-publish","format-standard","has-post-thumbnail","hentry","category-automovilismo"],"_links":{"self":[{"href":"https:\/\/www.sportchaco.com.ar\/index.php?rest_route=\/wp\/v2\/posts\/12627","targetHints":{"allow":["GET"]}}],"collection":[{"href":"https:\/\/www.sportchaco.com.ar\/index.php?rest_route=\/wp\/v2\/posts"}],"about":[{"href":"https:\/\/www.sportchaco.com.ar\/index.php?rest_route=\/wp\/v2\/types\/post"}],"author":[{"embeddable":true,"href":"https:\/\/www.sportchaco.com.ar\/index.php?rest_route=\/wp\/v2\/users\/3"}],"replies":[{"embeddable":true,"href":"https:\/\/www.sportchaco.com.ar\/index.php?rest_route=%2Fwp%2Fv2%2Fcomments&post=12627"}],"version-history":[{"count":1,"href":"https:\/\/www.sportchaco.com.ar\/index.php?rest_route=\/wp\/v2\/posts\/12627\/revisions"}],"predecessor-version":[{"id":12629,"href":"https:\/\/www.sportchaco.com.ar\/index.php?rest_route=\/wp\/v2\/posts\/12627\/revisions\/12629"}],"wp:featuredmedia":[{"embeddable":true,"href":"https:\/\/www.sportchaco.com.ar\/index.php?rest_route=\/wp\/v2\/media\/12628"}],"wp:attachment":[{"href":"https:\/\/www.sportchaco.com.ar\/index.php?rest_route=%2Fwp%2Fv2%2Fmedia&parent=12627"}],"wp:term":[{"taxonomy":"category","embeddable":true,"href":"https:\/\/www.sportchaco.com.ar\/index.php?rest_route=%2Fwp%2Fv2%2Fcategories&post=12627"},{"taxonomy":"post_tag","embeddable":true,"href":"https:\/\/www.sportchaco.com.ar\/index.php?rest_route=%2Fwp%2Fv2%2Ftags&post=12627"}],"curies":[{"name":"wp","href":"https:\/\/api.w.org\/{rel}","templated":true}]}}