{"id":12630,"date":"2024-08-21T23:33:40","date_gmt":"2024-08-22T02:33:40","guid":{"rendered":"https:\/\/www.sportchaco.com.ar\/?p=12630"},"modified":"2025-08-21T22:44:00","modified_gmt":"2025-08-22T01:44:00","slug":"12630","status":"publish","type":"post","link":"https:\/\/www.sportchaco.com.ar\/?p=12630","title":{"rendered":"Efem\u00e9rides del 22 de agosto"},"content":{"rendered":"<h5><strong>Esta es la Efem\u00e9rides del Deporte en el Chaco de un 22 de agosto periodista Luis Dar\u00edo Molodezky.<\/strong><\/h5>\n<p><strong>\u00a0<\/strong><\/p>\n<p><img loading=\"lazy\" decoding=\"async\" class=\"alignnone size-medium wp-image-24136 aligncenter\" src=\"https:\/\/www.sportchaco.com.ar\/wp-content\/uploads\/2024\/08\/Luis-Dario-11-08-2025-7-300x208.jpeg\" alt=\"\" width=\"300\" height=\"208\" srcset=\"https:\/\/www.sportchaco.com.ar\/wp-content\/uploads\/2024\/08\/Luis-Dario-11-08-2025-7-300x208.jpeg 300w, https:\/\/www.sportchaco.com.ar\/wp-content\/uploads\/2024\/08\/Luis-Dario-11-08-2025-7-1024x710.jpeg 1024w, https:\/\/www.sportchaco.com.ar\/wp-content\/uploads\/2024\/08\/Luis-Dario-11-08-2025-7-768x532.jpeg 768w, https:\/\/www.sportchaco.com.ar\/wp-content\/uploads\/2024\/08\/Luis-Dario-11-08-2025-7-1536x1065.jpeg 1536w, https:\/\/www.sportchaco.com.ar\/wp-content\/uploads\/2024\/08\/Luis-Dario-11-08-2025-7.jpeg 1600w\" sizes=\"auto, (max-width: 300px) 100vw, 300px\" \/><\/p>\n<p><strong>1926 \/<\/strong> Nace en Balnearia, C\u00f3rdoba, muy cerca de San Francisco, Conrado C\u00e9sar Giuliano. A los 42 a\u00f1os sufri\u00f3 un infarto que lo oblig\u00f3 a dejar todas sus pasiones deportivas como el f\u00fatbol, b\u00e1squet, boxeo, deportes motores y se inclin\u00f3 por la pesca. Siendo socio vitalicio del Club N\u00e1utico Barranqueras, tom\u00f3 la posta asumi\u00f3 la presidencia de La Federaci\u00f3n Chaque\u00f1a de Pesca y luego de la Confederaci\u00f3n Argentina de Pesca. Giuliano incursion\u00f3 en radio y televisi\u00f3n, con el objeto de difundir los secretos de la pesca. Fue fundador y primer presidente de la Asociaci\u00f3n Chaque\u00f1a de Motociclismo<\/p>\n<p><img loading=\"lazy\" decoding=\"async\" class=\"alignnone size-medium wp-image-24137 aligncenter\" src=\"https:\/\/www.sportchaco.com.ar\/wp-content\/uploads\/2024\/08\/Giuliano-lagranja-22-300x229.jpg\" alt=\"\" width=\"300\" height=\"229\" srcset=\"https:\/\/www.sportchaco.com.ar\/wp-content\/uploads\/2024\/08\/Giuliano-lagranja-22-300x229.jpg 300w, https:\/\/www.sportchaco.com.ar\/wp-content\/uploads\/2024\/08\/Giuliano-lagranja-22-1024x782.jpg 1024w, https:\/\/www.sportchaco.com.ar\/wp-content\/uploads\/2024\/08\/Giuliano-lagranja-22-768x586.jpg 768w, https:\/\/www.sportchaco.com.ar\/wp-content\/uploads\/2024\/08\/Giuliano-lagranja-22.jpg 1446w\" sizes=\"auto, (max-width: 300px) 100vw, 300px\" \/><\/p>\n<p><strong>1934 \/<\/strong> Nace en Villa Mar\u00eda, C\u00f3rdoba, Edmundo Duncan Molina, uno de los relatores deportivos hist\u00f3ricos del Chaco junto a su hermano Washington Jorge (Carlos Rodolfo Monti).\u00a0 siendo infante lleg\u00f3 junto a su familia a Resistencia. Jug\u00f3 en Sarmiento y hered\u00f3 de su hermano, la pasi\u00f3n por el relato. \u00a0Fue locutor profesional de una voz muy especial, marcando con \u00e9nfasis cada palabra. En las d\u00e9cadas del 70 y 80 era maestro de ceremonias, manejaba el protocolo con seriedad y presencia.\u00a0 Falleci\u00f3 un 9 de octubre del 2015<\/p>\n<p>.<\/p>\n<p><strong>1945 \/<\/strong> Nace Heriberto \u201cP\u00f3tolo\u201d S\u00e1nchez. Hijo y padre de basquetbolistas, debut\u00f3 a los 17 a\u00f1os en la primera de Villa, y en 1964 jug\u00f3 su primer Argentino de Mayores en Salta. Conform\u00f3 en Villa uno de los equipos hist\u00f3ricos que ganaron 9 campeonato consecutivos, junto a Lutringer, Dosso, Corbal\u00e1n, Bucky Carlen, Valussi. Abraham y Hortt, entre otros. Tuvo un paso fugaz de una temporada por Hind\u00fa Club y Don Orione, logrando en ambos casos el campeonato. Su vida pasaba por el b\u00e1squetbol, por lo que tambi\u00e9n se dedic\u00f3 a la direcci\u00f3n t\u00e9cnica durante varios a\u00f1os. Su humor con permanentes chistes cada vez que entraba a un estadio, era reconocido y festejado por sus amigos. La pesca fue otra pasi\u00f3n, y no se cansaba de mentir con los tama\u00f1os de los peces capturados, haciendo re\u00edr a todos los amigos. Falleci\u00f3 8 de agosto de 2022 a los 76 a\u00f1os.<\/p>\n<p><strong>1950 \/<\/strong> Nace Rub\u00e9n Scordo \u201cmojarrita\u201d, futbolista que jugara en Chaco For Ever entre 1967 y 1974. Integr\u00f3 grandes equipos con Ricardo Roca, Domingo Rotger, Oscar Ayala, Ram\u00f3n Villanueva, Ram\u00f3n Franco, Juan Valent\u00edn Gonz\u00e1lez, Oscar Altamiranda, Carlos Sandoval, Carlos Ebel, Oscar Palavecino entre otros. Falleci\u00f3 el 13 de agosto del 2019 a los 69 a\u00f1os.<\/p>\n<p><strong>1995\/<\/strong> Villa San Mart\u00edn instala el primer piso de parqu\u00e9 en nuestra provincia. Se inaugura con la presencia de dirigentes, socios, jugadores y ex jugadores, bajo la presidencia de Daniel Toledo. Fue un acuerdo con el Ingeniero Melli, en un experimento de secado de la madera de quebracho blanco con la UTN de Resistencia.<\/p>\n<p>&nbsp;<\/p>\n<p>&nbsp;<\/p>\n<p><strong>Foto portada de Edmundo Duncan Molina<\/strong><\/p>\n<p style=\"text-align: center;\"><img loading=\"lazy\" decoding=\"async\" class=\"alignnone size-full wp-image-12320\" src=\"https:\/\/www.sportchaco.com.ar\/wp-content\/uploads\/2024\/08\/CHACO-JUEGA-BANNERS-1_200X200-1.gif\" alt=\"\" width=\"200\" height=\"200\" \/><\/p>\n","protected":false},"excerpt":{"rendered":"<p>Esta es la Efem\u00e9rides del Deporte en el Chaco de un 22 de agosto periodista Luis Dar\u00edo Molodezky. \u00a0 1926 \/ Nace en Balnearia, C\u00f3rdoba, muy cerca de San Francisco, Conrado C\u00e9sar Giuliano. A los 42 a\u00f1os sufri\u00f3 un infarto que lo oblig\u00f3 a dejar todas sus pasiones deportivas como el f\u00fatbol, b\u00e1squet, boxeo, deportes &hellip;<\/p>\n","protected":false},"author":2,"featured_media":24138,"comment_status":"open","ping_status":"open","sticky":false,"template":"","format":"standard","meta":{"footnotes":""},"categories":[38,45],"tags":[],"class_list":["post-12630","post","type-post","status-publish","format-standard","has-post-thumbnail","hentry","category-agosto","category-efemerides-dia-por-dia"],"_links":{"self":[{"href":"https:\/\/www.sportchaco.com.ar\/index.php?rest_route=\/wp\/v2\/posts\/12630","targetHints":{"allow":["GET"]}}],"collection":[{"href":"https:\/\/www.sportchaco.com.ar\/index.php?rest_route=\/wp\/v2\/posts"}],"about":[{"href":"https:\/\/www.sportchaco.com.ar\/index.php?rest_route=\/wp\/v2\/types\/post"}],"author":[{"embeddable":true,"href":"https:\/\/www.sportchaco.com.ar\/index.php?rest_route=\/wp\/v2\/users\/2"}],"replies":[{"embeddable":true,"href":"https:\/\/www.sportchaco.com.ar\/index.php?rest_route=%2Fwp%2Fv2%2Fcomments&post=12630"}],"version-history":[{"count":4,"href":"https:\/\/www.sportchaco.com.ar\/index.php?rest_route=\/wp\/v2\/posts\/12630\/revisions"}],"predecessor-version":[{"id":24139,"href":"https:\/\/www.sportchaco.com.ar\/index.php?rest_route=\/wp\/v2\/posts\/12630\/revisions\/24139"}],"wp:featuredmedia":[{"embeddable":true,"href":"https:\/\/www.sportchaco.com.ar\/index.php?rest_route=\/wp\/v2\/media\/24138"}],"wp:attachment":[{"href":"https:\/\/www.sportchaco.com.ar\/index.php?rest_route=%2Fwp%2Fv2%2Fmedia&parent=12630"}],"wp:term":[{"taxonomy":"category","embeddable":true,"href":"https:\/\/www.sportchaco.com.ar\/index.php?rest_route=%2Fwp%2Fv2%2Fcategories&post=12630"},{"taxonomy":"post_tag","embeddable":true,"href":"https:\/\/www.sportchaco.com.ar\/index.php?rest_route=%2Fwp%2Fv2%2Ftags&post=12630"}],"curies":[{"name":"wp","href":"https:\/\/api.w.org\/{rel}","templated":true}]}}