{"id":12670,"date":"2024-08-23T10:36:07","date_gmt":"2024-08-23T13:36:07","guid":{"rendered":"https:\/\/www.sportchaco.com.ar\/?p=12670"},"modified":"2024-08-23T10:57:37","modified_gmt":"2024-08-23T13:57:37","slug":"deldo-dira-presente-en-paris-en-busca-del-oro-paralimpico","status":"publish","type":"post","link":"https:\/\/www.sportchaco.com.ar\/?p=12670","title":{"rendered":"Deldo dir\u00e1 presente en Par\u00eds en busca del Oro Paral\u00edmpico"},"content":{"rendered":"<p><strong>23-08-2024<\/strong><\/p>\n<p><img loading=\"lazy\" decoding=\"async\" class=\" wp-image-9468 aligncenter\" src=\"https:\/\/www.sportchaco.com.ar\/wp-content\/uploads\/2024\/05\/Nachec-728x90-2-300x37.gif\" alt=\"\" width=\"381\" height=\"47\" \/><\/p>\n<p>Nuevamente el deportista chaque\u00f1o \u00c1ngel Deldo estar\u00e1 presente en una cita paral\u00edmpica, ya que, junto a la Selecci\u00f3n Argentina de futbol para ciegos disputar\u00e1n los Juegos Paral\u00edmpicos de Par\u00eds 2024. Los cuales se desarrollar\u00e1n del 28 de agosto al 8 de septiembre.<\/p>\n<p>Lo cual marcar\u00e1 un hito para el representante de la Fundaci\u00f3n Deportiva Social Chaco (Desocha) porque ser\u00e1 su cuarto evento internacional tras disputar los Juegos Paral\u00edmpicos de Londres 2012, R\u00edo 2016 y Tokio 2020, algo hist\u00f3rico para el deporte chaque\u00f1o.<\/p>\n<p><img loading=\"lazy\" decoding=\"async\" class=\" wp-image-12671 aligncenter\" src=\"https:\/\/www.sportchaco.com.ar\/wp-content\/uploads\/2024\/08\/deldo-a-300x104.jpg\" alt=\"\" width=\"387\" height=\"134\" srcset=\"https:\/\/www.sportchaco.com.ar\/wp-content\/uploads\/2024\/08\/deldo-a-300x104.jpg 300w, https:\/\/www.sportchaco.com.ar\/wp-content\/uploads\/2024\/08\/deldo-a.jpg 720w\" sizes=\"auto, (max-width: 387px) 100vw, 387px\" \/><\/p>\n<p>Con la humildad que caracteriza a Deldo, quien ya supo ser campe\u00f3n del mundo con Los Murci\u00e9lagos, adem\u00e1s de conseguir la Copa Am\u00e9rica, Grand Prix, ser medallista parapanamericano y paral\u00edmpico, ser\u00e1 otra vez el capit\u00e1n del seleccionado nacional.<\/p>\n<p>El oriundo de Barranqueras y de 36 a\u00f1os, que cuenta como siempre con el apoyo de Desocha, buscar\u00e1 conseguir la medalla de Oro Paral\u00edmpico tras haber obtenido la de Bronce en Brasil y la de Plata en Jap\u00f3n para continuar siendo uno de los deportistas m\u00e1s representativos de la historia del deporte chaque\u00f1o.<\/p>\n<p><img loading=\"lazy\" decoding=\"async\" class=\" wp-image-9671 aligncenter\" src=\"https:\/\/www.sportchaco.com.ar\/wp-content\/uploads\/2024\/05\/Nachec1-200x200-1.gif\" alt=\"\" width=\"324\" height=\"324\" \/><\/p>\n","protected":false},"excerpt":{"rendered":"<p>23-08-2024 Nuevamente el deportista chaque\u00f1o \u00c1ngel Deldo estar\u00e1 presente en una cita paral\u00edmpica, ya que, junto a la Selecci\u00f3n Argentina de futbol para ciegos disputar\u00e1n los Juegos Paral\u00edmpicos de Par\u00eds 2024. Los cuales se desarrollar\u00e1n del 28 de agosto al 8 de septiembre. Lo cual marcar\u00e1 un hito para el representante de la Fundaci\u00f3n Deportiva &hellip;<\/p>\n","protected":false},"author":3,"featured_media":12672,"comment_status":"open","ping_status":"open","sticky":false,"template":"","format":"standard","meta":{"footnotes":""},"categories":[5],"tags":[],"class_list":["post-12670","post","type-post","status-publish","format-standard","has-post-thumbnail","hentry","category-futbol"],"_links":{"self":[{"href":"https:\/\/www.sportchaco.com.ar\/index.php?rest_route=\/wp\/v2\/posts\/12670","targetHints":{"allow":["GET"]}}],"collection":[{"href":"https:\/\/www.sportchaco.com.ar\/index.php?rest_route=\/wp\/v2\/posts"}],"about":[{"href":"https:\/\/www.sportchaco.com.ar\/index.php?rest_route=\/wp\/v2\/types\/post"}],"author":[{"embeddable":true,"href":"https:\/\/www.sportchaco.com.ar\/index.php?rest_route=\/wp\/v2\/users\/3"}],"replies":[{"embeddable":true,"href":"https:\/\/www.sportchaco.com.ar\/index.php?rest_route=%2Fwp%2Fv2%2Fcomments&post=12670"}],"version-history":[{"count":2,"href":"https:\/\/www.sportchaco.com.ar\/index.php?rest_route=\/wp\/v2\/posts\/12670\/revisions"}],"predecessor-version":[{"id":12674,"href":"https:\/\/www.sportchaco.com.ar\/index.php?rest_route=\/wp\/v2\/posts\/12670\/revisions\/12674"}],"wp:featuredmedia":[{"embeddable":true,"href":"https:\/\/www.sportchaco.com.ar\/index.php?rest_route=\/wp\/v2\/media\/12672"}],"wp:attachment":[{"href":"https:\/\/www.sportchaco.com.ar\/index.php?rest_route=%2Fwp%2Fv2%2Fmedia&parent=12670"}],"wp:term":[{"taxonomy":"category","embeddable":true,"href":"https:\/\/www.sportchaco.com.ar\/index.php?rest_route=%2Fwp%2Fv2%2Fcategories&post=12670"},{"taxonomy":"post_tag","embeddable":true,"href":"https:\/\/www.sportchaco.com.ar\/index.php?rest_route=%2Fwp%2Fv2%2Ftags&post=12670"}],"curies":[{"name":"wp","href":"https:\/\/api.w.org\/{rel}","templated":true}]}}