{"id":12679,"date":"2024-08-23T18:34:44","date_gmt":"2024-08-23T21:34:44","guid":{"rendered":"https:\/\/www.sportchaco.com.ar\/?p=12679"},"modified":"2024-08-23T18:34:44","modified_gmt":"2024-08-23T21:34:44","slug":"el-club-social-y-deportivo-rio-teuco-continua-haciendo-historia-en-el-futbol-del-norte","status":"publish","type":"post","link":"https:\/\/www.sportchaco.com.ar\/?p=12679","title":{"rendered":"El Club Social y Deportivo R\u00edo Teuco contin\u00faa haciendo historia en el f\u00fatbol del Norte"},"content":{"rendered":"<p><strong>23-08-2024<\/strong><\/p>\n<p><img loading=\"lazy\" decoding=\"async\" class=\" wp-image-11990 aligncenter\" src=\"https:\/\/www.sportchaco.com.ar\/wp-content\/uploads\/2024\/07\/Copy-of-CHACO-JUEGA-BANNERS-1_1200X200-1-300x50.gif\" alt=\"\" width=\"348\" height=\"58\" srcset=\"https:\/\/www.sportchaco.com.ar\/wp-content\/uploads\/2024\/07\/Copy-of-CHACO-JUEGA-BANNERS-1_1200X200-1-300x50.gif 300w, https:\/\/www.sportchaco.com.ar\/wp-content\/uploads\/2024\/07\/Copy-of-CHACO-JUEGA-BANNERS-1_1200X200-1-1024x171.gif 1024w, https:\/\/www.sportchaco.com.ar\/wp-content\/uploads\/2024\/07\/Copy-of-CHACO-JUEGA-BANNERS-1_1200X200-1-768x128.gif 768w\" sizes=\"auto, (max-width: 348px) 100vw, 348px\" \/><\/p>\n<p>El 2023 fue un a\u00f1o de cambios para el Club Social y Deportivo R\u00edo Teuco, principalmente por la asunci\u00f3n de su nuevo presidente, Gustavo Javier Karasiuk, qui\u00e9n comenz\u00f3 con su trabajo en febrero de dicho a\u00f1o.<\/p>\n<p>Asimismo, convoc\u00f3 un gran equipo de trabajo, empezando por conformar el nuevo cuerpo t\u00e9cnico, conformado por Orlando Schulz y su hijo C\u00e9sar, quienes ya hab\u00edan sacado campe\u00f3n a \u201cEl Cacique\u201d en el 2017, quienes ser\u00edan los encargados de dirigir a los equipos de Primera Divisi\u00f3n y Reserva. En la parte de preparaci\u00f3n f\u00edsica, tambi\u00e9n se volvi\u00f3 a repatriar al profesor Miguel Uribe, quien hab\u00eda formado parte del cuerpo t\u00e9cnico campe\u00f3n del 2011.<\/p>\n<p>Gracias a la ardua labor del nuevo cuerpo t\u00e9cnico y al gran trabajo y compromiso de los jugadores, en Primera Divisi\u00f3n \u201cEl Cacique\u201d perdi\u00f3 solo un partido en todo el 2023, siendo a su vez subcampe\u00f3n del Torneo Apertura; adem\u00e1s fue campe\u00f3n invicto del Torneo Clausura y campe\u00f3n del a\u00f1o al derrotar en la S\u00faper Final al Club Belgrano de General San Mart\u00edn. Este incre\u00edble logro le permiti\u00f3 tambi\u00e9n ganarse una plaza para el Torneo Federal Amateur 2024\/2025.<\/p>\n<p>Ya en el comienzo del 2024, con las energ\u00edas y el compromiso renovado a pesar de haber tenido un 2023 m\u00e1s que fruct\u00edfero y con nuevos objetivos por cumplir, el Club Social y Deportivo R\u00edo Teuco volvi\u00f3 a demostrar que es una instituci\u00f3n seria y que est\u00e1 para cosas grandes. Ese mismo a\u00f1o se sum\u00f3 al cuerpo t\u00e9cnico de Primera Divisi\u00f3n y Reserva el profesor Javier Milesi, campe\u00f3n con Teuco en el 2011 y de gran trayectoria en los clubes del Norte Argentino. Tambi\u00e9n es el coordinador de las categor\u00edas infantiles, donde brinda todo su conocimiento y trabaja de muy buena manera para el futuro de la instituci\u00f3n.<\/p>\n<p>En este 2024, la Primera Divisi\u00f3n del Club Social y Deportivo R\u00edo Teuco logr\u00f3 el bicampeonato de la Liga del Norte, al quedarse con el Torneo Apertura hace menos de una semana, nuevamente sin perder ning\u00fan partido. En tanto que la Reserva del \u201cCacique\u201d tambi\u00e9n se encuentra jugando la final del Torneo Apertura.<\/p>\n<p>Consigui\u00f3 un gran triunfo de visitante por 1 a 0 en el partido de ida y este fin de semana buscar\u00e1 quedarse con el campeonato en casa. Por su parte, todas las divisiones inferiores (sub 9, sub 11, sub 13 y sub 15) se encuentran clasificadas a la Fase Final del Torneo de la Liga del Norte.<\/p>\n<p>Otro dato no menor, es que Orlando Fioravanti, de la Comisi\u00f3n del Club Social y Deportivo R\u00edo Teuco, pasar\u00e1 a formar parte de la Comisi\u00f3n Directiva de la Liga del Norte, ya que result\u00f3 electo en la Asamblea Extraordinaria de este a\u00f1o.<\/p>\n<p>Admirables y dignos de resaltar los logros obtenidos por el Club Social y Deportivo R\u00edo Teuco. Su dedicaci\u00f3n, esfuerzo y pasi\u00f3n por el deporte los han llevado a alcanzar metas incre\u00edbles y a posicionarse como uno de los mejores en la Liga del Norte. Cada victoria y cada t\u00edtulo ganado es un testimonio del trabajo arduo y la determinaci\u00f3n de los jugadores, entrenadores y todo el equipo que los rodea. Su esp\u00edritu de lucha y su compromiso con la excelencia son verdaderamente inspiradores y un ejemplo a seguir para todos los amantes del deporte.<\/p>\n<p><img loading=\"lazy\" decoding=\"async\" class=\" wp-image-12652 aligncenter\" src=\"https:\/\/www.sportchaco.com.ar\/wp-content\/uploads\/2024\/08\/CHACO-JUEGA-BANNERS-1_300X600-1-150x300.gif\" alt=\"\" width=\"171\" height=\"342\" \/><\/p>\n","protected":false},"excerpt":{"rendered":"<p>23-08-2024 El 2023 fue un a\u00f1o de cambios para el Club Social y Deportivo R\u00edo Teuco, principalmente por la asunci\u00f3n de su nuevo presidente, Gustavo Javier Karasiuk, qui\u00e9n comenz\u00f3 con su trabajo en febrero de dicho a\u00f1o. Asimismo, convoc\u00f3 un gran equipo de trabajo, empezando por conformar el nuevo cuerpo t\u00e9cnico, conformado por Orlando Schulz &hellip;<\/p>\n","protected":false},"author":3,"featured_media":12682,"comment_status":"open","ping_status":"open","sticky":false,"template":"","format":"standard","meta":{"footnotes":""},"categories":[5],"tags":[],"class_list":["post-12679","post","type-post","status-publish","format-standard","has-post-thumbnail","hentry","category-futbol"],"_links":{"self":[{"href":"https:\/\/www.sportchaco.com.ar\/index.php?rest_route=\/wp\/v2\/posts\/12679","targetHints":{"allow":["GET"]}}],"collection":[{"href":"https:\/\/www.sportchaco.com.ar\/index.php?rest_route=\/wp\/v2\/posts"}],"about":[{"href":"https:\/\/www.sportchaco.com.ar\/index.php?rest_route=\/wp\/v2\/types\/post"}],"author":[{"embeddable":true,"href":"https:\/\/www.sportchaco.com.ar\/index.php?rest_route=\/wp\/v2\/users\/3"}],"replies":[{"embeddable":true,"href":"https:\/\/www.sportchaco.com.ar\/index.php?rest_route=%2Fwp%2Fv2%2Fcomments&post=12679"}],"version-history":[{"count":1,"href":"https:\/\/www.sportchaco.com.ar\/index.php?rest_route=\/wp\/v2\/posts\/12679\/revisions"}],"predecessor-version":[{"id":12681,"href":"https:\/\/www.sportchaco.com.ar\/index.php?rest_route=\/wp\/v2\/posts\/12679\/revisions\/12681"}],"wp:featuredmedia":[{"embeddable":true,"href":"https:\/\/www.sportchaco.com.ar\/index.php?rest_route=\/wp\/v2\/media\/12682"}],"wp:attachment":[{"href":"https:\/\/www.sportchaco.com.ar\/index.php?rest_route=%2Fwp%2Fv2%2Fmedia&parent=12679"}],"wp:term":[{"taxonomy":"category","embeddable":true,"href":"https:\/\/www.sportchaco.com.ar\/index.php?rest_route=%2Fwp%2Fv2%2Fcategories&post=12679"},{"taxonomy":"post_tag","embeddable":true,"href":"https:\/\/www.sportchaco.com.ar\/index.php?rest_route=%2Fwp%2Fv2%2Ftags&post=12679"}],"curies":[{"name":"wp","href":"https:\/\/api.w.org\/{rel}","templated":true}]}}