{"id":12683,"date":"2024-08-23T21:33:56","date_gmt":"2024-08-24T00:33:56","guid":{"rendered":"https:\/\/www.sportchaco.com.ar\/?p=12683"},"modified":"2024-08-23T21:33:56","modified_gmt":"2024-08-24T00:33:56","slug":"pancaldo-define-el-11-para-enfrentar-a-san-telmo","status":"publish","type":"post","link":"https:\/\/www.sportchaco.com.ar\/?p=12683","title":{"rendered":"Pancaldo define el 11 para enfrentar a San Telmo"},"content":{"rendered":"<p><strong>23-08-2024<\/strong><\/p>\n<p><img loading=\"lazy\" decoding=\"async\" class=\" wp-image-11424 aligncenter\" src=\"https:\/\/www.sportchaco.com.ar\/wp-content\/uploads\/2024\/07\/gob-salud-fijo-marzo-300x50.jpg\" alt=\"\" width=\"456\" height=\"76\" srcset=\"https:\/\/www.sportchaco.com.ar\/wp-content\/uploads\/2024\/07\/gob-salud-fijo-marzo-300x50.jpg 300w, https:\/\/www.sportchaco.com.ar\/wp-content\/uploads\/2024\/07\/gob-salud-fijo-marzo-1024x171.jpg 1024w, https:\/\/www.sportchaco.com.ar\/wp-content\/uploads\/2024\/07\/gob-salud-fijo-marzo-768x128.jpg 768w, https:\/\/www.sportchaco.com.ar\/wp-content\/uploads\/2024\/07\/gob-salud-fijo-marzo.jpg 1200w\" sizes=\"auto, (max-width: 456px) 100vw, 456px\" \/><\/p>\n<p>For Ever entren\u00f3 este jueves por la tarde en la previa de lo que ser\u00e1 el partido del fin de semana ante San Telmo v\u00e1lido por la 29\u00aa fecha de la zona B de la Primera Nacional.<\/p>\n<p>El entrenador, Ricardo Pancaldo, hizo pr\u00e1ctica de f\u00fatbol y arm\u00f3 el probable once que saldr\u00e1 a la cancha. En principio habr\u00eda dos cambios con respecto al equipo que perdi\u00f3 el pasado domingo ante San Mart\u00edn en el \u00abgigante\u00bb de la avenida.<\/p>\n<p>Maximiliano Romero retornar\u00eda a la titularidad luego de su sobrecarga en los gemelos en lugar de Javier Iritier y Mathias Silvera ingresar\u00eda por el suspendido David Valdez, con lo cual habr\u00eda rotaci\u00f3n de puestos en algunos jugadores.<\/p>\n<p>Agust\u00edn Bellone se adelantar\u00eda a la mitad de cancha para hacer la banda por derecha y Santiago Valenzuela se cerrar\u00eda para jugar de doble cinco.<\/p>\n<p>En consecuencia el equipo que prob\u00f3 el DT ser\u00eda con Gast\u00f3n Canuto; Maximiliano Romero, Milton Leyendeker, Mathias Silvera y Luciano Lapetina; Agust\u00edn Bellone, Brian Nievas, Santiago Valenzuela y Franco Perinciolo; Imanol Enr\u00edquez y Jonathan Dellarossa.<\/p>\n<p>El \u00abnegro\u00bb volver\u00e1 a entrenarse este s\u00e1bado por la ma\u00f1ana y luego quedar\u00e1 concentrado de cara al partido del d\u00eda domingo en el \u00abJuan Alberto Garc\u00eda\u00bb.<\/p>\n<p><img loading=\"lazy\" decoding=\"async\" class=\" wp-image-9489 aligncenter\" src=\"https:\/\/www.sportchaco.com.ar\/wp-content\/uploads\/2024\/05\/gob-sube-marzo-24-2-300x300.jpeg\" alt=\"\" width=\"349\" height=\"349\" srcset=\"https:\/\/www.sportchaco.com.ar\/wp-content\/uploads\/2024\/05\/gob-sube-marzo-24-2-300x300.jpeg 300w, https:\/\/www.sportchaco.com.ar\/wp-content\/uploads\/2024\/05\/gob-sube-marzo-24-2-1024x1024.jpeg 1024w, https:\/\/www.sportchaco.com.ar\/wp-content\/uploads\/2024\/05\/gob-sube-marzo-24-2-150x150.jpeg 150w, https:\/\/www.sportchaco.com.ar\/wp-content\/uploads\/2024\/05\/gob-sube-marzo-24-2-768x768.jpeg 768w, https:\/\/www.sportchaco.com.ar\/wp-content\/uploads\/2024\/05\/gob-sube-marzo-24-2.jpeg 1080w\" sizes=\"auto, (max-width: 349px) 100vw, 349px\" \/><\/p>\n","protected":false},"excerpt":{"rendered":"<p>23-08-2024 For Ever entren\u00f3 este jueves por la tarde en la previa de lo que ser\u00e1 el partido del fin de semana ante San Telmo v\u00e1lido por la 29\u00aa fecha de la zona B de la Primera Nacional. El entrenador, Ricardo Pancaldo, hizo pr\u00e1ctica de f\u00fatbol y arm\u00f3 el probable once que saldr\u00e1 a la &hellip;<\/p>\n","protected":false},"author":3,"featured_media":12684,"comment_status":"open","ping_status":"open","sticky":false,"template":"","format":"standard","meta":{"footnotes":""},"categories":[5],"tags":[],"class_list":["post-12683","post","type-post","status-publish","format-standard","has-post-thumbnail","hentry","category-futbol"],"_links":{"self":[{"href":"https:\/\/www.sportchaco.com.ar\/index.php?rest_route=\/wp\/v2\/posts\/12683","targetHints":{"allow":["GET"]}}],"collection":[{"href":"https:\/\/www.sportchaco.com.ar\/index.php?rest_route=\/wp\/v2\/posts"}],"about":[{"href":"https:\/\/www.sportchaco.com.ar\/index.php?rest_route=\/wp\/v2\/types\/post"}],"author":[{"embeddable":true,"href":"https:\/\/www.sportchaco.com.ar\/index.php?rest_route=\/wp\/v2\/users\/3"}],"replies":[{"embeddable":true,"href":"https:\/\/www.sportchaco.com.ar\/index.php?rest_route=%2Fwp%2Fv2%2Fcomments&post=12683"}],"version-history":[{"count":1,"href":"https:\/\/www.sportchaco.com.ar\/index.php?rest_route=\/wp\/v2\/posts\/12683\/revisions"}],"predecessor-version":[{"id":12685,"href":"https:\/\/www.sportchaco.com.ar\/index.php?rest_route=\/wp\/v2\/posts\/12683\/revisions\/12685"}],"wp:featuredmedia":[{"embeddable":true,"href":"https:\/\/www.sportchaco.com.ar\/index.php?rest_route=\/wp\/v2\/media\/12684"}],"wp:attachment":[{"href":"https:\/\/www.sportchaco.com.ar\/index.php?rest_route=%2Fwp%2Fv2%2Fmedia&parent=12683"}],"wp:term":[{"taxonomy":"category","embeddable":true,"href":"https:\/\/www.sportchaco.com.ar\/index.php?rest_route=%2Fwp%2Fv2%2Fcategories&post=12683"},{"taxonomy":"post_tag","embeddable":true,"href":"https:\/\/www.sportchaco.com.ar\/index.php?rest_route=%2Fwp%2Fv2%2Ftags&post=12683"}],"curies":[{"name":"wp","href":"https:\/\/api.w.org\/{rel}","templated":true}]}}