{"id":12690,"date":"2024-08-24T09:47:55","date_gmt":"2024-08-24T12:47:55","guid":{"rendered":"https:\/\/www.sportchaco.com.ar\/?p=12690"},"modified":"2024-08-26T12:50:06","modified_gmt":"2024-08-26T15:50:06","slug":"alvear-villa-accion-hindu-y-espanola-abriron-la-fecha-ganando","status":"publish","type":"post","link":"https:\/\/www.sportchaco.com.ar\/?p=12690","title":{"rendered":"Alvear, Villa, Acci\u00f3n, Hind\u00fa y Espa\u00f1ola abriron la fecha ganando"},"content":{"rendered":"<p><strong>24-08-2024<\/strong><\/p>\n<p><img loading=\"lazy\" decoding=\"async\" class=\" wp-image-11424 aligncenter\" src=\"https:\/\/www.sportchaco.com.ar\/wp-content\/uploads\/2024\/07\/gob-salud-fijo-marzo-300x50.jpg\" sizes=\"auto, (max-width: 384px) 100vw, 384px\" srcset=\"https:\/\/www.sportchaco.com.ar\/wp-content\/uploads\/2024\/07\/gob-salud-fijo-marzo-300x50.jpg 300w, https:\/\/www.sportchaco.com.ar\/wp-content\/uploads\/2024\/07\/gob-salud-fijo-marzo-1024x171.jpg 1024w, https:\/\/www.sportchaco.com.ar\/wp-content\/uploads\/2024\/07\/gob-salud-fijo-marzo-768x128.jpg 768w, https:\/\/www.sportchaco.com.ar\/wp-content\/uploads\/2024\/07\/gob-salud-fijo-marzo.jpg 1200w\" alt=\"\" width=\"384\" height=\"64\" \/><\/p>\n<p>Este viernes arranc\u00f3 la 3\u00aa fecha del Pre-Federal de B\u00e1squet, donde la zona A se desarroll\u00f3 de manera \u00edntegra y dej\u00f3 a Alvear de Villa \u00c1ngela como \u00fanico l\u00edder del grupo tras ganarle a Don Bosco de visitante, aprovechando adem\u00e1s, la fecha libre de H\u00e9rcules de Charata.<\/p>\n<p>Mientras que en la zona B, Hind\u00fa sigue marcando el ritmo y consigui\u00f3 su tercera victoria tras superar a JUVA de visitante. Quien podr\u00eda alcanzar al \u00abb\u00f3lido verde\u00bb en lo m\u00e1s alto es Cultural que visita este s\u00e1bado a Regatas Resistencia para cerrar la fecha.<\/p>\n<p><strong>Zona A<br \/>\nTODA LA 3\u00aa FECHA\u00a0<\/strong><br \/>\n<strong>Viernes 23-08<br \/>\n<\/strong>Don Bosco 65 \u2013 Alvear 82<br \/>\nAcci\u00f3n 92 \u2013 Don Orione 78<br \/>\nItaliana 60 \u2013 Villa San Mart\u00edn 94<br \/>\n<strong>Libre:<\/strong>\u00a0H\u00e9rcules<\/p>\n<p><strong>POSICIONES<\/strong><br \/>\nAlvear 6<br \/>\nH\u00e9rcules 4<br \/>\nDon Orione 4<br \/>\nVilla San Mart\u00edn 4<br \/>\nAcci\u00f3n 4<br \/>\nItaliana 3<br \/>\nDon Bosco 2<\/p>\n<p>&nbsp;<\/p>\n<p><strong>Zona B<br \/>\nTODA LA 3\u00aa FECHA<br \/>\nViernes 23-08<\/strong><br \/>\nEspa\u00f1ola (62) 71 \u2013 CUNE (62) 67<br \/>\nJUVA 51 \u2013 Hind\u00fa Club 89<\/p>\n<p><strong>S\u00e1bado 24-08<\/strong><br \/>\nA las 21, Regatas Resistencia \u2013 Cultural<br \/>\n<strong>Libre:<\/strong>\u00a0Pinedo Central<\/p>\n<p><strong>POSICIONES<\/strong><br \/>\nHind\u00fa Club 6<br \/>\nCultural 5<br \/>\nEspa\u00f1ola 4<br \/>\nRegatas Resistencia 4<br \/>\nPinedo Central 3<br \/>\nJUVA 3<br \/>\nCUNE 2<\/p>\n<p><img loading=\"lazy\" decoding=\"async\" class=\" wp-image-9671 aligncenter\" src=\"https:\/\/www.sportchaco.com.ar\/wp-content\/uploads\/2024\/05\/Nachec1-200x200-1.gif\" alt=\"\" width=\"284\" height=\"284\" \/><\/p>\n","protected":false},"excerpt":{"rendered":"<p>24-08-2024 Este viernes arranc\u00f3 la 3\u00aa fecha del Pre-Federal de B\u00e1squet, donde la zona A se desarroll\u00f3 de manera \u00edntegra y dej\u00f3 a Alvear de Villa \u00c1ngela como \u00fanico l\u00edder del grupo tras ganarle a Don Bosco de visitante, aprovechando adem\u00e1s, la fecha libre de H\u00e9rcules de Charata. Mientras que en la zona B, Hind\u00fa &hellip;<\/p>\n","protected":false},"author":3,"featured_media":12691,"comment_status":"open","ping_status":"open","sticky":false,"template":"","format":"standard","meta":{"footnotes":""},"categories":[3],"tags":[],"class_list":["post-12690","post","type-post","status-publish","format-standard","has-post-thumbnail","hentry","category-basquetbol"],"_links":{"self":[{"href":"https:\/\/www.sportchaco.com.ar\/index.php?rest_route=\/wp\/v2\/posts\/12690","targetHints":{"allow":["GET"]}}],"collection":[{"href":"https:\/\/www.sportchaco.com.ar\/index.php?rest_route=\/wp\/v2\/posts"}],"about":[{"href":"https:\/\/www.sportchaco.com.ar\/index.php?rest_route=\/wp\/v2\/types\/post"}],"author":[{"embeddable":true,"href":"https:\/\/www.sportchaco.com.ar\/index.php?rest_route=\/wp\/v2\/users\/3"}],"replies":[{"embeddable":true,"href":"https:\/\/www.sportchaco.com.ar\/index.php?rest_route=%2Fwp%2Fv2%2Fcomments&post=12690"}],"version-history":[{"count":2,"href":"https:\/\/www.sportchaco.com.ar\/index.php?rest_route=\/wp\/v2\/posts\/12690\/revisions"}],"predecessor-version":[{"id":12745,"href":"https:\/\/www.sportchaco.com.ar\/index.php?rest_route=\/wp\/v2\/posts\/12690\/revisions\/12745"}],"wp:featuredmedia":[{"embeddable":true,"href":"https:\/\/www.sportchaco.com.ar\/index.php?rest_route=\/wp\/v2\/media\/12691"}],"wp:attachment":[{"href":"https:\/\/www.sportchaco.com.ar\/index.php?rest_route=%2Fwp%2Fv2%2Fmedia&parent=12690"}],"wp:term":[{"taxonomy":"category","embeddable":true,"href":"https:\/\/www.sportchaco.com.ar\/index.php?rest_route=%2Fwp%2Fv2%2Fcategories&post=12690"},{"taxonomy":"post_tag","embeddable":true,"href":"https:\/\/www.sportchaco.com.ar\/index.php?rest_route=%2Fwp%2Fv2%2Ftags&post=12690"}],"curies":[{"name":"wp","href":"https:\/\/api.w.org\/{rel}","templated":true}]}}