{"id":12709,"date":"2024-08-24T22:31:05","date_gmt":"2024-08-25T01:31:05","guid":{"rendered":"https:\/\/www.sportchaco.com.ar\/?p=12709"},"modified":"2024-08-24T22:31:05","modified_gmt":"2024-08-25T01:31:05","slug":"efemerides-del-25-de-agosto","status":"publish","type":"post","link":"https:\/\/www.sportchaco.com.ar\/?p=12709","title":{"rendered":"Efem\u00e9rides del 25 de agosto"},"content":{"rendered":"<p><strong>Esta es la Efem\u00e9rides del Deporte en el Chaco de un 25 de agosto periodista Luis Dar\u00edo Molodezky.<\/strong><\/p>\n<p><strong>\u00a0<\/strong><\/p>\n<p><strong> <img loading=\"lazy\" decoding=\"async\" class=\"alignnone size-medium wp-image-12604\" src=\"https:\/\/www.sportchaco.com.ar\/wp-content\/uploads\/2024\/08\/Molodezky-Luis-11-05-24-1-300x225.jpg\" alt=\"\" width=\"300\" height=\"225\" srcset=\"https:\/\/www.sportchaco.com.ar\/wp-content\/uploads\/2024\/08\/Molodezky-Luis-11-05-24-1-300x225.jpg 300w, https:\/\/www.sportchaco.com.ar\/wp-content\/uploads\/2024\/08\/Molodezky-Luis-11-05-24-1-1024x768.jpg 1024w, https:\/\/www.sportchaco.com.ar\/wp-content\/uploads\/2024\/08\/Molodezky-Luis-11-05-24-1-768x576.jpg 768w, https:\/\/www.sportchaco.com.ar\/wp-content\/uploads\/2024\/08\/Molodezky-Luis-11-05-24-1-1536x1153.jpg 1536w, https:\/\/www.sportchaco.com.ar\/wp-content\/uploads\/2024\/08\/Molodezky-Luis-11-05-24-1.jpg 1599w\" sizes=\"auto, (max-width: 300px) 100vw, 300px\" \/><\/strong><\/p>\n<p><strong>\u00a0<\/strong><\/p>\n<p><strong>1936 <\/strong>\/ Cinco pedalistas fueron suspendidos por dos fechas por la Federaci\u00f3n Ciclista del Chaco, porque se negaron a correr una competencia programada por el Petit Breton, por entender que los premios eran de escasa importancia. Tras la alocuci\u00f3n del presidente del Octavio Bottechia, fueron sancionados por unanimidad Germinal Leiva, Atanasio Osuna, Rino Montragner, Belardo Gallardone y Rodolfo Maciel.<\/p>\n<p><strong>1968 <\/strong>\/ Primera graduaci\u00f3n de yudocas en el Chaco, con el instructor profesor Hugo Figueroa. Luego de 10 meses de preparaci\u00f3n se graduaron los primeros cinturones: Jorge Ferreyra y Jos\u00e9 Niveiro, cintur\u00f3n celeste; Gustavo Joffr\u00e9, Eduardo Porfirio, Rub\u00e9n Sidicaro, Jos\u00e9 Joffr\u00e9, Miguel Mover, H\u00e9ctor Sedr\u00e1n, Jorge D\u00edaz Garc\u00eda, Juan L\u00f3pez y Luis Gonz\u00e1lez, todos cinturones amarillos 5\u00ba Kiu.<\/p>\n<p><strong>1984 <\/strong>\/ El equipo de la Federaci\u00f3n Chaque\u00f1a de Caza se impone en el Torneo Nacional de Tiro a la Torcaza, disputado en San Luis. En individuales Chaco ocupa los tres primeros lugares: Luis Enrique Casta\u00f1o, Jorge Rito Sosa y \u00c1ngel Silvestrini.<\/p>\n<p><strong>2010 \/<\/strong> Falleci\u00f3 V\u00edctor Roberto \u201cCacho\u201d Beignier, uno de los primeros fot\u00f3grafos de diario Norte. Form\u00f3 parte de una generaci\u00f3n de fot\u00f3grafos que aprendi\u00f3 y conoci\u00f3 los secretos del blanco y negro, con el revelado manual. Fue adem\u00e1s maestro y amigo de los nuevos fot\u00f3grafos. \u00a0A principios del 70 ya era un profesional reconocido en el mundo period\u00edstico en particular y de la fotograf\u00eda en general, siendo testigo de hechos la historia del Chaco, como la muerte de V\u00edctor S\u00e1nchez, y fue uno de los primeros en llegar a la ruta Nicol\u00e1s Avellaneda. M\u00e1s adelante, en el recordado asalto al banco de Villa \u00c1ngela, permaneci\u00f3 varios d\u00edas en el monte chaque\u00f1o. \u00a0En fotograf\u00edas de deportes era tambi\u00e9n una autoridad. Recorri\u00f3 buena parte del pa\u00eds acompa\u00f1ando las campa\u00f1as de los equipos chaque\u00f1os o en los campeonatos argentinos de b\u00e1squetbol, siendo el pionero en el env\u00edo de telefotos. Supo de la violencia generada en el f\u00fatbol, cuando un ladrillazo en la cancha de Regional le arranc\u00f3 tres piezas dentarias. Hab\u00eda nacido el 4 de julio de 1945.<\/p>\n<p>2013 \/ Aprendices Chaque\u00f1os de S\u00e1enz Pe\u00f1a (foto portada), se consagr\u00f3 campe\u00f3n del Torneo Provincial organizado por la Federaci\u00f3n Chaque\u00f1a de F\u00fatbol. Pese, pese a perder 2 a 1 ante Don Orione en Barranqueras, logr\u00f3 el t\u00edtulo ya que hab\u00eda ganado en la ida 4 a 1, cerrando un global de 5 a 3. As\u00ed Aprendices consigui\u00f3 tambi\u00e9n la clasificaci\u00f3n para el Torneo del Interior y la Copa Chaco. El plantel estuvo integrado por Walter Hoyos, Cristian Cardozo, Edgardo Gim\u00e9nez, Gabriel Far\u00edas, David Goy, Guido Loto, Javier Bonfanti, Maximiliano L\u00f3pez y Sebasti\u00e1n Santoro. Silvio Coronel, Manuel S\u00e1ez, Fabi\u00e1n Roskos, Braian Garc\u00eda, Daniel Acosta, Alejandro C\u00e1ceres, H\u00e9ctor Brollo y \u00c1ngel Rodr\u00edguez. Carlos Albarrac\u00edn (DT). Carlos Del Valle (PF).<\/p>\n<p>&nbsp;<\/p>\n<p style=\"text-align: center;\"><img loading=\"lazy\" decoding=\"async\" class=\"alignnone size-full wp-image-12653\" src=\"https:\/\/www.sportchaco.com.ar\/wp-content\/uploads\/2024\/08\/CHACO-JUEGA-BANNERS-1_200X200-1-1.gif\" alt=\"\" width=\"200\" height=\"200\" \/><\/p>\n<p>&nbsp;<\/p>\n","protected":false},"excerpt":{"rendered":"<p>Esta es la Efem\u00e9rides del Deporte en el Chaco de un 25 de agosto periodista Luis Dar\u00edo Molodezky. \u00a0 \u00a0 1936 \/ Cinco pedalistas fueron suspendidos por dos fechas por la Federaci\u00f3n Ciclista del Chaco, porque se negaron a correr una competencia programada por el Petit Breton, por entender que los premios eran de escasa &hellip;<\/p>\n","protected":false},"author":2,"featured_media":12711,"comment_status":"open","ping_status":"open","sticky":false,"template":"","format":"standard","meta":{"footnotes":""},"categories":[38,45],"tags":[],"class_list":["post-12709","post","type-post","status-publish","format-standard","has-post-thumbnail","hentry","category-agosto","category-efemerides-dia-por-dia"],"_links":{"self":[{"href":"https:\/\/www.sportchaco.com.ar\/index.php?rest_route=\/wp\/v2\/posts\/12709","targetHints":{"allow":["GET"]}}],"collection":[{"href":"https:\/\/www.sportchaco.com.ar\/index.php?rest_route=\/wp\/v2\/posts"}],"about":[{"href":"https:\/\/www.sportchaco.com.ar\/index.php?rest_route=\/wp\/v2\/types\/post"}],"author":[{"embeddable":true,"href":"https:\/\/www.sportchaco.com.ar\/index.php?rest_route=\/wp\/v2\/users\/2"}],"replies":[{"embeddable":true,"href":"https:\/\/www.sportchaco.com.ar\/index.php?rest_route=%2Fwp%2Fv2%2Fcomments&post=12709"}],"version-history":[{"count":1,"href":"https:\/\/www.sportchaco.com.ar\/index.php?rest_route=\/wp\/v2\/posts\/12709\/revisions"}],"predecessor-version":[{"id":12712,"href":"https:\/\/www.sportchaco.com.ar\/index.php?rest_route=\/wp\/v2\/posts\/12709\/revisions\/12712"}],"wp:featuredmedia":[{"embeddable":true,"href":"https:\/\/www.sportchaco.com.ar\/index.php?rest_route=\/wp\/v2\/media\/12711"}],"wp:attachment":[{"href":"https:\/\/www.sportchaco.com.ar\/index.php?rest_route=%2Fwp%2Fv2%2Fmedia&parent=12709"}],"wp:term":[{"taxonomy":"category","embeddable":true,"href":"https:\/\/www.sportchaco.com.ar\/index.php?rest_route=%2Fwp%2Fv2%2Fcategories&post=12709"},{"taxonomy":"post_tag","embeddable":true,"href":"https:\/\/www.sportchaco.com.ar\/index.php?rest_route=%2Fwp%2Fv2%2Ftags&post=12709"}],"curies":[{"name":"wp","href":"https:\/\/api.w.org\/{rel}","templated":true}]}}