{"id":12718,"date":"2024-08-25T20:38:36","date_gmt":"2024-08-25T23:38:36","guid":{"rendered":"https:\/\/www.sportchaco.com.ar\/?p=12718"},"modified":"2024-08-25T21:23:06","modified_gmt":"2024-08-26T00:23:06","slug":"for-ever-volvio-a-la-victoria-frente-a-san-telmo","status":"publish","type":"post","link":"https:\/\/www.sportchaco.com.ar\/?p=12718","title":{"rendered":"For Ever volvi\u00f3 a la victoria frente a San Telmo"},"content":{"rendered":"<p>En el marco de la 29\u00aa fecha de la de la Primera Nacional, For Ever venci\u00f3 de local a San Telmo, en lo que fue la primera victoria bajo las ordenes de Pancaldo.<\/p>\n<p>Ahora el \u00abnegro viajar\u00e1 a Rafaela en un partido clave frente a un rival directo en la lucha por la permanencia, aunque con los puntos conseguidos en esta fecha le sac\u00f3 8 de ventaja.<\/p>\n<p>El primer tiempo fue parejo, For Ever le entreg\u00f3 la pelota y la iniciativa a San Telmo. El conjunto \u201cCandombero\u201d intent\u00f3 inquietar, sobre todo por izquierda con Barreto y la velocidad de Vallejos, adem\u00e1s Larthirigoyen siempre fue alternativa de pase para progresar mediante su desequilibrio, pero careci\u00f3 de profundidad en los metros finales y no gener\u00f3 pr\u00e1cticamente situaciones de gol.<\/p>\n<p>For Ever, a pesar de tener menos la pelota, encontr\u00f3 espacios, entre Lucero que se movi\u00f3 por todo el frente de ataque, pero partiendo siempre desde la izquierda y Dellarossa que sali\u00f3 del centro del \u00e1rea para lastimar, pero el \u201cNegro\u201d decidi\u00f3 mal, no ejecut\u00f3 bien y desaprovech\u00f3 los huecos que dej\u00f3 en el fondo el equipo visitante.<\/p>\n<p>El 0 a 0 le cay\u00f3 bien a la primera etapa, porque San Telmo no estuvo certero y For Ever pec\u00f3 de impreciso y no pudo capitalizar los espacios que la visita dej\u00f3.<\/p>\n<p>En el complemento For Ever sali\u00f3 m\u00e1s decidido a explotar esos espacios y los encontr\u00f3. De hecho, el elenco dirigido por Ricardo Pancaldo fue m\u00e1s punzante, tuvo sus chances con Dellarossa, con Enriquez y con remates de media distancia de Romero y Bellone, pero el \u201cNegro\u201d pareci\u00f3 estar peleado con el arco.<\/p>\n<p>Sin embargo, el f\u00fatbol tiene est\u00e1s mixturas, y cuando el \u201cNegro\u201d busc\u00f3 el gol no lo encontr\u00f3 y lo encontr\u00f3 cuando no lo busc\u00f3. A la media hora del complemento, Dellarossa se lanz\u00f3 a correr por izquierda y cuando quiso buscar a Enriquez que aparec\u00eda s\u00f3lo por el centro, la pelota se termin\u00f3 cerrando y termin\u00f3 superando a un Brian Bustos incomodado por el sol y se pudo sacar la mufa.<\/p>\n<p>En los \u00faltimos minutos, San Telmo no protagoniz\u00f3 el partido, For Ever no lo sufri\u00f3 y logr\u00f3 cortar una racha adversa de 90 d\u00edas. Ahora, se viene Rafaela, pero en el \u201cNegro\u201d se respir\u00f3 una bocanada de aire fresco, previo a un duelo clave en la localidad santafesina.<\/p>\n<p><strong>Fuente: Entretiempo<\/strong><\/p>\n<p>&nbsp;<\/p>\n<p><b>S\u00cdNTESIS<\/b><\/p>\n<p><b>FOR EVER 1:<\/b>\u00a0Gast\u00f3n Canuto; Maximiliano Romero, Milton Leyendeker, Mathias Silvera, Franco Perinciolo; Agust\u00edn Bellone, Brian Nievas, Santiago Valenzuela, Gonzalo Lucero; Imanol Enr\u00edquez y Jonathan Dellarrosa.\u00a0<b>DT:\u00a0<\/b>Ricardo Pancaldo.<\/p>\n<p><b>SAN TELMO 0:<\/b>\u00a0Brian Bustos; Mart\u00edn Vallejos, Agust\u00edn Lamosa, H\u00e9ctor Gonz\u00e1lez, Rodrigo Ayala; Emiliano Franco, Gabriel Ram\u00edrez, Rodrigo Gonz\u00e1lez, Jos\u00e9 Barreto; I\u00f1aki Larthirigoyen y Diego Diellos.\u00a0<b>DT:\u00a0<\/b>Alfredo Grelak.<br \/>\n<b>Gol<\/b>: 30ST Jonathan Dellarossa (FE)<br \/>\n<b>Cambios:<\/b>\u00a010ST Juli\u00e1n Cosi por J. Barreto (ST); 21ST Brandon Obreg\u00f3n por G. Lucero (FE); 24ST German Mayenfisch por R. Gonz\u00e1lez (ST) y Cristian Medina por E. Franco (ST); 34ST Gianfranco Lillo por A. Lamosa (ST) y Franco Tisera por M. Vallejos (ST); 36ST Enzo Tamborelli por J. Dellarossa (FE) y Rodrigo V\u00e9lez por S. Valenzuela (FE); 43ST Gonzalo Ca\u00f1ete por A. Bellone (FE) y Luciano Lapetina por F. Perinciolo (FE).<br \/>\n<b>\u00c1rbitro:<\/b>\u00a0Yamil Possi.\u00a0<b>Asistentes:\u00a0<\/b>Pascual Fern\u00e1ndez y Giuliano Grillo.\u00a0<b>Cuarto:<\/b>\u00a0Maximiliano Agi<b>. Estadio:<\/b>\u00a0Juan Alberto Garc\u00eda, de For Ever.<\/p>\n<p>&nbsp;<\/p>\n<p><img loading=\"lazy\" decoding=\"async\" class=\"size-full wp-image-9591 aligncenter\" src=\"https:\/\/www.sportchaco.com.ar\/wp-content\/uploads\/2024\/05\/gob-salud-marzo-apaisado-2-2.gif\" alt=\"\" width=\"250\" height=\"250\" \/><\/p>\n","protected":false},"excerpt":{"rendered":"<p>En el marco de la 29\u00aa fecha de la de la Primera Nacional, For Ever venci\u00f3 de local a San Telmo, en lo que fue la primera victoria bajo las ordenes de Pancaldo. Ahora el \u00abnegro viajar\u00e1 a Rafaela en un partido clave frente a un rival directo en la lucha por la permanencia, aunque &hellip;<\/p>\n","protected":false},"author":5,"featured_media":12719,"comment_status":"open","ping_status":"open","sticky":false,"template":"","format":"standard","meta":{"footnotes":""},"categories":[5],"tags":[],"class_list":["post-12718","post","type-post","status-publish","format-standard","has-post-thumbnail","hentry","category-futbol"],"_links":{"self":[{"href":"https:\/\/www.sportchaco.com.ar\/index.php?rest_route=\/wp\/v2\/posts\/12718","targetHints":{"allow":["GET"]}}],"collection":[{"href":"https:\/\/www.sportchaco.com.ar\/index.php?rest_route=\/wp\/v2\/posts"}],"about":[{"href":"https:\/\/www.sportchaco.com.ar\/index.php?rest_route=\/wp\/v2\/types\/post"}],"author":[{"embeddable":true,"href":"https:\/\/www.sportchaco.com.ar\/index.php?rest_route=\/wp\/v2\/users\/5"}],"replies":[{"embeddable":true,"href":"https:\/\/www.sportchaco.com.ar\/index.php?rest_route=%2Fwp%2Fv2%2Fcomments&post=12718"}],"version-history":[{"count":3,"href":"https:\/\/www.sportchaco.com.ar\/index.php?rest_route=\/wp\/v2\/posts\/12718\/revisions"}],"predecessor-version":[{"id":12725,"href":"https:\/\/www.sportchaco.com.ar\/index.php?rest_route=\/wp\/v2\/posts\/12718\/revisions\/12725"}],"wp:featuredmedia":[{"embeddable":true,"href":"https:\/\/www.sportchaco.com.ar\/index.php?rest_route=\/wp\/v2\/media\/12719"}],"wp:attachment":[{"href":"https:\/\/www.sportchaco.com.ar\/index.php?rest_route=%2Fwp%2Fv2%2Fmedia&parent=12718"}],"wp:term":[{"taxonomy":"category","embeddable":true,"href":"https:\/\/www.sportchaco.com.ar\/index.php?rest_route=%2Fwp%2Fv2%2Fcategories&post=12718"},{"taxonomy":"post_tag","embeddable":true,"href":"https:\/\/www.sportchaco.com.ar\/index.php?rest_route=%2Fwp%2Fv2%2Ftags&post=12718"}],"curies":[{"name":"wp","href":"https:\/\/api.w.org\/{rel}","templated":true}]}}