{"id":12730,"date":"2024-08-25T23:07:35","date_gmt":"2024-08-26T02:07:35","guid":{"rendered":"https:\/\/www.sportchaco.com.ar\/?p=12730"},"modified":"2024-08-25T23:07:36","modified_gmt":"2024-08-26T02:07:36","slug":"efemerides-del-26-de-agosto","status":"publish","type":"post","link":"https:\/\/www.sportchaco.com.ar\/?p=12730","title":{"rendered":"Efem\u00e9rides del 26 de agosto"},"content":{"rendered":"<p><strong>07Esta es la Efem\u00e9rides del Deporte en el Chaco de un 26 de agosto periodista Luis Dar\u00edo Molodezky.<\/strong><\/p>\n<p><strong>\u00a0<\/strong><\/p>\n<p><strong> <img loading=\"lazy\" decoding=\"async\" class=\"alignnone size-medium wp-image-12604\" src=\"https:\/\/www.sportchaco.com.ar\/wp-content\/uploads\/2024\/08\/Molodezky-Luis-11-05-24-1-300x225.jpg\" alt=\"\" width=\"300\" height=\"225\" srcset=\"https:\/\/www.sportchaco.com.ar\/wp-content\/uploads\/2024\/08\/Molodezky-Luis-11-05-24-1-300x225.jpg 300w, https:\/\/www.sportchaco.com.ar\/wp-content\/uploads\/2024\/08\/Molodezky-Luis-11-05-24-1-1024x768.jpg 1024w, https:\/\/www.sportchaco.com.ar\/wp-content\/uploads\/2024\/08\/Molodezky-Luis-11-05-24-1-768x576.jpg 768w, https:\/\/www.sportchaco.com.ar\/wp-content\/uploads\/2024\/08\/Molodezky-Luis-11-05-24-1-1536x1153.jpg 1536w, https:\/\/www.sportchaco.com.ar\/wp-content\/uploads\/2024\/08\/Molodezky-Luis-11-05-24-1.jpg 1599w\" sizes=\"auto, (max-width: 300px) 100vw, 300px\" \/><\/strong><\/p>\n<p><strong>\u00a0<\/strong><\/p>\n<p>&nbsp;<\/p>\n<p><strong>1935 \/ <\/strong>Nace en Villa Elisa Jos\u00e9 Manuel Ramos Delgado, quien dejar\u00e1 huella en Chaco For Ever en la direcci\u00f3n t\u00e9cnica y t\u00e1ctica en la segunda ronda del campeonato Nacional \u00abB\u00bb 1993. Jug\u00f3 y dirigi\u00f3 a River, fue compa\u00f1ero de Pel\u00e9 en el Santos de Brasil. Falleci\u00f3 el 4 de diciembre de 2010.<\/p>\n<p><strong>1984 <\/strong>\/ El cordob\u00e9s Eduardo Romero se impone en la 12\u00ba edici\u00f3n del Abierto del Nordeste, disputado en el Chaco Golf Club, y que cont\u00f3 con la presencia del maestro Roberto De Vicenzo. Quinto fue el chaque\u00f1o Miguel Fern\u00e1ndez. En aficionados scratch venci\u00f3 Marcelo C\u00e1ceres.<\/p>\n<p><strong>2022 \/<\/strong> Fallece Jaled \u201cJaluto\u201d Aguada, \u201cCampe\u00f3n\u201d con Torino en la clase \u201cC\u201d en 1970, parte importante y pionero de la historia de nuestro automovilismo zonal, un gran ser humano.<\/p>\n<p><strong>2022 \/<\/strong> Milena Madelein Ayala (foto portada) de 15 a\u00f1os, obtiene el r\u00e9cord de nacional en levantamiento de pesas en la categor\u00eda hasta 59 kilogramos, al acumular 171 kg, en el marco del torneo desarrollado en la localidad santafesina de Calchaqu\u00ed. Esa marca le permiti\u00f3 clasificar para el Sudamericano Sub-17 y Sub-20, y al Panamericano Sub-20 de Per\u00fa.<\/p>\n<p>&nbsp;<\/p>\n<p style=\"text-align: center;\"><img loading=\"lazy\" decoding=\"async\" class=\"alignnone size-full wp-image-12653\" src=\"https:\/\/www.sportchaco.com.ar\/wp-content\/uploads\/2024\/08\/CHACO-JUEGA-BANNERS-1_200X200-1-1.gif\" alt=\"\" width=\"200\" height=\"200\" \/><\/p>\n","protected":false},"excerpt":{"rendered":"<p>07Esta es la Efem\u00e9rides del Deporte en el Chaco de un 26 de agosto periodista Luis Dar\u00edo Molodezky. \u00a0 \u00a0 &nbsp; 1935 \/ Nace en Villa Elisa Jos\u00e9 Manuel Ramos Delgado, quien dejar\u00e1 huella en Chaco For Ever en la direcci\u00f3n t\u00e9cnica y t\u00e1ctica en la segunda ronda del campeonato Nacional \u00abB\u00bb 1993. Jug\u00f3 y &hellip;<\/p>\n","protected":false},"author":2,"featured_media":12731,"comment_status":"open","ping_status":"open","sticky":false,"template":"","format":"standard","meta":{"footnotes":""},"categories":[38,45],"tags":[],"class_list":["post-12730","post","type-post","status-publish","format-standard","has-post-thumbnail","hentry","category-agosto","category-efemerides-dia-por-dia"],"_links":{"self":[{"href":"https:\/\/www.sportchaco.com.ar\/index.php?rest_route=\/wp\/v2\/posts\/12730","targetHints":{"allow":["GET"]}}],"collection":[{"href":"https:\/\/www.sportchaco.com.ar\/index.php?rest_route=\/wp\/v2\/posts"}],"about":[{"href":"https:\/\/www.sportchaco.com.ar\/index.php?rest_route=\/wp\/v2\/types\/post"}],"author":[{"embeddable":true,"href":"https:\/\/www.sportchaco.com.ar\/index.php?rest_route=\/wp\/v2\/users\/2"}],"replies":[{"embeddable":true,"href":"https:\/\/www.sportchaco.com.ar\/index.php?rest_route=%2Fwp%2Fv2%2Fcomments&post=12730"}],"version-history":[{"count":2,"href":"https:\/\/www.sportchaco.com.ar\/index.php?rest_route=\/wp\/v2\/posts\/12730\/revisions"}],"predecessor-version":[{"id":12737,"href":"https:\/\/www.sportchaco.com.ar\/index.php?rest_route=\/wp\/v2\/posts\/12730\/revisions\/12737"}],"wp:featuredmedia":[{"embeddable":true,"href":"https:\/\/www.sportchaco.com.ar\/index.php?rest_route=\/wp\/v2\/media\/12731"}],"wp:attachment":[{"href":"https:\/\/www.sportchaco.com.ar\/index.php?rest_route=%2Fwp%2Fv2%2Fmedia&parent=12730"}],"wp:term":[{"taxonomy":"category","embeddable":true,"href":"https:\/\/www.sportchaco.com.ar\/index.php?rest_route=%2Fwp%2Fv2%2Fcategories&post=12730"},{"taxonomy":"post_tag","embeddable":true,"href":"https:\/\/www.sportchaco.com.ar\/index.php?rest_route=%2Fwp%2Fv2%2Ftags&post=12730"}],"curies":[{"name":"wp","href":"https:\/\/api.w.org\/{rel}","templated":true}]}}