{"id":12752,"date":"2024-08-26T23:38:32","date_gmt":"2024-08-27T02:38:32","guid":{"rendered":"https:\/\/www.sportchaco.com.ar\/?p=12752"},"modified":"2024-08-26T23:39:19","modified_gmt":"2024-08-27T02:39:19","slug":"12752","status":"publish","type":"post","link":"https:\/\/www.sportchaco.com.ar\/?p=12752","title":{"rendered":"Duplantis lo hizo otra vez"},"content":{"rendered":"<section class=\"story-title\">\n<header class=\"restyling story-title-restyling mt2 undefined \">\n<h4 class=\"font-caladea-regular color-text m0\">Con 6,26 metros. Armand Duplantis bate el r\u00e9cord mundial de salto con garrocha por tercera vez este a\u00f1o. El sueco, que hab\u00eda batido la marca en los Juegos Ol\u00edmpicos Par\u00eds 2024, dio otro paso m\u00e1s para convertirse en leyenda.<\/h4>\n<\/header>\n<div class=\"story-datetime-restyling flex text-color h4 font-arial-regular\">\n<p><time datetime=\"2024-08-25T19:48:26.951-03:00\"><\/time><img loading=\"lazy\" decoding=\"async\" src=\"https:\/\/www.lavoz.com.ar\/resizer\/v2\/ZZ5HN6WCEFBOXJ3QI5MNEBYCBM.jpg?quality=75&amp;smart=true&amp;auth=041b83228f96c72ec4605285db761a6bbb043f23575b66d45b8fc1c5ac4e4be5&amp;width=980&amp;height=640\" sizes=\"auto, (max-width: 500px) 480px, (max-width: 899px) 800px, 980px\" srcset=\"https:\/\/www.lavoz.com.ar\/resizer\/v2\/ZZ5HN6WCEFBOXJ3QI5MNEBYCBM.jpg?quality=75&amp;smart=true&amp;auth=041b83228f96c72ec4605285db761a6bbb043f23575b66d45b8fc1c5ac4e4be5&amp;width=480&amp;height=313 480w, https:\/\/www.lavoz.com.ar\/resizer\/v2\/ZZ5HN6WCEFBOXJ3QI5MNEBYCBM.jpg?quality=75&amp;smart=true&amp;auth=041b83228f96c72ec4605285db761a6bbb043f23575b66d45b8fc1c5ac4e4be5&amp;width=800&amp;height=522 800w, https:\/\/www.lavoz.com.ar\/resizer\/v2\/ZZ5HN6WCEFBOXJ3QI5MNEBYCBM.jpg?quality=75&amp;smart=true&amp;auth=041b83228f96c72ec4605285db761a6bbb043f23575b66d45b8fc1c5ac4e4be5&amp;width=980&amp;height=640 980w\" alt=\"Armand Duplantis bate el r\u00e9cord mundial de salto con garrocha por tercera vez este a\u00f1o\" width=\"980\" height=\"640\" \/><\/p>\n<\/div>\n<\/section>\n<section class=\"story-header\">\n<div class=\"story-promo\">\n<figure><figcaption>Armand Duplantis bati\u00f3 otra vez el r\u00e9cord mundial del salto en alto con garrocha. (Claro Sports)<\/figcaption><\/figure>\n<\/div>\n<\/section>\n<aside class=\"aside-right\">\n<section class=\"clearfix mb1 most-read-restyling ajuste-1440-cards false\">\n<div class=\"container\">\n<div class=\"title\">\n<div class=\"title__heading\"><\/div>\n<\/div>\n<div class=\"most-read-restyling\">\n<div class=\"card-1 most-read-restyling\">\n<article class=\"story-card most-view-home-main\">\n<div class=\"story-card-image \"><\/div>\n<div class=\"story-card-content\"><\/div>\n<\/article>\n<\/div>\n<div class=\"card-5 most-read-restyling\">\n<article class=\"story-card most-views-home\">\n<div class=\"story-card-content\">\n<h3 class=\"story-card-title\"><\/h3>\n<\/div>\n<\/article>\n<\/div>\n<\/div>\n<\/div>\n<\/section>\n<\/aside>\n<div class=\"story-content my0 mx-auto body-w\">\n<article>\n<section id=\"audimaWidget\"><\/section>\n<div class=\"story clearfix mxn0 flex flex-wrap\">\n<div class=\"body col mx-auto my0 \">\n<section><span style=\"color: #000000;\"><a style=\"color: #000000;\" href=\"https:\/\/www.lavoz.com.ar\/deportes\/futbol\/armand-duplantis-la-nueva-estrella-del-atletismo-mundial-sigue-afilado-de-cara-a-tokio-2020\/\" target=\"_blank\" rel=\"noopener\"><b>Armand Duplantis<\/b><\/a>\u00a0<\/span>bati\u00f3 otra vez el r\u00e9cord mundial del salto en alto con garrocha, esta vez al superar los 6,26 metros en la competencia de la Liga Diamante en Polonia. Duplantis, el sueco de 24 a\u00f1os, a\u00f1adi\u00f3 otro cent\u00edmetro a su r\u00e9cord mundial.Se trata de la tercera vez este a\u00f1o que logra romper el r\u00e9cord mundial. Tambi\u00e9n lo hizo en los recientes Juegos Ol\u00edmpicos de Par\u00eds, por encima del list\u00f3n de los 6,25 metros tras haber asegurado la medalla de oro.<\/p>\n<div class=\"container undefined\">\n<div class=\"clearfix\">\n<div id=\"caja2\" class=\"notas banner-inner\" data-id=\"caja2\" data-section=\"notas\" data-name=\"caja2\" data-sizes=\"[[300,250],[320,100],[300,50],[300,100],[320,50],[300,600]]\" data-refresh=\"false\"><strong>Video:<\/strong><\/div>\n<div data-id=\"caja2\" data-section=\"notas\" data-name=\"caja2\" data-sizes=\"[[300,250],[320,100],[300,50],[300,100],[320,50],[300,600]]\" data-refresh=\"false\"><\/div>\n<\/div>\n<\/div>\n<div>\n<div>\n<div class=\"genoa\">\n<div class=\"genoa-embed-content-1667668\">\n<div class=\"videojs vjs-fluid\">\n<div id=\"skip\"><strong>https:\/\/youtu.be\/WPKfyXDY54w?si=a14jtikTD17iadXL<\/strong><\/div>\n<\/div>\n<div id=\"vid-list-container-content-1667668\" class=\"vid-list-container\"><\/div>\n<\/div>\n<\/div>\n<\/div>\n<\/div>\n<p>Duplantis naci\u00f3 y creci\u00f3 en Luisiana. Pero decidi\u00f3 representar a Suecia, el pa\u00eds de nacimiento de su madre, Helena.<\/p>\n<p>\u201cSiempre quiero saltar lo m\u00e1s alto posible y seguir esforz\u00e1ndome. Nunca hice un salto absolutamente perfecto, as\u00ed que siempre siento que puedo hacerlo mejor\u201d<\/p>\n<\/section>\n<\/div>\n<\/div>\n<\/article>\n<\/div>\n","protected":false},"excerpt":{"rendered":"<p>Con 6,26 metros. Armand Duplantis bate el r\u00e9cord mundial de salto con garrocha por tercera vez este a\u00f1o. El sueco, que hab\u00eda batido la marca en los Juegos Ol\u00edmpicos Par\u00eds 2024, dio otro paso m\u00e1s para convertirse en leyenda. Armand Duplantis bati\u00f3 otra vez el r\u00e9cord mundial del salto en alto con garrocha. (Claro Sports) &hellip;<\/p>\n","protected":false},"author":2,"featured_media":12753,"comment_status":"open","ping_status":"open","sticky":false,"template":"","format":"standard","meta":{"footnotes":""},"categories":[63],"tags":[],"class_list":["post-12752","post","type-post","status-publish","format-standard","has-post-thumbnail","hentry","category-atletismo"],"_links":{"self":[{"href":"https:\/\/www.sportchaco.com.ar\/index.php?rest_route=\/wp\/v2\/posts\/12752","targetHints":{"allow":["GET"]}}],"collection":[{"href":"https:\/\/www.sportchaco.com.ar\/index.php?rest_route=\/wp\/v2\/posts"}],"about":[{"href":"https:\/\/www.sportchaco.com.ar\/index.php?rest_route=\/wp\/v2\/types\/post"}],"author":[{"embeddable":true,"href":"https:\/\/www.sportchaco.com.ar\/index.php?rest_route=\/wp\/v2\/users\/2"}],"replies":[{"embeddable":true,"href":"https:\/\/www.sportchaco.com.ar\/index.php?rest_route=%2Fwp%2Fv2%2Fcomments&post=12752"}],"version-history":[{"count":2,"href":"https:\/\/www.sportchaco.com.ar\/index.php?rest_route=\/wp\/v2\/posts\/12752\/revisions"}],"predecessor-version":[{"id":12755,"href":"https:\/\/www.sportchaco.com.ar\/index.php?rest_route=\/wp\/v2\/posts\/12752\/revisions\/12755"}],"wp:featuredmedia":[{"embeddable":true,"href":"https:\/\/www.sportchaco.com.ar\/index.php?rest_route=\/wp\/v2\/media\/12753"}],"wp:attachment":[{"href":"https:\/\/www.sportchaco.com.ar\/index.php?rest_route=%2Fwp%2Fv2%2Fmedia&parent=12752"}],"wp:term":[{"taxonomy":"category","embeddable":true,"href":"https:\/\/www.sportchaco.com.ar\/index.php?rest_route=%2Fwp%2Fv2%2Fcategories&post=12752"},{"taxonomy":"post_tag","embeddable":true,"href":"https:\/\/www.sportchaco.com.ar\/index.php?rest_route=%2Fwp%2Fv2%2Ftags&post=12752"}],"curies":[{"name":"wp","href":"https:\/\/api.w.org\/{rel}","templated":true}]}}