{"id":12784,"date":"2024-08-27T22:45:38","date_gmt":"2024-08-28T01:45:38","guid":{"rendered":"https:\/\/www.sportchaco.com.ar\/?p=12784"},"modified":"2024-08-27T22:45:50","modified_gmt":"2024-08-28T01:45:50","slug":"12784","status":"publish","type":"post","link":"https:\/\/www.sportchaco.com.ar\/?p=12784","title":{"rendered":"Efem\u00e9rides del 28 de agosto"},"content":{"rendered":"<p>&nbsp;<\/p>\n<p><strong>Esta es la Efem\u00e9rides del Deporte en el Chaco de un 28 de agosto periodista Luis Dar\u00edo Molodezky.<\/strong><\/p>\n<p><strong>\u00a0<\/strong><\/p>\n<p><strong> <img loading=\"lazy\" decoding=\"async\" class=\"alignnone size-medium wp-image-12604\" src=\"https:\/\/www.sportchaco.com.ar\/wp-content\/uploads\/2024\/08\/Molodezky-Luis-11-05-24-1-300x225.jpg\" alt=\"\" width=\"300\" height=\"225\" srcset=\"https:\/\/www.sportchaco.com.ar\/wp-content\/uploads\/2024\/08\/Molodezky-Luis-11-05-24-1-300x225.jpg 300w, https:\/\/www.sportchaco.com.ar\/wp-content\/uploads\/2024\/08\/Molodezky-Luis-11-05-24-1-1024x768.jpg 1024w, https:\/\/www.sportchaco.com.ar\/wp-content\/uploads\/2024\/08\/Molodezky-Luis-11-05-24-1-768x576.jpg 768w, https:\/\/www.sportchaco.com.ar\/wp-content\/uploads\/2024\/08\/Molodezky-Luis-11-05-24-1-1536x1153.jpg 1536w, https:\/\/www.sportchaco.com.ar\/wp-content\/uploads\/2024\/08\/Molodezky-Luis-11-05-24-1.jpg 1599w\" sizes=\"auto, (max-width: 300px) 100vw, 300px\" \/><\/strong><\/p>\n<p>&nbsp;<\/p>\n<p><strong>1921 <\/strong>\/ Un grupo entusiasta de calificados vecinos de la ciudad de Resistencia, funda el Aero Club Chaco, que con el correr de los a\u00f1os ser\u00eda parte misma de la historia de esta joven provincia. Se design\u00f3 presidente de la primera comisi\u00f3n directiva al teniente coronel Tom\u00e1s S\u00e1nchez de Bustamante. Funciona durante muchos a\u00f1os en el predio de Las Heras y Castelli, hasta su traslado a la Ruta 11, a 30 km.<\/p>\n<p><strong>1939 <\/strong>\/ Nace en Barranqueras el extraordinario noqueador Ram\u00f3n La Cruz, quien realiz\u00f3 137 combates en el campo rentado, con 104 victorias, 62 KO; 14 derrotas, 1 por KO y 19 empates. Fue campe\u00f3n argentino y sudamericano de los welters, y combati\u00f3 por el t\u00edtulo mundial perdiendo por puntos ante Curtis Cookes en Nueva Orle\u00e1ns, luego de sacarse el hombro en el primer asalto. Falleci\u00f3 el 21 de diciembre del 2023.<\/p>\n<p><strong>1946 \/<\/strong> Nace en Resistencia Jos\u00e9 Germ\u00e1n L\u00f3pez, destacado dirigente del ciclismo chaque\u00f1o, a trav\u00e9s del Club Ferm\u00edn Hidalgo, entidad que organiz\u00f3 importantes competencias en nuestra provincia, provocando un crecimiento de la actividad.<\/p>\n<p><strong>1983 <\/strong>\/ En su 64\u00ba Aniversario, el Aero Club Chaco inaugura su sede social, hangar y pista en sus nuevas instalaciones de ruta 11 kil\u00f3metro 975, a 30 kil\u00f3metros de la ciudad de Resistencia. Tiene una pista de 1.000 metros de tierra compactada, con un ancho de 50 metros.<\/p>\n<p><strong>2022 \/<\/strong> Central Ben\u00edtez logra el ascenso a la primera divisi\u00f3n de la Liga Chaque\u00f1a, tres fechas antes de finalizar el torneo, tras imponerse por 2 a 0 a Los L\u00edricos, El plantel fue dirigido por Ariel Canizini, quien ya llevara a la m\u00e1xima categor\u00eda a San Mart\u00edn MB (2007) y salv\u00f3 a Cune en las promociones 2010, 15 y 16.\u00a0 Adem\u00e1s con el equipo de Margarita Bel\u00e9n obtuvo el Apertura y Oficial 2008 y el Clausura 2012<\/p>\n<p><strong><em>\u00a0<\/em><\/strong><\/p>\n<p><strong>Foto portada de Ram\u00f3n La Cruz en 1970 tras la victoria ante Esteban Osuna.\u00a0<\/strong><\/p>\n<p>&nbsp;<\/p>\n<p style=\"text-align: center;\"><img loading=\"lazy\" decoding=\"async\" class=\"alignnone size-full wp-image-12653\" src=\"https:\/\/www.sportchaco.com.ar\/wp-content\/uploads\/2024\/08\/CHACO-JUEGA-BANNERS-1_200X200-1-1.gif\" alt=\"\" width=\"200\" height=\"200\" \/><\/p>\n<p>&nbsp;<\/p>\n<p>&nbsp;<\/p>\n<p>&nbsp;<\/p>\n","protected":false},"excerpt":{"rendered":"<p>&nbsp; Esta es la Efem\u00e9rides del Deporte en el Chaco de un 28 de agosto periodista Luis Dar\u00edo Molodezky. \u00a0 &nbsp; 1921 \/ Un grupo entusiasta de calificados vecinos de la ciudad de Resistencia, funda el Aero Club Chaco, que con el correr de los a\u00f1os ser\u00eda parte misma de la historia de esta joven &hellip;<\/p>\n","protected":false},"author":2,"featured_media":12785,"comment_status":"open","ping_status":"open","sticky":false,"template":"","format":"standard","meta":{"footnotes":""},"categories":[38,45],"tags":[],"class_list":["post-12784","post","type-post","status-publish","format-standard","has-post-thumbnail","hentry","category-agosto","category-efemerides-dia-por-dia"],"_links":{"self":[{"href":"https:\/\/www.sportchaco.com.ar\/index.php?rest_route=\/wp\/v2\/posts\/12784","targetHints":{"allow":["GET"]}}],"collection":[{"href":"https:\/\/www.sportchaco.com.ar\/index.php?rest_route=\/wp\/v2\/posts"}],"about":[{"href":"https:\/\/www.sportchaco.com.ar\/index.php?rest_route=\/wp\/v2\/types\/post"}],"author":[{"embeddable":true,"href":"https:\/\/www.sportchaco.com.ar\/index.php?rest_route=\/wp\/v2\/users\/2"}],"replies":[{"embeddable":true,"href":"https:\/\/www.sportchaco.com.ar\/index.php?rest_route=%2Fwp%2Fv2%2Fcomments&post=12784"}],"version-history":[{"count":2,"href":"https:\/\/www.sportchaco.com.ar\/index.php?rest_route=\/wp\/v2\/posts\/12784\/revisions"}],"predecessor-version":[{"id":12787,"href":"https:\/\/www.sportchaco.com.ar\/index.php?rest_route=\/wp\/v2\/posts\/12784\/revisions\/12787"}],"wp:featuredmedia":[{"embeddable":true,"href":"https:\/\/www.sportchaco.com.ar\/index.php?rest_route=\/wp\/v2\/media\/12785"}],"wp:attachment":[{"href":"https:\/\/www.sportchaco.com.ar\/index.php?rest_route=%2Fwp%2Fv2%2Fmedia&parent=12784"}],"wp:term":[{"taxonomy":"category","embeddable":true,"href":"https:\/\/www.sportchaco.com.ar\/index.php?rest_route=%2Fwp%2Fv2%2Fcategories&post=12784"},{"taxonomy":"post_tag","embeddable":true,"href":"https:\/\/www.sportchaco.com.ar\/index.php?rest_route=%2Fwp%2Fv2%2Ftags&post=12784"}],"curies":[{"name":"wp","href":"https:\/\/api.w.org\/{rel}","templated":true}]}}