{"id":12788,"date":"2024-08-28T12:35:43","date_gmt":"2024-08-28T15:35:43","guid":{"rendered":"https:\/\/www.sportchaco.com.ar\/?p=12788"},"modified":"2024-08-28T12:35:43","modified_gmt":"2024-08-28T15:35:43","slug":"fallecio-finalmente-el-jugador-izquierdo-de-nacional","status":"publish","type":"post","link":"https:\/\/www.sportchaco.com.ar\/?p=12788","title":{"rendered":"Falleci\u00f3 finalmente el jugador Izquierdo de Nacional"},"content":{"rendered":"<p><strong>A los 27 a\u00f1os, falleci\u00f3 el defensor del Bolso en San Pablo tras haber sufrido un paro card\u00edaco en un partido de Copa Libertadores.<\/strong><\/p>\n<p data-t=\"{&quot;n&quot;:&quot;blueLinks&quot;}\"><span style=\"color: #000000;\">Tras 5 d\u00edas internado en el Hospital Israelita Albert Einstein de San Pablo, este martes muri\u00f3\u00a0Juan Manuel Izquierdo. El defensor de\u00a0<a style=\"color: #000000;\" href=\"https:\/\/bolavip.com\/ar\/tema\/nacional-de-uruguay\" target=\"_blank\" rel=\"noopener\" data-t=\"{&quot;n&quot;:&quot;destination&quot;,&quot;t&quot;:13,&quot;b&quot;:1,&quot;c.t&quot;:7}\">Nacional<\/a>\u00a0hab\u00eda sufrido\u00a0<a style=\"color: #000000;\" href=\"https:\/\/bolavip.com\/ar\/copalibertadores\/video-preocupacion-por-juan-izquierdo-el-jugador-de-nacional-que-se-desplomo-en-pleno-partido-de-copa-libertadores\" target=\"_blank\" rel=\"noopener\" data-t=\"{&quot;n&quot;:&quot;destination&quot;,&quot;t&quot;:13,&quot;b&quot;:1,&quot;c.t&quot;:7}\">una arritmia durante el duelo ante S\u00e3o Paulo<\/a>\u00a0por los octavos de final de la\u00a0<a style=\"color: #000000;\" href=\"https:\/\/bolavip.com\/ar\/tema\/copa-libertadores\" target=\"_blank\" rel=\"noopener\" data-t=\"{&quot;n&quot;:&quot;destination&quot;,&quot;t&quot;:13,&quot;b&quot;:1,&quot;c.t&quot;:7}\">Copa Libertadores<\/a>.<\/span><\/p>\n<p data-t=\"{&quot;n&quot;:&quot;blueLinks&quot;}\">El zaguero ingres\u00f3 en el complemento y, a pocos minutos del final del duelo, se desplom\u00f3 sobre el c\u00e9sped, visiblemente mareado. R\u00e1pidamente, una ambulancia ingres\u00f3 al campo para atenderlo y los trasladaron al centro m\u00e9dico. Fue en el camino d\u00f3nde hizo un paro cardiorrespiratorio que complic\u00f3 la situaci\u00f3n.<\/p>\n<div class=\"intra-article-module\" data-t=\"{&quot;n&quot;:&quot;intraArticle&quot;,&quot;t&quot;:13}\"><\/div>\n<p class=\"continue-read-break\" data-t=\"{&quot;n&quot;:&quot;blueLinks&quot;}\">En las \u00faltimas horas, aquel paro le provoc\u00f3 un edema cerebral y presi\u00f3n en esa zona que no ced\u00eda. El padre de dos hijos, uno de ellos reci\u00e9n nacido, continuaba sedado con ventilaci\u00f3n mec\u00e1nica y su cuadro neurol\u00f3gico era cr\u00edtico.<\/p>\n<div class=\"continue-reading-slot\">\n<div id=\"continuousReadingContainer\" class=\"article-cont-read-container\">\n<div class=\"article-cont-read-button-container\" data-t=\"{&quot;n&quot;:&quot;readMore&quot;}\"><\/div>\n<\/div>\n<\/div>\n<p data-t=\"{&quot;n&quot;:&quot;blueLinks&quot;}\">\u201c<em>Con el m\u00e1s profundo dolor e impacto en nuestros corazones, el Club Nacional de Football comunica el fallecimiento de nuestro querido jugador Juan Izquierdo. Expresamos nuestras m\u00e1s sinceras condolencias a su familia, amigos, colegas y allegados. Todo Nacional est\u00e1 de luto por su p\u00e9rdida irreparable. QEPD. Juan, estar\u00e1s para siempre con nosotros \u201c<\/em>, anunci\u00f3 <strong>Nacional\u00a0<\/strong>en sus redes.<\/p>\n<p data-t=\"{&quot;n&quot;:&quot;blueLinks&quot;}\">\n<p style=\"text-align: center;\" data-t=\"{&quot;n&quot;:&quot;blueLinks&quot;}\"><img loading=\"lazy\" decoding=\"async\" class=\"alignnone size-full wp-image-12653\" src=\"https:\/\/www.sportchaco.com.ar\/wp-content\/uploads\/2024\/08\/CHACO-JUEGA-BANNERS-1_200X200-1-1.gif\" alt=\"\" width=\"200\" height=\"200\" \/><\/p>\n","protected":false},"excerpt":{"rendered":"<p>A los 27 a\u00f1os, falleci\u00f3 el defensor del Bolso en San Pablo tras haber sufrido un paro card\u00edaco en un partido de Copa Libertadores. Tras 5 d\u00edas internado en el Hospital Israelita Albert Einstein de San Pablo, este martes muri\u00f3\u00a0Juan Manuel Izquierdo. El defensor de\u00a0Nacional\u00a0hab\u00eda sufrido\u00a0una arritmia durante el duelo ante S\u00e3o Paulo\u00a0por los octavos &hellip;<\/p>\n","protected":false},"author":2,"featured_media":12789,"comment_status":"open","ping_status":"open","sticky":false,"template":"","format":"standard","meta":{"footnotes":""},"categories":[6],"tags":[],"class_list":["post-12788","post","type-post","status-publish","format-standard","has-post-thumbnail","hentry","category-internacionales"],"_links":{"self":[{"href":"https:\/\/www.sportchaco.com.ar\/index.php?rest_route=\/wp\/v2\/posts\/12788","targetHints":{"allow":["GET"]}}],"collection":[{"href":"https:\/\/www.sportchaco.com.ar\/index.php?rest_route=\/wp\/v2\/posts"}],"about":[{"href":"https:\/\/www.sportchaco.com.ar\/index.php?rest_route=\/wp\/v2\/types\/post"}],"author":[{"embeddable":true,"href":"https:\/\/www.sportchaco.com.ar\/index.php?rest_route=\/wp\/v2\/users\/2"}],"replies":[{"embeddable":true,"href":"https:\/\/www.sportchaco.com.ar\/index.php?rest_route=%2Fwp%2Fv2%2Fcomments&post=12788"}],"version-history":[{"count":1,"href":"https:\/\/www.sportchaco.com.ar\/index.php?rest_route=\/wp\/v2\/posts\/12788\/revisions"}],"predecessor-version":[{"id":12790,"href":"https:\/\/www.sportchaco.com.ar\/index.php?rest_route=\/wp\/v2\/posts\/12788\/revisions\/12790"}],"wp:featuredmedia":[{"embeddable":true,"href":"https:\/\/www.sportchaco.com.ar\/index.php?rest_route=\/wp\/v2\/media\/12789"}],"wp:attachment":[{"href":"https:\/\/www.sportchaco.com.ar\/index.php?rest_route=%2Fwp%2Fv2%2Fmedia&parent=12788"}],"wp:term":[{"taxonomy":"category","embeddable":true,"href":"https:\/\/www.sportchaco.com.ar\/index.php?rest_route=%2Fwp%2Fv2%2Fcategories&post=12788"},{"taxonomy":"post_tag","embeddable":true,"href":"https:\/\/www.sportchaco.com.ar\/index.php?rest_route=%2Fwp%2Fv2%2Ftags&post=12788"}],"curies":[{"name":"wp","href":"https:\/\/api.w.org\/{rel}","templated":true}]}}