{"id":12791,"date":"2024-08-28T12:38:28","date_gmt":"2024-08-28T15:38:28","guid":{"rendered":"https:\/\/www.sportchaco.com.ar\/?p=12791"},"modified":"2024-08-28T12:38:28","modified_gmt":"2024-08-28T15:38:28","slug":"jorge-brito-hablo-de-enzo-perez","status":"publish","type":"post","link":"https:\/\/www.sportchaco.com.ar\/?p=12791","title":{"rendered":"Jorge Brito habl\u00f3 de Enzo P\u00e9rez"},"content":{"rendered":"<p><span style=\"color: #000000;\">El presidente del CARP toc\u00f3 varios puntos durante una charla y fue totalmente sincero sobre el regreso del \u00eddolo.<\/span><\/p>\n<p data-t=\"{&quot;n&quot;:&quot;blueLinks&quot;}\"><span style=\"color: #000000;\">En los \u00faltimos d\u00edas del mercado de pases, en\u00a0River\u00a0empez\u00f3 a sonar con fuerza el nombre de\u00a0Enzo P\u00e9rez\u00a0para retirarse con la banda puesta.\u00a0<a style=\"color: #000000;\" href=\"https:\/\/lapaginamillonaria.com\/river-plate\/presencia-inesperada-enzo-perez-en-el-monumental-para-ver-a-river-ante-talleres\" target=\"_blank\" rel=\"noreferrer noopener\" data-t=\"{&quot;n&quot;:&quot;destination&quot;,&quot;t&quot;:13,&quot;b&quot;:1,&quot;c.t&quot;:7}\">Un rumor que se aliment\u00f3 de la presencia del ex capit\u00e1n en el Monumental<\/a>\u00a0pero que, anoche, fue desterrada por Jorge Brito.<\/span><\/p>\n<p data-t=\"{&quot;n&quot;:&quot;blueLinks&quot;}\"><span style=\"color: #000000;\">El presidente del Millonario habl\u00f3 con la gente de\u00a0<em>ESPN\u00a0<\/em>y explic\u00f3 que la chance de\u00a0<a style=\"color: #000000;\" href=\"https:\/\/lapaginamillonaria.com\/tema\/enzo-perez\" target=\"_blank\" rel=\"noreferrer noopener\" data-t=\"{&quot;n&quot;:&quot;destination&quot;,&quot;t&quot;:13,&quot;b&quot;:1,&quot;c.t&quot;:7}\">Enzo P\u00e9rez<\/a>\u00a0es algo que, si existe, no sali\u00f3 del club: \u201c<em>Que yo tenga idea no hay ninguna conversaci\u00f3n o algo que se asemeje<\/em>\u201c, revel\u00f3 Brito descartando que en este mercado s\u00e9 d\u00e9 la vuelta del 24.<\/span><\/p>\n<div class=\"article-image-slot image-slot-placeholder\" data-doc-id=\"cms\/api\/amp\/image\/AA1pA3wo\">\n<div class=\"article-image-slot\">\n<div class=\"article-image-container\" data-t=\"{&quot;n&quot;:&quot;OpenModal&quot;,&quot;t&quot;:13,&quot;b&quot;:8,&quot;c.i&quot;:&quot;AA1pzOvu&quot;,&quot;c.l&quot;:true,&quot;c.t&quot;:13,&quot;c.v&quot;:&quot;sports&quot;,&quot;c.c&quot;:&quot;soccer&quot;,&quot;c.b&quot;:&quot;La Pagina Millonaria&quot;,&quot;c.bi&quot;:&quot;AAIiEMq&quot;,&quot;c.hl&quot;:&quot;Jorge Brito: la chance de que vuelva Enzo P\u00e9rez a River y por qu\u00e9 se fue Mart\u00edn Demichelis&quot;}\" data-test-id=\"AA1pA3wo\">\n<div class=\"article-image-height-wrapper expandable article-image-height-wrapper-new\" tabindex=\"0\" data-customhandled=\"true\" data-t=\"{&quot;n&quot;:&quot;destination&quot;,&quot;b&quot;:1,&quot;c.i&quot;:&quot;AA1pzOvu&quot;,&quot;c.l&quot;:true,&quot;c.t&quot;:13,&quot;c.v&quot;:&quot;sports&quot;,&quot;c.c&quot;:&quot;soccer&quot;,&quot;c.b&quot;:&quot;La Pagina Millonaria&quot;,&quot;c.bi&quot;:&quot;AAIiEMq&quot;,&quot;c.hl&quot;:&quot;Jorge Brito: la chance de que vuelva Enzo P\u00e9rez a River y por qu\u00e9 se fue Mart\u00edn Demichelis&quot;}\">\n<div><\/div>\n<p><img decoding=\"async\" class=\"article-image article-image-ux-impr article-image-new expandable\" title=\"Jorge Brito habl\u00f3 de Enzo P\u00e9rez\" src=\"https:\/\/img-s-msn-com.akamaized.net\/tenant\/amp\/entityid\/AA1pA3wo.img?w=768&amp;h=474&amp;m=6&amp;x=546&amp;y=143&amp;s=172&amp;d=172\" alt=\"Jorge Brito habl\u00f3 de Enzo P\u00e9rez\" \/><\/div>\n<div class=\"image-caption-container image-caption-container-ux-impr articlewc-image-caption-container \"><\/div>\n<\/div>\n<\/div>\n<\/div>\n<p class=\"continue-read-break\" data-t=\"{&quot;n&quot;:&quot;blueLinks&quot;}\">Sumado a esto,\u00a0Brito\u00a0cont\u00f3 que todos\u00a0en River<em>\u00a0\u201cestamos muy cercanos a \u00e9l\u201d<\/em>\u00a0ya que es una persona\u00a0<em>\u201cmuy querida de la casa\u201d<\/em>\u00a0por todo lo que pas\u00f3 pero que no hubo conversaciones al respecto sobre una posible vuelta tras su paso por\u00a0Estudiantes.<\/p>\n<p data-t=\"{&quot;n&quot;:&quot;blueLinks&quot;}\">Con un gran partido ante Boca,\u00a0el volante central de Estudiantes demostr\u00f3 que est\u00e1 en un gran nivel\u00a0y tent\u00f3 a los hinchas del Millonario con un \u00faltimo baile. Sin embargo, pareciera que para que esto ocurra habr\u00e1 que esperar al menos un tiempo m\u00e1s.<\/p>\n<div class=\"intra-article-module\" data-t=\"{&quot;n&quot;:&quot;intraArticle&quot;,&quot;t&quot;:13}\"><\/div>\n<h2 class=\"article-sub-heading\">Brito cont\u00f3 por qu\u00e9 se fue Demichelis<\/h2>\n<p data-t=\"{&quot;n&quot;:&quot;blueLinks&quot;}\">Sobre el ex entrenador del Millonario,\u00a0Jorge Brito\u00a0revel\u00f3 que el paso\u00a0<em>\u201cdej\u00f3 muy lindas huellas en lo profesional y en lo personal\u201d<\/em>\u00a0ya que alcanzar\u00a0<em>\u201ctres t\u00edtulos no es algo menor\u201d\u00a0<\/em>adem\u00e1s de\u00a0<em>\u201ctener una balance positivo con Boca\u201d<\/em>. Sin embargo, el presidente cont\u00f3 los motivos que lo llevaron a tomar esta decisi\u00f3n.<\/p>\n<p data-t=\"{&quot;n&quot;:&quot;blueLinks&quot;}\">Sobre la salida de Mart\u00edn Demichelis,\u00a0<a href=\"https:\/\/lapaginamillonaria.com\/tema\/jorge-brito\" target=\"_blank\" rel=\"noreferrer noopener\" data-t=\"{&quot;n&quot;:&quot;destination&quot;,&quot;t&quot;:13,&quot;b&quot;:1,&quot;c.t&quot;:7}\">Jorge Brito<\/a>\u00a0cont\u00f3 que desde el club\u00a0<em>\u201cvimos que por diferentes cuestiones era el momento para un cambio de ciclo\u201d.<\/em>\u00a0A su vez, explic\u00f3 que la primera charla con Gallardo\u00a0<em>\u201cfue despu\u00e9s del \u00faltimo partido de Demichelis\u201d.<\/em><\/p>\n<p style=\"text-align: center;\" data-t=\"{&quot;n&quot;:&quot;blueLinks&quot;}\"><img loading=\"lazy\" decoding=\"async\" class=\"alignnone size-full wp-image-12653\" src=\"https:\/\/www.sportchaco.com.ar\/wp-content\/uploads\/2024\/08\/CHACO-JUEGA-BANNERS-1_200X200-1-1.gif\" alt=\"\" width=\"200\" height=\"200\" \/><\/p>\n","protected":false},"excerpt":{"rendered":"<p>El presidente del CARP toc\u00f3 varios puntos durante una charla y fue totalmente sincero sobre el regreso del \u00eddolo. En los \u00faltimos d\u00edas del mercado de pases, en\u00a0River\u00a0empez\u00f3 a sonar con fuerza el nombre de\u00a0Enzo P\u00e9rez\u00a0para retirarse con la banda puesta.\u00a0Un rumor que se aliment\u00f3 de la presencia del ex capit\u00e1n en el Monumental\u00a0pero que, &hellip;<\/p>\n","protected":false},"author":2,"featured_media":12792,"comment_status":"open","ping_status":"open","sticky":false,"template":"","format":"standard","meta":{"footnotes":""},"categories":[47],"tags":[],"class_list":["post-12791","post","type-post","status-publish","format-standard","has-post-thumbnail","hentry","category-nacionales"],"_links":{"self":[{"href":"https:\/\/www.sportchaco.com.ar\/index.php?rest_route=\/wp\/v2\/posts\/12791","targetHints":{"allow":["GET"]}}],"collection":[{"href":"https:\/\/www.sportchaco.com.ar\/index.php?rest_route=\/wp\/v2\/posts"}],"about":[{"href":"https:\/\/www.sportchaco.com.ar\/index.php?rest_route=\/wp\/v2\/types\/post"}],"author":[{"embeddable":true,"href":"https:\/\/www.sportchaco.com.ar\/index.php?rest_route=\/wp\/v2\/users\/2"}],"replies":[{"embeddable":true,"href":"https:\/\/www.sportchaco.com.ar\/index.php?rest_route=%2Fwp%2Fv2%2Fcomments&post=12791"}],"version-history":[{"count":1,"href":"https:\/\/www.sportchaco.com.ar\/index.php?rest_route=\/wp\/v2\/posts\/12791\/revisions"}],"predecessor-version":[{"id":12793,"href":"https:\/\/www.sportchaco.com.ar\/index.php?rest_route=\/wp\/v2\/posts\/12791\/revisions\/12793"}],"wp:featuredmedia":[{"embeddable":true,"href":"https:\/\/www.sportchaco.com.ar\/index.php?rest_route=\/wp\/v2\/media\/12792"}],"wp:attachment":[{"href":"https:\/\/www.sportchaco.com.ar\/index.php?rest_route=%2Fwp%2Fv2%2Fmedia&parent=12791"}],"wp:term":[{"taxonomy":"category","embeddable":true,"href":"https:\/\/www.sportchaco.com.ar\/index.php?rest_route=%2Fwp%2Fv2%2Fcategories&post=12791"},{"taxonomy":"post_tag","embeddable":true,"href":"https:\/\/www.sportchaco.com.ar\/index.php?rest_route=%2Fwp%2Fv2%2Ftags&post=12791"}],"curies":[{"name":"wp","href":"https:\/\/api.w.org\/{rel}","templated":true}]}}