{"id":12802,"date":"2024-08-28T23:20:50","date_gmt":"2024-08-29T02:20:50","guid":{"rendered":"https:\/\/www.sportchaco.com.ar\/?p=12802"},"modified":"2024-08-29T12:25:24","modified_gmt":"2024-08-29T15:25:24","slug":"efemerides-del-29-de-agosto","status":"publish","type":"post","link":"https:\/\/www.sportchaco.com.ar\/?p=12802","title":{"rendered":"Efem\u00e9rides del 29 de agosto"},"content":{"rendered":"<p><strong>Esta es la Efem\u00e9rides del Deporte en el Chaco de un 29 de agosto periodista Luis Dar\u00edo Molodezky.<\/strong><\/p>\n<p><strong>\u00a0<\/strong><\/p>\n<p><strong> <img loading=\"lazy\" decoding=\"async\" class=\"alignnone size-medium wp-image-12604\" src=\"https:\/\/www.sportchaco.com.ar\/wp-content\/uploads\/2024\/08\/Molodezky-Luis-11-05-24-1-300x225.jpg\" alt=\"\" width=\"300\" height=\"225\" srcset=\"https:\/\/www.sportchaco.com.ar\/wp-content\/uploads\/2024\/08\/Molodezky-Luis-11-05-24-1-300x225.jpg 300w, https:\/\/www.sportchaco.com.ar\/wp-content\/uploads\/2024\/08\/Molodezky-Luis-11-05-24-1-1024x768.jpg 1024w, https:\/\/www.sportchaco.com.ar\/wp-content\/uploads\/2024\/08\/Molodezky-Luis-11-05-24-1-768x576.jpg 768w, https:\/\/www.sportchaco.com.ar\/wp-content\/uploads\/2024\/08\/Molodezky-Luis-11-05-24-1-1536x1153.jpg 1536w, https:\/\/www.sportchaco.com.ar\/wp-content\/uploads\/2024\/08\/Molodezky-Luis-11-05-24-1.jpg 1599w\" sizes=\"auto, (max-width: 300px) 100vw, 300px\" \/><\/strong><\/p>\n<p><strong>1942 <\/strong>\/ Un grupo de j\u00f3venes entusiastas de la Acci\u00f3n Cat\u00f3lica, liderados por el padre Juan Ibertoski, fueron convocados para integrar un equipo para representar a la parroquia de \u201cLa Inmaculada Concepci\u00f3n\u201d de Barranqueras en un partido a realizarse en Itat\u00ed. Aquel equipo llevar\u00eda el nombre de Don Orione y su primera camiseta, por propuesta de Don Julio Arbu\u00e9s, que era hincha de independiente, ser\u00eda roja con la inscripci\u00f3n \u201cOrione\u201d bordada en el pecho. Algunos de los integrantes de aquel equipo como Pepe Lestani, Eleuterio Gonz\u00e1lez y el mismo Julio Arbu\u00e9s ya ven\u00edan participando en campeonatos interbarriales en un equipo llamado \u201cLagunita F\u00fatbol Club\u201d.<\/p>\n<p><strong>1946 <\/strong>\/ Se funda el Club Deportivo \u201cSanta Roga\u201d en el Paraje El Palmar, por un grupo de abor\u00edgenes que viven al sur de Resistencia. Su principal animador es el cacique Antonio G\u00f3mez y Lino Ramos como capit\u00e1n del equipo de f\u00fatbol, contando con un modesto campo de juego \u201cubicado a dos kil\u00f3metros de La Liguria, cerca del almac\u00e9n propiedad de Zacar\u00edas \u00c1lvarez\u201d.<\/p>\n<p><strong>2022 \/<\/strong> Fallece a los 67 a\u00f1os el ex piloto de automovilismo y chasista de karting Francisco Pelado Zafra.\u00a0 Fe piloto de F\u00f3rmula Chaque\u00f1a y su experiencia la traslad\u00f3 a los karting como preparador. Amantes de los fierros, las motos y los Ford Falc\u00f3n, donde volc\u00f3 su pasi\u00f3n deportiva, Su padre Antonio, fue el primer intendente de la democracia recuperada en S\u00e1enz Pe\u00f1a en 1983.<\/p>\n<p>&nbsp;<\/p>\n<p><strong>Foto portada del Pelado Zafra junto a su F\u00f3rmula Chaque\u00f1a.<\/strong><\/p>\n<p>&nbsp;<\/p>\n<p style=\"text-align: center;\"><img loading=\"lazy\" decoding=\"async\" class=\"alignnone size-full wp-image-12653\" src=\"https:\/\/www.sportchaco.com.ar\/wp-content\/uploads\/2024\/08\/CHACO-JUEGA-BANNERS-1_200X200-1-1.gif\" alt=\"\" width=\"200\" height=\"200\" \/><\/p>\n","protected":false},"excerpt":{"rendered":"<p>Esta es la Efem\u00e9rides del Deporte en el Chaco de un 29 de agosto periodista Luis Dar\u00edo Molodezky. \u00a0 1942 \/ Un grupo de j\u00f3venes entusiastas de la Acci\u00f3n Cat\u00f3lica, liderados por el padre Juan Ibertoski, fueron convocados para integrar un equipo para representar a la parroquia de \u201cLa Inmaculada Concepci\u00f3n\u201d de Barranqueras en un &hellip;<\/p>\n","protected":false},"author":2,"featured_media":12803,"comment_status":"open","ping_status":"open","sticky":false,"template":"","format":"standard","meta":{"footnotes":""},"categories":[38,45],"tags":[],"class_list":["post-12802","post","type-post","status-publish","format-standard","has-post-thumbnail","hentry","category-agosto","category-efemerides-dia-por-dia"],"_links":{"self":[{"href":"https:\/\/www.sportchaco.com.ar\/index.php?rest_route=\/wp\/v2\/posts\/12802","targetHints":{"allow":["GET"]}}],"collection":[{"href":"https:\/\/www.sportchaco.com.ar\/index.php?rest_route=\/wp\/v2\/posts"}],"about":[{"href":"https:\/\/www.sportchaco.com.ar\/index.php?rest_route=\/wp\/v2\/types\/post"}],"author":[{"embeddable":true,"href":"https:\/\/www.sportchaco.com.ar\/index.php?rest_route=\/wp\/v2\/users\/2"}],"replies":[{"embeddable":true,"href":"https:\/\/www.sportchaco.com.ar\/index.php?rest_route=%2Fwp%2Fv2%2Fcomments&post=12802"}],"version-history":[{"count":1,"href":"https:\/\/www.sportchaco.com.ar\/index.php?rest_route=\/wp\/v2\/posts\/12802\/revisions"}],"predecessor-version":[{"id":12804,"href":"https:\/\/www.sportchaco.com.ar\/index.php?rest_route=\/wp\/v2\/posts\/12802\/revisions\/12804"}],"wp:featuredmedia":[{"embeddable":true,"href":"https:\/\/www.sportchaco.com.ar\/index.php?rest_route=\/wp\/v2\/media\/12803"}],"wp:attachment":[{"href":"https:\/\/www.sportchaco.com.ar\/index.php?rest_route=%2Fwp%2Fv2%2Fmedia&parent=12802"}],"wp:term":[{"taxonomy":"category","embeddable":true,"href":"https:\/\/www.sportchaco.com.ar\/index.php?rest_route=%2Fwp%2Fv2%2Fcategories&post=12802"},{"taxonomy":"post_tag","embeddable":true,"href":"https:\/\/www.sportchaco.com.ar\/index.php?rest_route=%2Fwp%2Fv2%2Ftags&post=12802"}],"curies":[{"name":"wp","href":"https:\/\/api.w.org\/{rel}","templated":true}]}}