{"id":1282,"date":"2023-10-04T20:04:00","date_gmt":"2023-10-04T23:04:00","guid":{"rendered":"https:\/\/www.sportchaco.com.ar\/?p=1282"},"modified":"2023-10-04T20:04:00","modified_gmt":"2023-10-04T23:04:00","slug":"confirman-el-horario-de-for-ever-defensa-y-justicia-por-la-copa-argentina","status":"publish","type":"post","link":"https:\/\/www.sportchaco.com.ar\/?p=1282","title":{"rendered":"Confirman el horario de For Ever-Defensa y Justicia por la Copa Argentina"},"content":{"rendered":"<p>La organizaci\u00f3n de la Copa Argentina confirm\u00f3 que el partido entre Chaco For Ever y Defensa y Justicia, por la und\u00e9cima edici\u00f3n de este certamen, se jur\u00e1 el mi\u00e9rcoles 11 de octubre a las 21.10 en el estadio \u201c15 de abril\u201d de la ciudad de Santa Fe.<\/p>\n<p>El ganador del cotejo, se cruzar\u00e1 en la pr\u00f3xima instancia con el vencedor de San Lorenzo &#8211; San Mart\u00edn de San Juan, que jugar\u00e1n el martes 10 de octubre a las 17 en el estadio Juan Gilberto Funes de San Luis.<\/p>\n<p>El estadio 15 de Abril de Uni\u00f3n de Santa Fe que recibir\u00e1 al cotejo que disputar\u00e1 el equipo chaque\u00f1o solamente recibi\u00f3 un encuentro en esta edici\u00f3n de la Copa Argentina: el triunfo por 2-0 de San Mart\u00edn de Tucum\u00e1n sobre Deportivo Mor\u00f3n en 32avos de Final.<\/p>\n<p>El Albinegro, uno de los dos representantes del Ascenso que perdura en el certamen (el otro es el equipo sanjuanino), buscar\u00e1 convertirse en el primer equipo de la provincia entre los cuatro mejores; id\u00e9ntico objetivo tiene el Halc\u00f3n, uno de los dos conjuntos que mantiene la ilusi\u00f3n de conquistar la triple competencia.<\/p>\n<p>Por otra parte, el Cicl\u00f3n de Boedo, tercero en la tabla general de la Liga Profesional, buscar\u00e1 sellar su regreso a Semifinales despu\u00e9s de una \u00fanica incursi\u00f3n en la temporada 2012-2013, cuando termin\u00f3 como subcampe\u00f3n despu\u00e9s de caer con Arsenal. Por el lado del Verdinegro, ubicado en puestos de clasificaci\u00f3n al Reducido por el segundo ascenso a Primera, afrontar\u00e1 su estreno en la instancia. Adem\u00e1s de ser el mejor representante de la provincia cuyana en la historia del certamen, es uno de los dos conjuntos del Ascenso con la ilusi\u00f3n de repetir la consagraci\u00f3n de Hurac\u00e1n en la 2013-2014.<\/p>\n","protected":false},"excerpt":{"rendered":"<p>La organizaci\u00f3n de la Copa Argentina confirm\u00f3 que el partido entre Chaco For Ever y Defensa y Justicia, por la und\u00e9cima edici\u00f3n de este certamen, se jur\u00e1 el mi\u00e9rcoles 11 de octubre a las 21.10 en el estadio \u201c15 de abril\u201d de la ciudad de Santa Fe. El ganador del cotejo, se cruzar\u00e1 en la &hellip;<\/p>\n","protected":false},"author":3,"featured_media":1283,"comment_status":"open","ping_status":"open","sticky":false,"template":"","format":"standard","meta":{"footnotes":""},"categories":[5],"tags":[],"class_list":["post-1282","post","type-post","status-publish","format-standard","has-post-thumbnail","hentry","category-futbol"],"_links":{"self":[{"href":"https:\/\/www.sportchaco.com.ar\/index.php?rest_route=\/wp\/v2\/posts\/1282","targetHints":{"allow":["GET"]}}],"collection":[{"href":"https:\/\/www.sportchaco.com.ar\/index.php?rest_route=\/wp\/v2\/posts"}],"about":[{"href":"https:\/\/www.sportchaco.com.ar\/index.php?rest_route=\/wp\/v2\/types\/post"}],"author":[{"embeddable":true,"href":"https:\/\/www.sportchaco.com.ar\/index.php?rest_route=\/wp\/v2\/users\/3"}],"replies":[{"embeddable":true,"href":"https:\/\/www.sportchaco.com.ar\/index.php?rest_route=%2Fwp%2Fv2%2Fcomments&post=1282"}],"version-history":[{"count":1,"href":"https:\/\/www.sportchaco.com.ar\/index.php?rest_route=\/wp\/v2\/posts\/1282\/revisions"}],"predecessor-version":[{"id":1284,"href":"https:\/\/www.sportchaco.com.ar\/index.php?rest_route=\/wp\/v2\/posts\/1282\/revisions\/1284"}],"wp:featuredmedia":[{"embeddable":true,"href":"https:\/\/www.sportchaco.com.ar\/index.php?rest_route=\/wp\/v2\/media\/1283"}],"wp:attachment":[{"href":"https:\/\/www.sportchaco.com.ar\/index.php?rest_route=%2Fwp%2Fv2%2Fmedia&parent=1282"}],"wp:term":[{"taxonomy":"category","embeddable":true,"href":"https:\/\/www.sportchaco.com.ar\/index.php?rest_route=%2Fwp%2Fv2%2Fcategories&post=1282"},{"taxonomy":"post_tag","embeddable":true,"href":"https:\/\/www.sportchaco.com.ar\/index.php?rest_route=%2Fwp%2Fv2%2Ftags&post=1282"}],"curies":[{"name":"wp","href":"https:\/\/api.w.org\/{rel}","templated":true}]}}