{"id":12820,"date":"2024-08-29T15:55:44","date_gmt":"2024-08-29T18:55:44","guid":{"rendered":"https:\/\/www.sportchaco.com.ar\/?p=12820"},"modified":"2024-08-29T15:55:44","modified_gmt":"2024-08-29T18:55:44","slug":"doble-fecha-para-el-pre-federal-de-basquet","status":"publish","type":"post","link":"https:\/\/www.sportchaco.com.ar\/?p=12820","title":{"rendered":"Doble fecha para el Pre-Federal de B\u00e1squet"},"content":{"rendered":"<p><strong>29-08-2024<\/strong><\/p>\n<p><img loading=\"lazy\" decoding=\"async\" class=\" wp-image-11990 aligncenter\" src=\"https:\/\/www.sportchaco.com.ar\/wp-content\/uploads\/2024\/07\/Copy-of-CHACO-JUEGA-BANNERS-1_1200X200-1-300x50.gif\" alt=\"\" width=\"414\" height=\"69\" srcset=\"https:\/\/www.sportchaco.com.ar\/wp-content\/uploads\/2024\/07\/Copy-of-CHACO-JUEGA-BANNERS-1_1200X200-1-300x50.gif 300w, https:\/\/www.sportchaco.com.ar\/wp-content\/uploads\/2024\/07\/Copy-of-CHACO-JUEGA-BANNERS-1_1200X200-1-1024x171.gif 1024w, https:\/\/www.sportchaco.com.ar\/wp-content\/uploads\/2024\/07\/Copy-of-CHACO-JUEGA-BANNERS-1_1200X200-1-768x128.gif 768w\" sizes=\"auto, (max-width: 414px) 100vw, 414px\" \/><\/p>\n<p>La Federaci\u00f3n Chaque\u00f1a de B\u00e1squet oficializ\u00f3 que desde este jueves y hasta el domingo, tanto la zona A como la zona B del Pre-Federal de B\u00e1squet, llevar\u00e1 a cabo una doble fecha.<\/p>\n<p>La 4\u00aa fecha se jugar\u00e1 jueves y viernes, mientras que la 5\u00aa fecha se desarrollar\u00e1 de manera \u00edntegra el d\u00eda domingo.<\/p>\n<p><strong>Zona A<br \/>\nTODA LA 4\u00aa FECHA<\/strong><br \/>\n<strong>Jueves 29-08<\/strong><br \/>\nA las 21, Don Orione &#8211; Don Bosco<\/p>\n<p><strong>Viernes 30-08<\/strong><br \/>\nA las 21:30, Villa San Mart\u00edn &#8211; Acci\u00f3n<br \/>\nA las 22, Alvear &#8211; H\u00e9rcules<\/p>\n<p><strong>Libre:<\/strong> Italiana<\/p>\n<p><strong>TODA LA 5\u00aa FECHA<br \/>\nDomingo 01-09<br \/>\n<\/strong>A las 21, H\u00e9rcules &#8211; Don Orione<br \/>\nA las 21, Acci\u00f3n &#8211; Italiana<br \/>\nA las 21, Don Bosco &#8211; Villa San Mart\u00edn<br \/>\n<strong>Libre:<\/strong> Alvear<\/p>\n<p><strong>POSICIONES<\/strong><br \/>\nAlvear 6<br \/>\nH\u00e9rcules 4<br \/>\nDon Orione 4<br \/>\nVilla San Mart\u00edn 4<br \/>\nAcci\u00f3n 4<br \/>\nItaliana 3<br \/>\nDon Bosco 2<\/p>\n<p>&nbsp;<\/p>\n<p><strong>Zona B<br \/>\nTODA LA 4\u00aa FECHA<br \/>\nViernes 30-08<\/strong><br \/>\nA las 21:30, Hind\u00fa Club &#8211; Regatas Resistencia<br \/>\nA las 21:30, CUNE &#8211; JUVA<br \/>\nA las 22, Cultural &#8211; Pinedo Central<br \/>\n<strong>Libre:<\/strong> Espa\u00f1ola<\/p>\n<p><strong>TODA LA 5\u00aa FECHA<br \/>\n<\/strong>Domingo 01-09<br \/>\nA las 21, JUVA &#8211; Espa\u00f1ola<br \/>\nA las 21, Regatas Resistencia &#8211; CUNE<br \/>\nA las 21, Pinedo Central &#8211; Hind\u00fa Club<br \/>\n<strong>Libre:<\/strong> Cultural<strong><br \/>\n<\/strong><\/p>\n<p><strong>POSICIONES<\/strong><br \/>\nHind\u00fa Club 6<br \/>\nRegatas Resistencia 6<br \/>\nCultural 6<br \/>\nEspa\u00f1ola 4<br \/>\nPinedo Central 3<br \/>\nJUVA 3<br \/>\nCUNE 2<\/p>\n<p><img loading=\"lazy\" decoding=\"async\" class=\" wp-image-11993 aligncenter\" src=\"https:\/\/www.sportchaco.com.ar\/wp-content\/uploads\/2024\/07\/CHACO-JUEGA-BANNERS-1_200X200-1-1.gif\" alt=\"\" width=\"300\" height=\"300\" \/><\/p>\n","protected":false},"excerpt":{"rendered":"<p>29-08-2024 La Federaci\u00f3n Chaque\u00f1a de B\u00e1squet oficializ\u00f3 que desde este jueves y hasta el domingo, tanto la zona A como la zona B del Pre-Federal de B\u00e1squet, llevar\u00e1 a cabo una doble fecha. La 4\u00aa fecha se jugar\u00e1 jueves y viernes, mientras que la 5\u00aa fecha se desarrollar\u00e1 de manera \u00edntegra el d\u00eda domingo. Zona &hellip;<\/p>\n","protected":false},"author":3,"featured_media":12821,"comment_status":"open","ping_status":"open","sticky":false,"template":"","format":"standard","meta":{"footnotes":""},"categories":[3],"tags":[],"class_list":["post-12820","post","type-post","status-publish","format-standard","has-post-thumbnail","hentry","category-basquetbol"],"_links":{"self":[{"href":"https:\/\/www.sportchaco.com.ar\/index.php?rest_route=\/wp\/v2\/posts\/12820","targetHints":{"allow":["GET"]}}],"collection":[{"href":"https:\/\/www.sportchaco.com.ar\/index.php?rest_route=\/wp\/v2\/posts"}],"about":[{"href":"https:\/\/www.sportchaco.com.ar\/index.php?rest_route=\/wp\/v2\/types\/post"}],"author":[{"embeddable":true,"href":"https:\/\/www.sportchaco.com.ar\/index.php?rest_route=\/wp\/v2\/users\/3"}],"replies":[{"embeddable":true,"href":"https:\/\/www.sportchaco.com.ar\/index.php?rest_route=%2Fwp%2Fv2%2Fcomments&post=12820"}],"version-history":[{"count":1,"href":"https:\/\/www.sportchaco.com.ar\/index.php?rest_route=\/wp\/v2\/posts\/12820\/revisions"}],"predecessor-version":[{"id":12822,"href":"https:\/\/www.sportchaco.com.ar\/index.php?rest_route=\/wp\/v2\/posts\/12820\/revisions\/12822"}],"wp:featuredmedia":[{"embeddable":true,"href":"https:\/\/www.sportchaco.com.ar\/index.php?rest_route=\/wp\/v2\/media\/12821"}],"wp:attachment":[{"href":"https:\/\/www.sportchaco.com.ar\/index.php?rest_route=%2Fwp%2Fv2%2Fmedia&parent=12820"}],"wp:term":[{"taxonomy":"category","embeddable":true,"href":"https:\/\/www.sportchaco.com.ar\/index.php?rest_route=%2Fwp%2Fv2%2Fcategories&post=12820"},{"taxonomy":"post_tag","embeddable":true,"href":"https:\/\/www.sportchaco.com.ar\/index.php?rest_route=%2Fwp%2Fv2%2Ftags&post=12820"}],"curies":[{"name":"wp","href":"https:\/\/api.w.org\/{rel}","templated":true}]}}