{"id":12837,"date":"2024-08-29T22:59:13","date_gmt":"2024-08-30T01:59:13","guid":{"rendered":"https:\/\/www.sportchaco.com.ar\/?p=12837"},"modified":"2024-08-29T22:59:13","modified_gmt":"2024-08-30T01:59:13","slug":"javier-milei-y-el-decreto-de-las-sad-una-trampa-para-boca-river-y-todo-el-futbol-argentino","status":"publish","type":"post","link":"https:\/\/www.sportchaco.com.ar\/?p=12837","title":{"rendered":"Javier Milei y el decreto de las SAD: una trampa para Boca, River y todo el f\u00fatbol argentino"},"content":{"rendered":"<div class=\"article__header max-width-md\">\n<h1 class=\"article__title\"><\/h1>\n<h2 class=\"article__headline\">No hay ninguna duda que el Gobierno puede crear las SAD, lo que cuestionamos es que\u00a0 obligue a la \u00a0AFA, a que habilite una competencia desleal,\u00a0 donde convivan las asociaciones civiles con grupos econ\u00f3micos a los que solo les interese el f\u00fatbol como negocio.<\/h2>\n<\/div>\n<div class=\"col-fluid col-fluid-max col-fluid--clip\">\n<div class=\"article__media\">\n<figure id=\"js-main-image\" class=\"article__image pointer\"><picture class=\"cls-optimized\"><source srcset=\"https:\/\/fotos.perfil.com\/2024\/08\/27\/trim\/570\/321\/cavani-y-borja-1861382.jpg?webp\" type=\"image\/webp\" media=\"(max-width: 570px)\" \/><source srcset=\"https:\/\/fotos.perfil.com\/2024\/08\/27\/trim\/987\/555\/cavani-y-borja-1861382.jpg?webp\" type=\"image\/webp\" \/><source srcset=\"https:\/\/fotos.perfil.com\/2024\/08\/27\/trim\/570\/321\/cavani-y-borja-1861382.jpg\" media=\"(max-width: 570px)\" \/><img loading=\"lazy\" decoding=\"async\" class=\"img-fluid\" src=\"https:\/\/fotos.perfil.com\/2024\/08\/27\/trim\/987\/555\/cavani-y-borja-1861382.jpg\" alt=\"Cavani y Borja\" width=\"300\" height=\"180\" \/><\/picture><figcaption class=\"article__image-caption\">Edison Cavani y Miguel Borja<span class=\"credito-foto\">\u00a0| NA<\/span><\/figcaption><\/figure>\n<\/div>\n<div class=\"article__main max-width-md\">\n<div class=\"article__wrapper\">\n<div class=\"article__author-date\">\n<div class=\"author\">\n<div class=\"author__name\">Alejandro Korz (*) Publicado por Perfil<\/div>\n<\/div>\n<p><time class=\"article__date\" datetime=\"2024-08-27T15:55:16.000000Z\">27-08-2024\u00a0<\/time><\/div>\n<div id=\"article-content\" class=\"article__content standard\">\n<p>\u201cHecha la Ley, hecha la trampa\u00bb modifiquemos la palabra ley por Decreto y\u00a0 encontraremos que el antiguo refr\u00e1n tiene plena vigencia.<\/p>\n<p>El d\u00eda 14 de Agosto de 2024,\u00a0 el\u00a0Poder Ejecutivo Nacional, en una nuevo cap\u00edtulo del\u00a0 cl\u00e1sico\u00a0 SAD vs Asociaci\u00f3n Civil,\u00a0 public\u00f3 en el Bolet\u00edn Oficial el Decreto\u00a0 730\/2024, mediante el mismo Reglament\u00f3 disposiciones del DNU 70\/2023,\u00a0 en clara violaci\u00f3n a principios b\u00e1sicos del Derecho como el principio de jerarqu\u00eda y el principio de razonabilidad.<\/p>\n<p><img decoding=\"async\" src=\"https:\/\/fotos.perfil.com\/\/2024\/08\/24\/900\/0\/24082024mileibcrbolsacomercioafpg-1859920.jpg\" alt=\"24082024_milei_bcr_bolsa_comercio_afp_g\" \/><\/p>\n<div class=\"subscription\">\n<div class=\"subscription__title\">Esto no les gusta a los autoritarios<\/div>\n<div class=\"subscription__container\">\n<div class=\"subscription__text-wrapper\">\n<div class=\"subscription__main-text\">El ejercicio del periodismo profesional y cr\u00edtico es un pilar fundamental de la democracia. Por eso molesta a quienes creen ser los due\u00f1os de la verdad.<\/div>\n<div class=\"subscription__cta-wrapper\">Hoy m\u00e1s que nunca<\/div>\n<\/div>\n<\/div>\n<div class=\"subscription__footer\">\n<div class=\"subscription__logo\"><\/div>\n<\/div>\n<div class=\"subscription__media\"><\/div>\n<\/div>\n<p>No\u00a0se puede dejar de soslayar,\u00a0 que\u00a0 al publicar la nueva normativa lo hizo desafiando:<\/p>\n<p>1) El pronunciamiento de las autoridades de la AFA (entidad aut\u00f3noma) y\u00a0 la postura de las Comisiones Directivas de los 3.5000 clubes que la integran (entidades privadas)\u00a0 que por supuesto\u00a0\u00a0 tienen la libertad de asociarse con fines \u00fatiles (Art.\u00a0 14 de CN y Art.16 de la Convenci\u00f3n Americana Sobre Derechos Humanos),\u00a0\u00a0 y ello definitivamente incluye la potestad de organizar las competencias,\u00a0 \u00fanicamente con clubes que compartan la misma forma jur\u00eddica (asociaciones civiles).<\/p>\n<p>2) Que existe una medida judicial vigente,\u00a0 dictada por el Juez\u00a0 Elpidio Portocarrero Tezanos Pinto,\u00a0 Titular \u00a0del\u00a0<strong>Juzgado Federal de Mercedes<\/strong>,\u00a0 que\u00a0 hab\u00eda dispuesto el 30 de enero de 2024 la suspensi\u00f3n ( luego confirmada por los jueces\u00a0\u00a0<strong>Juan Pablo Salas, Marcos Moran y Marcelo Dar\u00edo Fern\u00e1ndez, integrantes de<\/strong>\u00a0la C\u00e1mara Federal de San Mart\u00edn) de los art\u00edculos 335 y\u00a0 345 del DNU 70\/2023 que habilita la transformaci\u00f3n de las Asociaciones Civiles en SAD\u00a0 y que finalmente ser\u00e1 la CSJN la que deber\u00e1 resolver sobre la constitucionalidad del DNU (obviamente por eso tanto inter\u00e9s en\u00a0 por un lado la designaci\u00f3n de Ariel Lijo y Manuel Garc\u00eda Mansilla\u00a0\u00a0 y por otro en la ampliaci\u00f3n de la CSJN a 9 miembros)<\/p>\n<p>3) Que el\u00a0 DNU 70\/2023 fue rechazado el 14\/03\/2024 por la C\u00e1mara de Senadores del Congreso de la Naci\u00f3n,\u00a0 al iniciar el periplo de control dise\u00f1ado por la ley 26.122,\u00a0 que es la que regula el tr\u00e1mite y los alcances de la intervenci\u00f3n del Congreso respecto de los DNU que dicta el Poder Ejecutivo Nacional.<\/p>\n<p>Pero pasemos a la trampa,\u00a0en el cambio al r\u00e9gimen de mayor\u00edas Antes de todos estos cambios,\u00a0 el tema parec\u00eda bastante sencillo,\u00a0 tanto en el art\u00edculo Art\u00edculo 162 (C\u00f3digo Civil y Comercial de la Naci\u00f3n) como en\u00a0 el Art\u00edculo 77 de la Ley 19550 (ley de Sociedades) se requer\u00eda la unanimidad de los miembros de las personas jur\u00eddicas\u00a0 para la transformaci\u00f3n (y ten\u00eda su l\u00f3gica porque es pasar de una Asociaci\u00f3n Civil a una forma totalmente opuesta como una Sociedad An\u00f3nima Deportiva)<\/p>\n<p>Para simplificar el camino,\u00a0 pasamos al voto de dos tercios de los asociados\u00a0(Art\u00edculo 347\u00a0 del DNU 70\/2023).Pero lo que definitivamente allana el terreno es el Art. 1 del\u00a0 DNU 730\/2024,\u00a0 porque ah\u00ed ya no se refiere a los dos tercios de los asociados, sino\u00a0\u00a0 a\u00a0 dos tercios de los presentes\u00a0 en la Asamblea Extraordinaria, que considere la\u00a0 decisi\u00f3n de transformarse en SAD.<\/p>\n<p style=\"text-align: center;\">\n<h2><strong>Los ejemplos de Boca Juniors y River Plate<\/strong><\/h2>\n<p>Vayamos a un caso concreto: Boca J\u00faniors es\u00a0 con River Plate uno de los dos clubes que tienen m\u00e1s socios en nuestro pa\u00eds\u00a0 y superan los 300.000.<\/p>\n<p><img decoding=\"async\" src=\"https:\/\/fotos.perfil.com\/\/2024\/06\/05\/900\/0\/riquelme-1814583.jpg\" alt=\"Riquelme\" \/><\/p>\n<p>a) Si\u00a0 la mayor\u00eda necesaria para transformar una asociaci\u00f3n civil en SAD, antes de la reforma era unanimidad, eran los 300.000 asociados<\/p>\n<p>b) Si luego pasamos a 2\/3 de los asociados, nos refer\u00edamos a unas 200.000 voluntades.<\/p>\n<p>c) Si en una nueva interpretaci\u00f3n, descontamos a los socios adherentes (sin derechos pol\u00edticos) a los que no tienen edad o antig\u00fcedad para votar o se encuentran en mora con el pago de las cuotas sociales, y tomamos como referencia el padr\u00f3n de las \u00faltimas elecciones en 2023,\u00a0 el n\u00famero se reduce a poco m\u00e1s de 94.000 socios, por lo que los 2\/3 ser\u00edan 62.000.<\/p>\n<p>d)\u00a0 Tengamos en cuenta que no todos concurren a las elecciones,\u00a0 En las \u00faltimas triunf\u00f3 Riquelme y votaron unos 45.000 socios,\u00a0 es decir que los 2\/3 quedar\u00edan en 30.000<\/p>\n<p>e) Pero, hete aqu\u00ed que&#8230;.!!\u00a0 Si\u00a0 solo se cuentan a los que participan en una Asamblea Extraordinaria,\u00a0\u00a0 en Boca J\u00faniors hay\u00a0 210 asamble\u00edstas,\u00a0\u00a0 de los cuales 140 pertenecen al oficialismo y 70 a la oposici\u00f3n, alcanzar\u00eda con sentar en la silla y que levanten la mano los Asamble\u00edstas de alg\u00fan oficialismo\u00a0 circunstancial (siguiendo con el caso\u00a0 Boca J\u00faniors por ejemplo si ganaba la formula Ibarra- Macri)<\/p>\n<p>f) Y si finalmente, \u00a0tomamos dos tercios sobre los presentes, tal vez\u00a0 con solo 100 votos positivos si existe una concurrencia de 150, se podr\u00eda transformar un club de 300.000 socios en una SAD.<\/p>\n<p>Ante una situaci\u00f3n as\u00ed, un asociado se encontrar\u00eda legitimado para acudir a la Justicia e\u00a0 impugnar la decisi\u00f3n sobre la base de la inconstitucionalidad de la reglamentaci\u00f3n.<\/p>\n<p><img decoding=\"async\" src=\"https:\/\/fotos.perfil.com\/\/2024\/08\/19\/900\/0\/gallardo-1856195.jpg\" alt=\"Gallardo\" \/><\/p>\n<p>Claro que Boca y River pueden continuar como Asociaciones Civiles (como en Espa\u00f1a lo hicieron Barcelona y Real Madrid) pero los invito a que realicen este c\u00e1lculo con clubes m\u00e1s chicos, con los del ascenso, con los del interior.<\/p>\n<p>Me pregunto si tendr\u00e1 que ver con estas cuestiones,\u00a0\u00a0la man\u00eda\u00a0 del Presidente Javier Milei, de citar en reiteradas ocasiones un pasaje b\u00edblico del libro de los Macabeos, donde unos pocos le ganan a muchos, porque cuentan con las fuerzas del cielo&#8230;<\/p>\n<p>De la mera lectura del\u00a0 Art\u00edculo 347 del Decreto 70\/2023, se advierte sin margen de dudas que no exist\u00eda nada por reglamentar. Se<strong>\u00a0<\/strong>establece claramente que se requiere el voto de los dos tercios de los asociados, esto es, de todos los asociados.<\/p>\n<p>Lo cierto es que a trav\u00e9s la Reglamentaci\u00f3n del DNU\u00a0 Bases,\u00a0 El Poder Ejecutivo lo modifica diametralmente y demuestra lo peligroso\u00a0 que pueden ser las reglamentaciones del Decreto y de la Ley Bases que poco le agradar\u00edan a Juan Bautista Alberdi. Tal vez\u00a0 Javier Milei deba releer algunos conceptos y frases del abogado y fil\u00f3sofo tucumano, por ejemplo al Presidente le gusta tratar de traidores a los\u00a0 que votan en contra de sus propuestas,\u00a0 Alberdi sosten\u00eda\u00a0 que\u00a0\u00a0<strong>\u00a0\u00ab<\/strong>Es un d\u00e9spota todo aquel que cree que ser opositor al Gobierno es ser traidor a la patria\u00bb.<\/p>\n<p>No hay ninguna duda que el Gobierno puede crear las SAD, lo que cuestionamos es que\u00a0 obligue a la \u00a0AFA, a que habilite una competencia desleal,\u00a0 donde convivan las asociaciones civiles con grupos econ\u00f3micos a los que solo les interese el f\u00fatbol como negocio, sin ning\u00fan rol social y\u00a0 que solo persiguen un fin de lucro, pero lo realmente inaudito es que adem\u00e1s las quiera habilitar de prepo y\u00a0\u00a0 con una normativa inconstitucional.<\/p>\n<p>La violaci\u00f3n del principio de jerarqu\u00eda de la norma, se produce porque una norma de menor rango (Decreto 730\/2024), no puede contradecir o entrar en conflicto,\u00a0 con una norma de cuestionada constitucionalidad pero de indudable mayor rango\u00a0 (DNU 70\/2023), es el modelo de la pir\u00e1mide jur\u00eddica que ense\u00f1aba el jurista austriaco\u00a0 Hans Kelsen.<\/p>\n<p>Por otra parte, el principio de razonabildad, garantiza la proporcionalidad y la coherencia en la aplicaci\u00f3n del derecho, en este caso no ocurre.<\/p>\n<p>Tal vez sea un buen momento,\u00a0 para organizar una gran marcha\u00a0 y plebiscitar la legitimidad de las SAD,\u00a0 como propuso \u00a0en un art\u00edculo\u00a0 de P\u00e1gina 12 el periodista Gustavo Veiga.<\/p>\n<p>Imagino, hinchas con variadas camisetas,\u00a0 participando de una movida pac\u00edfica, donde se solicite a los Diputados de las diferentes bancadas (muchos deben ser simpatizantes y\/o\u00a0 socios de diferentes clubes),\u00a0 la inmediata derogaci\u00f3n del DNU 70\/23, paralelamente aguardamos que la CSJN se expida sobre la Constitucionalidad del DNU original y de este Decreto Reglamentario.<\/p>\n<p>Los que empezaron a sentir en carne propia, los efectos de sus posturas son los villanos de esta historia.<\/p>\n<p>El rechazo lo sinti\u00f3 Javier Milei,\u00a0 por entonces Presidente electo. Cuando fue a la Bombonera a votar en las elecciones de Boca J\u00faniors.<\/p>\n<p>La misma suerte corri\u00f3\u00a0<strong>Federico\u00a0 Sturzenegger<\/strong>, ide\u00f3logo del DNU,\u00a0 en ocasi\u00f3n del cl\u00e1sico platense, por el descontento de los socios de su club Gimnasia y Esgrima de la Plata, entre insultos de los plate\u00edstas, primero se detuvo y mir\u00f3 desafiante, finalmente subi\u00f3 raudamente las escaleras\u00a0 y se refugi\u00f3 en un palco.<\/p>\n<p><img decoding=\"async\" src=\"https:\/\/fotos.perfil.com\/\/2024\/02\/26\/900\/0\/federico-sturzenegger-1760987.jpg\" alt=\"Federico Sturzenegger\" \/><\/p>\n<p>Otro que no la pas\u00f3 del todo bien, fue el Ministro de Justicia Mariano C\u00faneo Libarona,\u00a0 integrante de la Comisi\u00f3n Directiva de R\u00e1cing Club. Paso\u00a0 en muy poco tiempo de ser el abogado de Luis Segura en el bochornoso\u00a0 38 a 38,\u00a0 a\u00a0\u00a0 ser el redactor del Estatuto de su club que prohibe las SAD y ahora es\u00a0 una de las\u00a0 principales\u00a0 espadas\u00a0 que defiende la posibilidad de que arriben\u00a0 las SAD a los clubes. Su viraje tuvo efectos.\u00a0 En su \u00faltima\u00a0 visita al cilindro de Avellaneda, a pesar de que acude con custodios y tambi\u00e9n\u00a0 vea el partido desde un palco, fue cuestionado en el play\u00f3n de estacionamiento y\u00a0 la Agrupaci\u00f3n 25 de Marzo ya\u00a0 solicit\u00f3\u00a0 que su caso sea evaluado por el Tribunal de Disciplina para que se analice si infringe el Estatuto del club y en caso de que as\u00ed se determine,\u00a0 exigir su renuncia a la Comisi\u00f3n Directiva.<\/p>\n<p class=\"destacadoNota\"><a href=\"https:\/\/www.perfil.com\/noticias\/deportes\/un-nuevo-capitulo-de-la-guerra-entre-la-afa-y-el-gobierno-por-las-sad.phtml\" target=\"_blank\" rel=\"noopener\">Un nuevo cap\u00edtulo de la guerra entre la AFA y el Gobierno por las SAD<\/a><\/p>\n<p>Nadie en su sano juicio, y que conste que\u00a0 no me refiero a la salud mental del Presidente que supimos conseguir, puede pensar que todos los clubes que se convirtieron en\u00a0 SAD\u00a0 salieron campeones, que ninguno se fue al descenso o peor a\u00fan a la quiebra, lo que si resulta un denominador en com\u00fan,\u00a0 es que en ninguno se volvi\u00f3 a votar y que las ganancias en lugar de ser reinvertidas en nuevas instalaciones\u00a0 los accionistas\u00a0 se las pueden llevar.<\/p>\n<p>Por otra parte, en los art\u00edculos 14, 15 y 19 del Estatuto de FIFA,\u00a0 queda claro que\u00a0 las federaciones como la AFA,\u00a0 deben ser administradas de forma independiente y procurar que no se produzca ninguna injerencia por parte de terceros en sus asuntos internos.<\/p>\n<p><strong>La intervenci\u00f3n gubernamental, con declaraciones de funcionarios que no descartan la remoci\u00f3n de las autoridades y designar un interventor judicial,\u00a0\u00a0 puede llevar a sanciones que incluyen la exclusi\u00f3n de todas las competiciones internacionales, a nivel selecciones nacionales y clubes<\/strong><\/p>\n<p>El tema de permitir las SAD en el f\u00fatbol, no \u00a0reviste ninguna necesidad y urgencia (requisitos indispensables para un DNU)<\/p>\n<p>Salvo casos puntuales como Independiente o San Lorenzo, la mayor\u00eda de los clubes\u00a0 se\u00a0 encuentran con mejor salud\u00a0 financiera que el resto de las empresas nacionales.<\/p>\n<p>Para cambiar el modelo con m\u00e1s de 100 a\u00f1os de vida, donde los \u00fanicos due\u00f1os de los clubes son los socios,\u00a0 y que el negocio del\u00a0 f\u00fatbol quede\u00a0 en mano de inversores amigos se declama, como si fueran\u00a0 espejitos\u00a0 de colores,\u00a0 una\u00a0 supuesta lluvia de inversiones.<\/p>\n<p>No pueden exhibir sus balances, tampoco el origen de los fondos que acercar\u00edan y mucho menos que esto haya resultado una experiencia positiva en los pa\u00edses de Latinoam\u00e9rica.<\/p>\n<p>Por estas playas, no solo las aguas bajan turbias, muchas veces no acercan negocios sino negociados,\u00a0 para quedarse con la materia prima (jugadores de f\u00fatbol).<\/p>\n<p>El f\u00fatbol es una\u00a0 de las pocas actividades que realiza ventas, cada vez m\u00e1s abultadas en millones de d\u00f3lares.<\/p>\n<p>En los \u00faltimos dos a\u00f1os, River Plate y considerando solamente\u00a0 las\u00a0 cuatro\u00a0 principales transferencias,\u00a0 recaud\u00f3 m\u00e1s de 120 millones de d\u00f3lares a saber: Enzo Fern\u00e1ndez\u00a0 48.25 millones de euros (Benfica\/Chelsea en 2022 y 2023) Lucas Beltr\u00e1n 25 millones de euros (Florentina\u00a0 2023)<\/p>\n<p><img decoding=\"async\" src=\"https:\/\/fotos.perfil.com\/\/2024\/04\/18\/900\/0\/claudio-echeverri-river-plate-1787848.jpg\" alt=\"Claudio Echeverri River Plate\" \/><\/p>\n<p>23 millones de euros ( Manchester City en 2024) y Juli\u00e1n \u00c1lvarez (21.4 millones de euros a Manchester City en 2022)\u00a0 y pr\u00f3ximamente ser\u00e1n por ejemplo\u00a0 los Franco Mastantuono o\u00a0 Daniel Zabala con cl\u00e1usulas de salida por 45 y 30 millones de euros respectivamente.\u00a0No es para que se preocupe\u00a0 Cargill,\u00a0 pero nada despreciable, en especial para grupos econ\u00f3micos de dudosa procedencia y\/o solvencia.<\/p>\n<p>Nada de lo que analizamos seria posible sin la\u00a0 iniciativa del gobierno que\u00a0 no solo tiene un origen ideol\u00f3gico, probablemente existan empresarios \u201cfassilitadores\u201d de\u00a0 beneficios,\u00a0 para\u00a0 pol\u00edticos y funcionarios de turno.<\/p>\n<p>Resulta contradictorio que Javier Milei,\u00a0 que utiliz\u00f3\u00a0 hasta el hartazgo\u00a0 la palabra libertad,\u00a0 (al punto que muchos ya\u00a0 no recuerdan su verdadero significado o peor a\u00fan lo distorsionan y creen que se trata \u00fanicamente del libre mercado) no respete la libertad de decir que no. Su insistencia, obliga al igual que ocurre con otro tema importante como la violencia de g\u00e9nero,\u00a0 que se debe utilizar una frase categ\u00f3rica y contundente\u00a0 \u00abNO ES NO<strong>\u00ab<\/strong><\/p>\n<p>Ante la negativa, lo correcto\u00a0\u00a0 ser\u00eda\u00a0 que el Gobierno tome nota y lo acepte,\u00a0 pero redobla la apuesta y apela a un Decreto que desnaturaliza la mayor\u00eda requerida por el DNU.\u00a0 En definitiva, el Gobierno acude a\u00a0 la ayuda de\u00a0 las fuerzas del cielo (para que pocos puedan vencer a muchos) y por las dudas por si la mayor\u00eda silenciosa decide reaccionar, tiene preparadas\u00a0 las fuerzas de la tierra, por un lado con\u00a0 el Protocolo Anti-Marchas,\u00a0 de la que para Javier Milei pas\u00f3 de colocar bombas en jardines de Infantes\u00a0 a ser la persona ideal para\u00a0 el Ministerio de Seguridad\u00a0 Patricia Bullrich,\u00a0\u00a0\u00a0\u00a0 y por el otro lado\u00a0 la conformaci\u00f3n de una Corte Suprema de Justicia\u00a0 que le evite sorpresas.<\/p>\n<p><em>(*) Presidente Foro Social del Deporte,\u00a0Ex Presidente y Vicepresidente Club Atl\u00e9tico Atlanta<\/em><\/p>\n<div class=\"related-news\">\n<div class=\"aside__title\">Tambi\u00e9n te puede interesar<\/div>\n<\/div>\n<\/div>\n<\/div>\n<\/div>\n<\/div>\n","protected":false},"excerpt":{"rendered":"<p>No hay ninguna duda que el Gobierno puede crear las SAD, lo que cuestionamos es que\u00a0 obligue a la \u00a0AFA, a que habilite una competencia desleal,\u00a0 donde convivan las asociaciones civiles con grupos econ\u00f3micos a los que solo les interese el f\u00fatbol como negocio. Edison Cavani y Miguel Borja\u00a0| NA Alejandro Korz (*) Publicado por &hellip;<\/p>\n","protected":false},"author":2,"featured_media":12838,"comment_status":"open","ping_status":"open","sticky":false,"template":"","format":"standard","meta":{"footnotes":""},"categories":[47],"tags":[],"class_list":["post-12837","post","type-post","status-publish","format-standard","has-post-thumbnail","hentry","category-nacionales"],"_links":{"self":[{"href":"https:\/\/www.sportchaco.com.ar\/index.php?rest_route=\/wp\/v2\/posts\/12837","targetHints":{"allow":["GET"]}}],"collection":[{"href":"https:\/\/www.sportchaco.com.ar\/index.php?rest_route=\/wp\/v2\/posts"}],"about":[{"href":"https:\/\/www.sportchaco.com.ar\/index.php?rest_route=\/wp\/v2\/types\/post"}],"author":[{"embeddable":true,"href":"https:\/\/www.sportchaco.com.ar\/index.php?rest_route=\/wp\/v2\/users\/2"}],"replies":[{"embeddable":true,"href":"https:\/\/www.sportchaco.com.ar\/index.php?rest_route=%2Fwp%2Fv2%2Fcomments&post=12837"}],"version-history":[{"count":1,"href":"https:\/\/www.sportchaco.com.ar\/index.php?rest_route=\/wp\/v2\/posts\/12837\/revisions"}],"predecessor-version":[{"id":12839,"href":"https:\/\/www.sportchaco.com.ar\/index.php?rest_route=\/wp\/v2\/posts\/12837\/revisions\/12839"}],"wp:featuredmedia":[{"embeddable":true,"href":"https:\/\/www.sportchaco.com.ar\/index.php?rest_route=\/wp\/v2\/media\/12838"}],"wp:attachment":[{"href":"https:\/\/www.sportchaco.com.ar\/index.php?rest_route=%2Fwp%2Fv2%2Fmedia&parent=12837"}],"wp:term":[{"taxonomy":"category","embeddable":true,"href":"https:\/\/www.sportchaco.com.ar\/index.php?rest_route=%2Fwp%2Fv2%2Fcategories&post=12837"},{"taxonomy":"post_tag","embeddable":true,"href":"https:\/\/www.sportchaco.com.ar\/index.php?rest_route=%2Fwp%2Fv2%2Ftags&post=12837"}],"curies":[{"name":"wp","href":"https:\/\/api.w.org\/{rel}","templated":true}]}}