{"id":12840,"date":"2024-08-29T23:05:47","date_gmt":"2024-08-30T02:05:47","guid":{"rendered":"https:\/\/www.sportchaco.com.ar\/?p=12840"},"modified":"2024-08-29T23:57:39","modified_gmt":"2024-08-30T02:57:39","slug":"barinaga-el-septimo-refuerzo-para-boca","status":"publish","type":"post","link":"https:\/\/www.sportchaco.com.ar\/?p=12840","title":{"rendered":"Barinaga, el s\u00e9ptimo refuerzo para Boca"},"content":{"rendered":"<header class=\"article-header-wrapper\">\n<div class=\"article-header\">\n<h5 id=\"sonrie-diego-martinez:-boca-juniors-anuncio-la-contratacion-de-su-septimo-refuerzo-en-un-puesto-clave\" class=\"article-headline left\">Sonr\u00ede Diego Mart\u00ednez: Boca Juniors anunci\u00f3 la contrataci\u00f3n de su s\u00e9ptimo refuerzo en un puesto clave. El entrenador podr\u00e1 contar con Juan Barinaga de 23 a\u00f1os en un puesto vital de la defensa<\/h5>\n<\/div>\n<\/header>\n<article class=\"article\">\n<div class=\"sharebar-container\">\n<div class=\"sharebar-buttons-container\">\n<div class=\"sharebar-buttons button-save\" tabindex=\"0\" role=\"button\" aria-label=\"Guardar\"><\/div>\n<div class=\"sharebar-buttons-separator\"><\/div>\n<p>&nbsp;<\/p>\n<\/div>\n<\/div>\n<div class=\"body-article \">\n<div class=\"visual__image\"><img loading=\"lazy\" decoding=\"async\" class=\"\" src=\"https:\/\/www.infobae.com\/new-resizer\/l6G61ViJuOFfrOPKU_CJM8_9Qdc=\/420x315\/filters:format(webp):quality(85)\/cloudfront-us-east-1.images.arcpublishing.com\/infobae\/CHHPG7ZEVHB5SUYCPZRLOTOPNU.jpg%20420w\" sizes=\"auto, (min-width: 1560px) 856px, (min-width: 1000px) calc(74.63vw - 293px), (min-width: 780px) calc(100vw - 376px), (min-width: 580px) calc(100vw - 32px), 100vw\" srcset=\"https:\/\/www.infobae.com\/new-resizer\/l6G61ViJuOFfrOPKU_CJM8_9Qdc=\/420x315\/filters:format(webp):quality(85)\/cloudfront-us-east-1.images.arcpublishing.com\/infobae\/CHHPG7ZEVHB5SUYCPZRLOTOPNU.jpg 420w,https:\/\/www.infobae.com\/new-resizer\/3PyCG61BKivv6rZFny4YXRXzsX0=\/768x576\/filters:format(webp):quality(85)\/cloudfront-us-east-1.images.arcpublishing.com\/infobae\/CHHPG7ZEVHB5SUYCPZRLOTOPNU.jpg 768w,https:\/\/www.infobae.com\/new-resizer\/QosgD89yYKS3y-n9yq4EUlbag-k=\/992x744\/filters:format(webp):quality(85)\/cloudfront-us-east-1.images.arcpublishing.com\/infobae\/CHHPG7ZEVHB5SUYCPZRLOTOPNU.jpg 992w,https:\/\/www.infobae.com\/new-resizer\/3Alccax9S6lnYM2z906sx879qAE=\/1200x900\/filters:format(webp):quality(85)\/cloudfront-us-east-1.images.arcpublishing.com\/infobae\/CHHPG7ZEVHB5SUYCPZRLOTOPNU.jpg 1200w,https:\/\/www.infobae.com\/new-resizer\/vEHE3xVctyKfz7U2Q44JbKv0Mco=\/1440x1080\/filters:format(webp):quality(85)\/cloudfront-us-east-1.images.arcpublishing.com\/infobae\/CHHPG7ZEVHB5SUYCPZRLOTOPNU.jpg 1440w\" alt=\"Diego Mart\u00ednez podr\u00e1 contar con un refuerzo en un puesto clave (REUTERS\/Cristina Sille)\" width=\"800\" height=\"584\" data-src=\"https:\/\/www.infobae.com\/new-resizer\/l6G61ViJuOFfrOPKU_CJM8_9Qdc=\/420x315\/filters:format(webp):quality(85)\/cloudfront-us-east-1.images.arcpublishing.com\/infobae\/CHHPG7ZEVHB5SUYCPZRLOTOPNU.jpg 420w\" \/>Diego Mart\u00ednez podr\u00e1 contar con un refuerzo en un puesto clave (REUTERS\/Cristina Sille)<\/div>\n<p class=\"paragraph\">Tras varios idas y vueltas,\u00a0Boca Juniors\u00a0anunci\u00f3 la contrataci\u00f3n del lateral derecho de\u00a0Belgrano de C\u00f3rdoba,\u00a0Juan Barinaga. El\u00a0Xeneize\u00a0inform\u00f3 adem\u00e1s que el futbolista de\u00a023 a\u00f1os\u00a0se realizar\u00e1 la revisi\u00f3n m\u00e9dica este\u00a0viernes\u00a0y luego rubricar\u00e1 el contrato que lo unir\u00e1 a la entidad de\u00a0La Ribera\u00a0por un lapso de tres a\u00f1os y medio.<\/p>\n<p class=\"paragraph\">De esta manera, el entrenador\u00a0Diego Mart\u00ednez\u00a0contar\u00e1 con su s\u00e9ptimo refuerzo en el actual mercado de pases, luego de las llegadas de\u00a0Gary Medel,\u00a0Tom\u00e1s Belmonte,\u00a0Brian Aguirre,\u00a0Milton Gim\u00e9nez,\u00a0Agust\u00edn Martegani\u00a0y\u00a0Nacho Miram\u00f3n. A ellos se les suma el juvenil\u00a0Aaron Anselmino\u00a0de\u00a019 a\u00f1os\u00a0quien fue transferido al\u00a0Chelsea\u00a0de la\u00a0Inglaterra, que lo cedi\u00f3 por un a\u00f1o a\u00a0Boca Juniors.<\/p>\n<div class=\"visual__image\"><img loading=\"lazy\" decoding=\"async\" class=\"\" src=\"https:\/\/www.infobae.com\/new-resizer\/ViZG93gRJE7JCGcprDgH6zPxqJg=\/420x560\/filters:format(webp):quality(85)\/cloudfront-us-east-1.images.arcpublishing.com\/infobae\/MVSUCRUA3FF2VACNN6BTBGELLY.jfif%20420w\" sizes=\"auto, (min-width: 1560px) 856px, (min-width: 1000px) calc(74.63vw - 293px), (min-width: 780px) calc(100vw - 376px), (min-width: 580px) calc(100vw - 32px), 100vw\" srcset=\"https:\/\/www.infobae.com\/new-resizer\/ViZG93gRJE7JCGcprDgH6zPxqJg=\/420x560\/filters:format(webp):quality(85)\/cloudfront-us-east-1.images.arcpublishing.com\/infobae\/MVSUCRUA3FF2VACNN6BTBGELLY.jfif 420w,https:\/\/www.infobae.com\/new-resizer\/D_eaDu51Zjw4yNh0FtlYAIg3MWk=\/768x1024\/filters:format(webp):quality(85)\/cloudfront-us-east-1.images.arcpublishing.com\/infobae\/MVSUCRUA3FF2VACNN6BTBGELLY.jfif 768w,https:\/\/www.infobae.com\/new-resizer\/gqQ1GBDaZkJF5wjW0f3OtoubFTM=\/992x1323\/filters:format(webp):quality(85)\/cloudfront-us-east-1.images.arcpublishing.com\/infobae\/MVSUCRUA3FF2VACNN6BTBGELLY.jfif 992w,https:\/\/www.infobae.com\/new-resizer\/iUuzce4R9LwtTRyhTrlsNvsS6E8=\/1200x1600\/filters:format(webp):quality(85)\/cloudfront-us-east-1.images.arcpublishing.com\/infobae\/MVSUCRUA3FF2VACNN6BTBGELLY.jfif 1200w\" alt=\"El comunicado de Boca sobre la negociaci\u00f3n por Juan Barinaga\" width=\"1080\" height=\"1350\" data-src=\"https:\/\/www.infobae.com\/new-resizer\/ViZG93gRJE7JCGcprDgH6zPxqJg=\/420x560\/filters:format(webp):quality(85)\/cloudfront-us-east-1.images.arcpublishing.com\/infobae\/MVSUCRUA3FF2VACNN6BTBGELLY.jfif 420w\" \/>El comunicado de Boca sobre la negociaci\u00f3n por Juan Barinaga<\/div>\n<p class=\"paragraph\">Inicialmente,\u00a0Boca\u00a0present\u00f3 una oferta que inclu\u00eda\u00a02,5 millones de d\u00f3lares\u00a0y el pase del mediocampista\u00a0Esteban Rol\u00f3n, quien actualmente juega en\u00a0Belgrano\u00a0en calidad de pr\u00e9stamo hasta fin de este a\u00f1o. Sin embargo, las autoridades del club cordob\u00e9s rechazaron la inclusi\u00f3n de jugadores en la operaci\u00f3n, prefiriendo una oferta monetaria pura.\u00a0Respondieron con una contrapropuesta de 3,5 millones de d\u00f3lares limpios., lo que llev\u00f3 a\u00a0Boca\u00a0a ajustar nuevamente su oferta.<\/p>\n<p class=\"paragraph\">Finalmente,\u00a0Boca Juniors\u00a0propuso pagar\u00a02,5 millones de d\u00f3lares\u00a0por el total del pase de\u00a0Juan Barinaga, adem\u00e1s de otorgar a\u00a0Belgrano\u00a0un\u00a015% de plusval\u00eda\u00a0en una futura venta del jugador. Esta nueva oferta se ajust\u00f3 m\u00e1s a las expectativas del\u00a0Pirata, lo que allan\u00f3 el camino para la concreci\u00f3n del traspaso.\u00a0El joven lateral derecho, quien ha demostrado un alto potencial con tan solo\u00a023 a\u00f1os, reforzar\u00e1 un puesto clave debido a que el\u00a0Xeneize\u00a0no cuenta con un reemplazante natural de\u00a0Luis Adv\u00edncula\u00a0y fue una necesidad necesidad espec\u00edfica planteada por el entrenador.<\/p>\n<p class=\"paragraph\">Vale recordar que\u00a0Lucas Blondel\u00a0se encuentra en recuperaci\u00f3n tras sufrir una lesi\u00f3n ligamentaria y no estar\u00eda disponible hasta octubre, lo que justificaba la urgencia por reforzar la zona. Adem\u00e1s, los jugadores que utiliz\u00f3\u00a0Diego Mart\u00ednez\u00a0en el puesto no rindieron:\u00a0Nicol\u00e1s Figal\u00a0(es marcador central),\u00a0Marcelo Saracchi\u00a0(es lateral izquierdo),\u00a0Dylan Gorosito\u00a0(fue reemplazado en el entretiempo tras su flojo debut como titular ante\u00a0Defensa y Justicia),\u00a0Lautaro Di Lollo\u00a0(es marcador central) y\u00a0Jabes Saralegui\u00a0(es mediocampista).<\/p>\n<div class=\"visual__image\">El centrocampista de Internacional Alan Patrick (I) y el defensor de Belgrano Juan Barinaga luchan por la pelota durante el partido de ida de la fase de grupos de la Copa Sudamericana entre Belgrano de Argentina e Internacional de Brasil en el estadio Mario Alberto Kempes en C\u00f3rdoba, Argentina, el 2 de abril de 2024. (Foto de Diego Lima \/ AFP)<\/div>\n<p class=\"paragraph\">Oriundo de Rosario, Juan Barinaga inici\u00f3 su carrera futbol\u00edstica en Newell\u2019s a los 13 a\u00f1os. En 2017, pas\u00f3 a Belgrano de C\u00f3rdoba donde debut\u00f3 en 2019, en el empate 1-1 ante Deportivo Mor\u00f3n y anot\u00f3 su primer tanto el 5 de diciembre de 2020 ante Independiente Rivadavia de Mendoza, en la goleada del Pirata por 3-0. Con su llegada, el DT respira ya que para el encuentro ante\u00a0Talleres de C\u00f3rdoba por la Copa Argentina, el pr\u00f3ximo 7 de septiembre en Mendoza, no podr\u00e1 contar con el peruano\u00a0Luis Adv\u00edncula\u00a0convocado a su selecci\u00f3n para la doble fecha FIFA.<\/p>\n<p class=\"paragraph\">Tras el arribo del ex jugador\u00a0<i>pirata<\/i>,\u00a0Boca Juniors\u00a0puede seguir en b\u00fasqueda de m\u00e1s refuerzos teniendo en cuenta que el mercado de pases a\u00fan no cerr\u00f3 para el f\u00fatbol local y para los jugadores que lleguen en condici\u00f3n de libres. Los \u00faltimos nombres que aparecieron en el radar fueron\u00a0<a href=\"https:\/\/www.infobae.com\/deportes\/2024\/08\/29\/boca-presiona-sobre-el-cierre-del-mercado-de-pases-para-quedarse-con-dos-joyas-del-futbol-argentino-la-firme-respuesta-que-recibio\/\" target=\"_blank\" rel=\"noopener noreferrer\">Claudio Aquino de V\u00e9lez Sarsfield y J\u00e1minton Campaz de Rosario Central<\/a>.<\/p>\n<p class=\"paragraph\">Pensando en el encuentro de este s\u00e1bado como local ante Rosario Central,\u00a0Diego Mart\u00ednez no podr\u00e1 contar con Lautaro Blanco\u00a0por haber acumulado su quinta amarilla ante Estudiantes. En su lugar,\u00a0ingresar\u00eda Marcelo Saracchi, quien justamente viene de cumplir su fecha de sanci\u00f3n por la expulsi\u00f3n ante San Lorenzo de Almagro. Adem\u00e1s,\u00a0Milton Gim\u00e9nez tampoco podr\u00e1 jugar\u00a0por la roja que recibi\u00f3 ante el Pincha, y en su lugar\u00a0podr\u00eda entrar Exequiel Zeballos. Habr\u00e1 que ver tambi\u00e9n c\u00f3mo se encuentra\u00a0Edinson Cavani\u00a0de su\u00a0lesi\u00f3n\u00a0que le impidi\u00f3 estar en los \u00faltimos dos encuentros, en La Plata y en Belo Horizonte frente a Cruzeiro. Fuente Infobae<\/p>\n<\/div>\n<p style=\"text-align: center;\"><img loading=\"lazy\" decoding=\"async\" class=\"alignnone size-full wp-image-12653\" src=\"https:\/\/www.sportchaco.com.ar\/wp-content\/uploads\/2024\/08\/CHACO-JUEGA-BANNERS-1_200X200-1-1.gif\" alt=\"\" width=\"200\" height=\"200\" \/><\/p>\n<\/article>\n","protected":false},"excerpt":{"rendered":"<p>Sonr\u00ede Diego Mart\u00ednez: Boca Juniors anunci\u00f3 la contrataci\u00f3n de su s\u00e9ptimo refuerzo en un puesto clave. El entrenador podr\u00e1 contar con Juan Barinaga de 23 a\u00f1os en un puesto vital de la defensa &nbsp; Diego Mart\u00ednez podr\u00e1 contar con un refuerzo en un puesto clave (REUTERS\/Cristina Sille) Tras varios idas y vueltas,\u00a0Boca Juniors\u00a0anunci\u00f3 la contrataci\u00f3n &hellip;<\/p>\n","protected":false},"author":2,"featured_media":12841,"comment_status":"open","ping_status":"open","sticky":false,"template":"","format":"standard","meta":{"footnotes":""},"categories":[47],"tags":[],"class_list":["post-12840","post","type-post","status-publish","format-standard","has-post-thumbnail","hentry","category-nacionales"],"_links":{"self":[{"href":"https:\/\/www.sportchaco.com.ar\/index.php?rest_route=\/wp\/v2\/posts\/12840","targetHints":{"allow":["GET"]}}],"collection":[{"href":"https:\/\/www.sportchaco.com.ar\/index.php?rest_route=\/wp\/v2\/posts"}],"about":[{"href":"https:\/\/www.sportchaco.com.ar\/index.php?rest_route=\/wp\/v2\/types\/post"}],"author":[{"embeddable":true,"href":"https:\/\/www.sportchaco.com.ar\/index.php?rest_route=\/wp\/v2\/users\/2"}],"replies":[{"embeddable":true,"href":"https:\/\/www.sportchaco.com.ar\/index.php?rest_route=%2Fwp%2Fv2%2Fcomments&post=12840"}],"version-history":[{"count":2,"href":"https:\/\/www.sportchaco.com.ar\/index.php?rest_route=\/wp\/v2\/posts\/12840\/revisions"}],"predecessor-version":[{"id":12848,"href":"https:\/\/www.sportchaco.com.ar\/index.php?rest_route=\/wp\/v2\/posts\/12840\/revisions\/12848"}],"wp:featuredmedia":[{"embeddable":true,"href":"https:\/\/www.sportchaco.com.ar\/index.php?rest_route=\/wp\/v2\/media\/12841"}],"wp:attachment":[{"href":"https:\/\/www.sportchaco.com.ar\/index.php?rest_route=%2Fwp%2Fv2%2Fmedia&parent=12840"}],"wp:term":[{"taxonomy":"category","embeddable":true,"href":"https:\/\/www.sportchaco.com.ar\/index.php?rest_route=%2Fwp%2Fv2%2Fcategories&post=12840"},{"taxonomy":"post_tag","embeddable":true,"href":"https:\/\/www.sportchaco.com.ar\/index.php?rest_route=%2Fwp%2Fv2%2Ftags&post=12840"}],"curies":[{"name":"wp","href":"https:\/\/api.w.org\/{rel}","templated":true}]}}