{"id":12843,"date":"2024-08-29T23:10:41","date_gmt":"2024-08-30T02:10:41","guid":{"rendered":"https:\/\/www.sportchaco.com.ar\/?p=12843"},"modified":"2024-08-29T23:10:41","modified_gmt":"2024-08-30T02:10:41","slug":"el-deporte-en-titulos","status":"publish","type":"post","link":"https:\/\/www.sportchaco.com.ar\/?p=12843","title":{"rendered":"El deporte en t\u00edtulos"},"content":{"rendered":"<div class=\"default-chain-ctn\">\n<div class=\"default-chain-inner-ctn default-chain-2\">\n<div class=\"story-card-ctn\">\n<div class=\"story-card-info\">\n<h2 class=\"story-card-hl\">Qui\u00e9n es Christine GZ, la periodista y piloto que protagoniz\u00f3 el divertido ida y vuelta con Franco Colapinto antes de su debut en la F\u00f3rmula 1<\/h2>\n<\/div>\n<div class=\"story-card-info\">\n<div class=\"story-card-details-ctn\"><\/div>\n<p><a class=\"story-card-img-ctn story-card-img-ctn-169\" href=\"https:\/\/www.infobae.com\/deportes\/2024\/08\/29\/quien-es-christine-gz-la-periodista-y-piloto-que-protagonizo-el-divertido-ida-y-vuelta-con-franco-colapinto-antes-de-su-debut-en-la-formula-1\/\" target=\"_self\" rel=\"noopener\"><img loading=\"lazy\" decoding=\"async\" class=\"story-card-img lazyload\" src=\"https:\/\/www.infobae.com\/new-resizer\/kDxttd9BsF84awzTOzUK39rVfwI=\/265x149\/filters:format(webp):quality(85)\/cloudfront-us-east-1.images.arcpublishing.com\/infobae\/HMKH56BWNBAVDKA4X6T552RWVE.jpg%20265w\" sizes=\"auto, (min-width: 1400px) 768px, (min-width: 1024px) 420px, 90vw\" srcset=\"https:\/\/www.infobae.com\/new-resizer\/kDxttd9BsF84awzTOzUK39rVfwI=\/265x149\/filters:format(webp):quality(85)\/cloudfront-us-east-1.images.arcpublishing.com\/infobae\/HMKH56BWNBAVDKA4X6T552RWVE.jpg 265w,https:\/\/www.infobae.com\/new-resizer\/tOhrtBuxehC7XAN-1ZrGKrikqV8=\/420x236\/filters:format(webp):quality(85)\/cloudfront-us-east-1.images.arcpublishing.com\/infobae\/HMKH56BWNBAVDKA4X6T552RWVE.jpg 420w,https:\/\/www.infobae.com\/new-resizer\/FFT-NMQO-aEvWYSHElV2hRFYGTg=\/768x432\/filters:format(webp):quality(85)\/cloudfront-us-east-1.images.arcpublishing.com\/infobae\/HMKH56BWNBAVDKA4X6T552RWVE.jpg 768w,https:\/\/www.infobae.com\/new-resizer\/taE09LOtiLcWFHEP6zzhq5ZTD_Q=\/992x558\/filters:format(webp):quality(85)\/cloudfront-us-east-1.images.arcpublishing.com\/infobae\/HMKH56BWNBAVDKA4X6T552RWVE.jpg 992w\" alt=\"Christine GZ\" width=\"100\" height=\"100\" data-src=\"https:\/\/www.infobae.com\/new-resizer\/kDxttd9BsF84awzTOzUK39rVfwI=\/265x149\/filters:format(webp):quality(85)\/cloudfront-us-east-1.images.arcpublishing.com\/infobae\/HMKH56BWNBAVDKA4X6T552RWVE.jpg 265w\" \/><\/a><\/div>\n<\/div>\n<div class=\"story-card-ctn\">\n<div class=\"story-card-info\">\n<h2 class=\"story-card-hl\">El divertido cruce de Franco Colapinto con la reportera Christine en su primer d\u00eda en la F\u00f3rmula 1: \u201cTen\u00eda muchas ganas que me hagas una nota vos\u201d<\/h2>\n<\/div>\n<div class=\"story-card-info\">\n<div class=\"story-card-details-ctn\"><\/div>\n<p><a class=\"story-card-img-ctn story-card-img-ctn-169\" href=\"https:\/\/www.infobae.com\/deportes\/2024\/08\/29\/el-divertido-cruce-de-franco-colapinto-con-la-reportera-christine-gz-en-su-primer-dia-en-la-formula-1-tenia-muchas-ganas-que-me-hagas-una-nota-vos\/\" target=\"_self\" rel=\"noopener\"><img loading=\"lazy\" decoding=\"async\" class=\"story-card-img lazyload\" src=\"https:\/\/www.infobae.com\/new-resizer\/R_aMNt9OKbaj4g7oJe1DMFZXA6E=\/265x149\/filters:format(webp):quality(85)\/cloudfront-us-east-1.images.arcpublishing.com\/infobae\/UTGY6R67MJBWHAKGTGN2MXH2U4.jpg%20265w\" sizes=\"auto, (min-width: 1400px) 768px, (min-width: 1024px) 420px, 90vw\" srcset=\"https:\/\/www.infobae.com\/new-resizer\/R_aMNt9OKbaj4g7oJe1DMFZXA6E=\/265x149\/filters:format(webp):quality(85)\/cloudfront-us-east-1.images.arcpublishing.com\/infobae\/UTGY6R67MJBWHAKGTGN2MXH2U4.jpg 265w,https:\/\/www.infobae.com\/new-resizer\/YRszbreVYlNWsCznejkB6UaK6Gk=\/420x236\/filters:format(webp):quality(85)\/cloudfront-us-east-1.images.arcpublishing.com\/infobae\/UTGY6R67MJBWHAKGTGN2MXH2U4.jpg 420w,https:\/\/www.infobae.com\/new-resizer\/5ADSqlr_GRKurCcM4V30-avsU-g=\/768x432\/filters:format(webp):quality(85)\/cloudfront-us-east-1.images.arcpublishing.com\/infobae\/UTGY6R67MJBWHAKGTGN2MXH2U4.jpg 768w,https:\/\/www.infobae.com\/new-resizer\/QNoeGlxE0n0x5__pC3lxYCApEDU=\/992x558\/filters:format(webp):quality(85)\/cloudfront-us-east-1.images.arcpublishing.com\/infobae\/UTGY6R67MJBWHAKGTGN2MXH2U4.jpg 992w\" alt=\"Franco Colapinto\" width=\"100\" height=\"100\" data-src=\"https:\/\/www.infobae.com\/new-resizer\/R_aMNt9OKbaj4g7oJe1DMFZXA6E=\/265x149\/filters:format(webp):quality(85)\/cloudfront-us-east-1.images.arcpublishing.com\/infobae\/UTGY6R67MJBWHAKGTGN2MXH2U4.jpg 265w\" \/><\/a><\/div>\n<\/div>\n<\/div>\n<\/div>\n<div class=\"default-chain-ctn\">\n<div class=\"title-bar chain-child\">\n<div class=\"title-bar-text title-bar-red\">\n<h2>ESPN<\/h2>\n<\/div>\n<\/div>\n<div class=\"default-chain-inner-ctn default-chain-1\">\n<div class=\"default-chain-ctn\">\n<div class=\"default-chain-inner-ctn default-chain-4\">\n<div class=\"story-card-ctn\">\n<div class=\"story-card-info\">\n<h2 class=\"story-card-hl\">\u00c1ngel Di Mar\u00eda se emocion\u00f3 al hablar de su despedida de la Selecci\u00f3n y se\u00f1al\u00f3 cu\u00e1l fue peor DT de su carrera: \u201cNo tengo ninguna duda\u201d<\/h2>\n<\/div>\n<div class=\"story-card-info\">\n<div class=\"story-card-details-ctn\"><\/div>\n<p><a class=\"story-card-img-ctn story-card-img-ctn-169\" href=\"https:\/\/www.infobae.com\/deportes\/2024\/08\/29\/angel-di-maria-se-emociono-al-hablar-de-su-despedida-de-la-seleccion-y-senalo-cual-fue-peor-dt-de-su-carrera-no-tengo-ninguna-duda\/\" target=\"_self\" rel=\"noopener\"><img loading=\"lazy\" decoding=\"async\" class=\"story-card-img lazyload\" src=\"https:\/\/www.infobae.com\/new-resizer\/V9WFy7CGUHGvi2scZgFY-6WiQHw=\/265x149\/filters:format(webp):quality(85)\/cloudfront-us-east-1.images.arcpublishing.com\/infobae\/WTPNKMS3MZADLCN6H2YQUWZACE%20265w\" sizes=\"auto, (min-width: 1440px) 20vw, (min-width: 1024px) 30vw, 90vw\" srcset=\"https:\/\/www.infobae.com\/new-resizer\/V9WFy7CGUHGvi2scZgFY-6WiQHw=\/265x149\/filters:format(webp):quality(85)\/cloudfront-us-east-1.images.arcpublishing.com\/infobae\/WTPNKMS3MZADLCN6H2YQUWZACE 265w,https:\/\/www.infobae.com\/new-resizer\/nA3uq3VNmIa5_V_mi4jBIpOMUFY=\/768x432\/filters:format(webp):quality(85)\/cloudfront-us-east-1.images.arcpublishing.com\/infobae\/WTPNKMS3MZADLCN6H2YQUWZACE 768w,https:\/\/www.infobae.com\/new-resizer\/xwkaZVsI3PrjriechiWhJksl2dA=\/992x558\/filters:format(webp):quality(85)\/cloudfront-us-east-1.images.arcpublishing.com\/infobae\/WTPNKMS3MZADLCN6H2YQUWZACE 992w,https:\/\/www.infobae.com\/new-resizer\/VJWIkOTciaiKHFOuzA7wwBRIBJY=\/1200x675\/filters:format(webp):quality(85)\/cloudfront-us-east-1.images.arcpublishing.com\/infobae\/WTPNKMS3MZADLCN6H2YQUWZACE 1200w,https:\/\/www.infobae.com\/new-resizer\/cV362kTabXcgJrf2-d0SQOyVzME=\/1440x810\/filters:format(webp):quality(85)\/cloudfront-us-east-1.images.arcpublishing.com\/infobae\/WTPNKMS3MZADLCN6H2YQUWZACE 1440w\" alt=\"\u00c1ngel Di Mar\u00eda se emocion\u00f3 al hablar de su despedida de la Selecci\u00f3n y se\u00f1al\u00f3 cu\u00e1l fue peor DT de su carrera: \u201cNo tengo ninguna duda\u201d\" width=\"100\" height=\"100\" data-src=\"https:\/\/www.infobae.com\/new-resizer\/V9WFy7CGUHGvi2scZgFY-6WiQHw=\/265x149\/filters:format(webp):quality(85)\/cloudfront-us-east-1.images.arcpublishing.com\/infobae\/WTPNKMS3MZADLCN6H2YQUWZACE 265w\" \/><\/a><\/div>\n<\/div>\n<div class=\"story-card-ctn\">\n<div class=\"story-card-info\">\n<h2 class=\"story-card-hl\">Facundo D\u00edaz Acosta cay\u00f3 con el brit\u00e1nico Jack Draper y se despidi\u00f3 del US Open<\/h2>\n<\/div>\n<div class=\"story-card-info\">\n<div class=\"story-card-details-ctn\"><\/div>\n<p><a class=\"story-card-img-ctn story-card-img-ctn-169\" href=\"https:\/\/www.infobae.com\/deportes\/2024\/08\/29\/facundo-diaz-acosta-cayo-con-el-britanico-jack-draper-y-se-despidio-del-us-open\/\" target=\"_self\" rel=\"noopener\"><img loading=\"lazy\" decoding=\"async\" class=\"story-card-img lazyload\" src=\"https:\/\/www.infobae.com\/new-resizer\/PHYE67sAxCqAC6VvOygTCnrV6Og=\/265x149\/filters:format(webp):quality(85)\/cloudfront-us-east-1.images.arcpublishing.com\/infobae\/LSE6KI3GPBCSLH6OS6LEJQOXIY.JPG%20265w\" sizes=\"auto, (min-width: 1440px) 20vw, (min-width: 1024px) 30vw, 90vw\" srcset=\"https:\/\/www.infobae.com\/new-resizer\/PHYE67sAxCqAC6VvOygTCnrV6Og=\/265x149\/filters:format(webp):quality(85)\/cloudfront-us-east-1.images.arcpublishing.com\/infobae\/LSE6KI3GPBCSLH6OS6LEJQOXIY.JPG 265w,https:\/\/www.infobae.com\/new-resizer\/ZMQ1pg8pON1_h4jDn8UUgLj7jsE=\/768x432\/filters:format(webp):quality(85)\/cloudfront-us-east-1.images.arcpublishing.com\/infobae\/LSE6KI3GPBCSLH6OS6LEJQOXIY.JPG 768w,https:\/\/www.infobae.com\/new-resizer\/6rQNDbQyvxWErcJzkFmQDCfa-eA=\/992x558\/filters:format(webp):quality(85)\/cloudfront-us-east-1.images.arcpublishing.com\/infobae\/LSE6KI3GPBCSLH6OS6LEJQOXIY.JPG 992w,https:\/\/www.infobae.com\/new-resizer\/WV5rTz0gT4ukR3re4W6uTa9gDyY=\/1200x675\/filters:format(webp):quality(85)\/cloudfront-us-east-1.images.arcpublishing.com\/infobae\/LSE6KI3GPBCSLH6OS6LEJQOXIY.JPG 1200w,https:\/\/www.infobae.com\/new-resizer\/gmArX_tTPjN_d0ktxnsTucqVTp8=\/1440x810\/filters:format(webp):quality(85)\/cloudfront-us-east-1.images.arcpublishing.com\/infobae\/LSE6KI3GPBCSLH6OS6LEJQOXIY.JPG 1440w\" alt=\"Facundo D\u00edaz Acosta cay\u00f3 con el brit\u00e1nico Jack Draper y se despidi\u00f3 del US Open\" width=\"100\" height=\"100\" data-src=\"https:\/\/www.infobae.com\/new-resizer\/PHYE67sAxCqAC6VvOygTCnrV6Og=\/265x149\/filters:format(webp):quality(85)\/cloudfront-us-east-1.images.arcpublishing.com\/infobae\/LSE6KI3GPBCSLH6OS6LEJQOXIY.JPG 265w\" \/><\/a><\/div>\n<\/div>\n<div class=\"story-card-ctn\">\n<div class=\"story-card-info\">\n<h2 class=\"story-card-hl\">Ins\u00f3lito accidente en la F\u00f3rmula 1: el auto de seguridad se despist\u00f3 y termin\u00f3 incrustado contra los muros de contenci\u00f3n<\/h2>\n<\/div>\n<div class=\"story-card-info\">\n<div class=\"story-card-details-ctn\"><\/div>\n<p><a class=\"story-card-img-ctn story-card-img-ctn-169\" href=\"https:\/\/www.infobae.com\/deportes\/2024\/08\/29\/insolito-accidente-en-la-formula-1-el-auto-de-seguridad-se-despisto-y-termino-incrustado-contra-los-muros-de-contencion\/\" target=\"_self\" rel=\"noopener\"><img loading=\"lazy\" decoding=\"async\" class=\"story-card-img lazyload\" src=\"https:\/\/www.infobae.com\/new-resizer\/-eTTDhArgDGyTaSpap8GxknFxXU=\/265x149\/filters:format(webp):quality(85)\/cloudfront-us-east-1.images.arcpublishing.com\/infobae\/SJVZKDKXQ5DD5HINYHBJDTBHKM.jpg%20265w\" sizes=\"auto, (min-width: 1440px) 20vw, (min-width: 1024px) 30vw, 90vw\" srcset=\"https:\/\/www.infobae.com\/new-resizer\/-eTTDhArgDGyTaSpap8GxknFxXU=\/265x149\/filters:format(webp):quality(85)\/cloudfront-us-east-1.images.arcpublishing.com\/infobae\/SJVZKDKXQ5DD5HINYHBJDTBHKM.jpg 265w,https:\/\/www.infobae.com\/new-resizer\/h1XNfV_4BXrma9qd_qXdd8fuKN0=\/768x432\/filters:format(webp):quality(85)\/cloudfront-us-east-1.images.arcpublishing.com\/infobae\/SJVZKDKXQ5DD5HINYHBJDTBHKM.jpg 768w,https:\/\/www.infobae.com\/new-resizer\/ZFrUpPi90hirwCSUNlf2JZNFQmM=\/992x558\/filters:format(webp):quality(85)\/cloudfront-us-east-1.images.arcpublishing.com\/infobae\/SJVZKDKXQ5DD5HINYHBJDTBHKM.jpg 992w,https:\/\/www.infobae.com\/new-resizer\/ZWyVg_5PiljOZdnPrfGQP61XaAA=\/1200x675\/filters:format(webp):quality(85)\/cloudfront-us-east-1.images.arcpublishing.com\/infobae\/SJVZKDKXQ5DD5HINYHBJDTBHKM.jpg 1200w,https:\/\/www.infobae.com\/new-resizer\/O-Y5wB540p8ParaBkJwMkk7SgIY=\/1440x810\/filters:format(webp):quality(85)\/cloudfront-us-east-1.images.arcpublishing.com\/infobae\/SJVZKDKXQ5DD5HINYHBJDTBHKM.jpg 1440w\" alt=\"Ins\u00f3lito accidente en la F\u00f3rmula 1: el auto de seguridad se despist\u00f3 y termin\u00f3 incrustado contra los muros de contenci\u00f3n\" width=\"100\" height=\"100\" data-src=\"https:\/\/www.infobae.com\/new-resizer\/-eTTDhArgDGyTaSpap8GxknFxXU=\/265x149\/filters:format(webp):quality(85)\/cloudfront-us-east-1.images.arcpublishing.com\/infobae\/SJVZKDKXQ5DD5HINYHBJDTBHKM.jpg 265w\" \/><\/a><\/div>\n<\/div>\n<div class=\"story-card-ctn\">\n<div class=\"story-card-info\">\n<h2 class=\"story-card-hl\">Los gestos de dolor de Azarenka tras sufrir migra\u00f1as durante un partido del US Open: \u201cNo podr\u00eda haber un peor momento\u201d<\/h2>\n<\/div>\n<div class=\"story-card-info\">\n<div class=\"story-card-details-ctn\"><\/div>\n<p><a class=\"story-card-img-ctn story-card-img-ctn-169\" href=\"https:\/\/www.infobae.com\/deportes\/2024\/08\/29\/los-gestos-de-dolor-de-azarenka-tras-sufrir-migranas-durante-un-partido-de-us-open-no-podria-haber-un-peor-momento\/\" target=\"_self\" rel=\"noopener\"><img loading=\"lazy\" decoding=\"async\" class=\"story-card-img lazyload\" src=\"https:\/\/www.infobae.com\/new-resizer\/65U618P-ttJifDoJOXoFohq5uUg=\/265x149\/filters:format(webp):quality(85)\/cloudfront-us-east-1.images.arcpublishing.com\/infobae\/YOSCWLIHCBD25MORHBCABH5DIM.jpg%20265w\" sizes=\"auto, (min-width: 1440px) 20vw, (min-width: 1024px) 30vw, 90vw\" srcset=\"https:\/\/www.infobae.com\/new-resizer\/65U618P-ttJifDoJOXoFohq5uUg=\/265x149\/filters:format(webp):quality(85)\/cloudfront-us-east-1.images.arcpublishing.com\/infobae\/YOSCWLIHCBD25MORHBCABH5DIM.jpg 265w,https:\/\/www.infobae.com\/new-resizer\/xdIE-qbryDmmPMQQxMjhl-0XOY4=\/768x432\/filters:format(webp):quality(85)\/cloudfront-us-east-1.images.arcpublishing.com\/infobae\/YOSCWLIHCBD25MORHBCABH5DIM.jpg 768w,https:\/\/www.infobae.com\/new-resizer\/qmyLk-ift3hSUDQkYkzFpsydXls=\/992x558\/filters:format(webp):quality(85)\/cloudfront-us-east-1.images.arcpublishing.com\/infobae\/YOSCWLIHCBD25MORHBCABH5DIM.jpg 992w,https:\/\/www.infobae.com\/new-resizer\/xziY_LM-Me2aEdN6m7wsEOCwNj4=\/1200x675\/filters:format(webp):quality(85)\/cloudfront-us-east-1.images.arcpublishing.com\/infobae\/YOSCWLIHCBD25MORHBCABH5DIM.jpg 1200w,https:\/\/www.infobae.com\/new-resizer\/uz9YGt8j8tVbobjMOqaK1ykDTu0=\/1440x810\/filters:format(webp):quality(85)\/cloudfront-us-east-1.images.arcpublishing.com\/infobae\/YOSCWLIHCBD25MORHBCABH5DIM.jpg 1440w\" alt=\"Los gestos de dolor de Azarenka tras sufrir migra\u00f1as durante un partido del US Open: \u201cNo podr\u00eda haber un peor momento\u201d\" width=\"100\" height=\"100\" data-src=\"https:\/\/www.infobae.com\/new-resizer\/65U618P-ttJifDoJOXoFohq5uUg=\/265x149\/filters:format(webp):quality(85)\/cloudfront-us-east-1.images.arcpublishing.com\/infobae\/YOSCWLIHCBD25MORHBCABH5DIM.jpg 265w\" \/><\/a><\/div>\n<\/div>\n<\/div>\n<\/div>\n<\/div>\n<\/div>\n<div class=\"three-elements-chain\">\n<div class=\"title-bar chain-child\">\n<div class=\"title-bar-text title-bar-orange\">\n<h2><\/h2>\n<\/div>\n<\/div>\n<div class=\"three-elements-chain-ctn three-elements-chain-left\">\n<div class=\"three-elements-chain-item three-elements-chain-big-card\">\n<div class=\"story-card-ctn\">\n<div class=\"story-card-info\">\n<h2 class=\"story-card-hl\">20 fotos del \u00faltimo adi\u00f3s al futbolista uruguayo Juan Izquierdo<\/h2>\n<div class=\"story-card-deck\">Una multitud manifest\u00f3 un profundo dolor colectivo por la p\u00e9rdida del defensor de 27 a\u00f1os que sufri\u00f3 un paro card\u00edaco en el partido entre San Pablo y Nacional de Montevideo por la Copa Libertadores<\/div>\n<\/div>\n<div class=\"story-card-info\">\n<div class=\"story-card-details-ctn\"><\/div>\n<p><a class=\"story-card-img-ctn story-card-img-ctn-169\" href=\"https:\/\/www.infobae.com\/deportes\/2024\/08\/29\/20-fotos-del-ultimo-adios-al-futbolista-uruguayo-juan-izquierdo\/\" target=\"_self\" rel=\"noopener\"><img loading=\"lazy\" decoding=\"async\" class=\"story-card-img lazyload\" src=\"https:\/\/www.infobae.com\/new-resizer\/vJ4JGBSoEKCdL1n57Xm9uBxjRx8=\/265x149\/filters:format(webp):quality(85)\/cloudfront-us-east-1.images.arcpublishing.com\/infobae\/FB3SUT37QNGENERW53O6L2SXPY.jpg%20265w\" sizes=\"auto, (min-width: 1400px) 768px, (min-width: 1024px) 420px, 90vw\" srcset=\"https:\/\/www.infobae.com\/new-resizer\/vJ4JGBSoEKCdL1n57Xm9uBxjRx8=\/265x149\/filters:format(webp):quality(85)\/cloudfront-us-east-1.images.arcpublishing.com\/infobae\/FB3SUT37QNGENERW53O6L2SXPY.jpg 265w,https:\/\/www.infobae.com\/new-resizer\/_M50knTib66bx5FL7QuiycKRUxY=\/420x236\/filters:format(webp):quality(85)\/cloudfront-us-east-1.images.arcpublishing.com\/infobae\/FB3SUT37QNGENERW53O6L2SXPY.jpg 420w,https:\/\/www.infobae.com\/new-resizer\/WL9M_bcWoL6fvTk0ttng1mb19uA=\/768x432\/filters:format(webp):quality(85)\/cloudfront-us-east-1.images.arcpublishing.com\/infobae\/FB3SUT37QNGENERW53O6L2SXPY.jpg 768w,https:\/\/www.infobae.com\/new-resizer\/581Nt5HIstzmC1nk5C_Qiqf4NF0=\/992x558\/filters:format(webp):quality(85)\/cloudfront-us-east-1.images.arcpublishing.com\/infobae\/FB3SUT37QNGENERW53O6L2SXPY.jpg 992w\" alt=\"fallecimiento de Juan Izquierdo\" width=\"100\" height=\"100\" data-src=\"https:\/\/www.infobae.com\/new-resizer\/vJ4JGBSoEKCdL1n57Xm9uBxjRx8=\/265x149\/filters:format(webp):quality(85)\/cloudfront-us-east-1.images.arcpublishing.com\/infobae\/FB3SUT37QNGENERW53O6L2SXPY.jpg 265w\" \/><\/a><\/div>\n<\/div>\n<\/div>\n<div class=\"three-elements-chain-item\">\n<div class=\"story-card-ctn\">\n<div class=\"story-card-info\">\n<h2 class=\"story-card-hl\">Los detalles de la asistencia econ\u00f3mica que recibir\u00e1 la familia de Juan Izquierdo, tras la muerte del futbolista a los 27 a\u00f1os<\/h2>\n<\/div>\n<div class=\"story-card-info\">\n<div class=\"story-card-details-ctn\"><\/div>\n<p><a class=\"story-card-img-ctn story-card-img-ctn-169\" href=\"https:\/\/www.infobae.com\/deportes\/2024\/08\/29\/los-detalles-de-la-asistencia-economica-que-recibira-la-familia-de-juan-izquierdo-tras-la-muerte-del-futbolista-a-los-27-anos\/\" target=\"_self\" rel=\"noopener\"><img loading=\"lazy\" decoding=\"async\" class=\"story-card-img lazyload\" src=\"https:\/\/www.infobae.com\/new-resizer\/jWGCc90Wq5lr7a2275Uwvhg7m3g=\/265x149\/filters:format(webp):quality(85)\/cloudfront-us-east-1.images.arcpublishing.com\/infobae\/LN6VGYSIYNKZNXI4PGHZFNINGE.jpg%20265w\" sizes=\"auto, (min-width: 1580px) 388px, (min-width: 1000px) calc(23.93vw + 15px), (min-width: 580px) calc(50vw - 24px), calc(100vw - 32px)\" srcset=\"https:\/\/www.infobae.com\/new-resizer\/jWGCc90Wq5lr7a2275Uwvhg7m3g=\/265x149\/filters:format(webp):quality(85)\/cloudfront-us-east-1.images.arcpublishing.com\/infobae\/LN6VGYSIYNKZNXI4PGHZFNINGE.jpg 265w,https:\/\/www.infobae.com\/new-resizer\/14MbPYaJOF1678xdeq_ppQI8yAc=\/420x236\/filters:format(webp):quality(85)\/cloudfront-us-east-1.images.arcpublishing.com\/infobae\/LN6VGYSIYNKZNXI4PGHZFNINGE.jpg 420w,https:\/\/www.infobae.com\/new-resizer\/xhzFRSUH0Gnz5qXTrVxmk5sV-zo=\/768x432\/filters:format(webp):quality(85)\/cloudfront-us-east-1.images.arcpublishing.com\/infobae\/LN6VGYSIYNKZNXI4PGHZFNINGE.jpg 768w,https:\/\/www.infobae.com\/new-resizer\/FxlZ5JPoXT9Buaw65ArfPAUTduk=\/992x558\/filters:format(webp):quality(85)\/cloudfront-us-east-1.images.arcpublishing.com\/infobae\/LN6VGYSIYNKZNXI4PGHZFNINGE.jpg 992w\" alt=\"Uruguayans bid their last farewell to soccer player Juan Izquierdo\" width=\"100\" height=\"100\" data-src=\"https:\/\/www.infobae.com\/new-resizer\/jWGCc90Wq5lr7a2275Uwvhg7m3g=\/265x149\/filters:format(webp):quality(85)\/cloudfront-us-east-1.images.arcpublishing.com\/infobae\/LN6VGYSIYNKZNXI4PGHZFNINGE.jpg 265w\" \/><\/a><\/div>\n<\/div>\n<\/div>\n<div class=\"three-elements-chain-item\">\n<div class=\"story-card-ctn\">\n<div class=\"story-card-info\">\n<h2 class=\"story-card-hl\">El mundo del f\u00fatbol despidi\u00f3 a Juan Izquierdo en el club Nacional de Uruguay: el conmevedor aplauso de los fan\u00e1ticos<\/h2>\n<\/div>\n<div class=\"story-card-info\">\n<div class=\"story-card-details-ctn\"><\/div>\n<p><a class=\"story-card-img-ctn story-card-img-ctn-169\" href=\"https:\/\/www.infobae.com\/deportes\/2024\/08\/29\/el-mundo-del-futbol-despide-a-juan-izquierdo-los-detalles-del-funeral\/\" target=\"_self\" rel=\"noopener\"><img loading=\"lazy\" decoding=\"async\" class=\"story-card-img lazyload\" src=\"https:\/\/www.infobae.com\/new-resizer\/8rljDhbdsPE_oU_-Qerqq309-q0=\/265x149\/filters:format(webp):quality(85)\/cloudfront-us-east-1.images.arcpublishing.com\/infobae\/OELN7AMW3WOI3F34CFWHLDUKWM.jpg%20265w\" sizes=\"auto, (min-width: 1580px) 388px, (min-width: 1000px) calc(23.93vw + 15px), (min-width: 580px) calc(50vw - 24px), calc(100vw - 32px)\" srcset=\"https:\/\/www.infobae.com\/new-resizer\/8rljDhbdsPE_oU_-Qerqq309-q0=\/265x149\/filters:format(webp):quality(85)\/cloudfront-us-east-1.images.arcpublishing.com\/infobae\/OELN7AMW3WOI3F34CFWHLDUKWM.jpg 265w,https:\/\/www.infobae.com\/new-resizer\/g6UkI6Mp3xpySfvhV1P2ODUfTVY=\/420x236\/filters:format(webp):quality(85)\/cloudfront-us-east-1.images.arcpublishing.com\/infobae\/OELN7AMW3WOI3F34CFWHLDUKWM.jpg 420w,https:\/\/www.infobae.com\/new-resizer\/pfAq8AfTqJcp9hnZgODCd1Ximvo=\/768x432\/filters:format(webp):quality(85)\/cloudfront-us-east-1.images.arcpublishing.com\/infobae\/OELN7AMW3WOI3F34CFWHLDUKWM.jpg 768w,https:\/\/www.infobae.com\/new-resizer\/zF57r_D5SXAm2jkphxvIQ-9FWQg=\/992x558\/filters:format(webp):quality(85)\/cloudfront-us-east-1.images.arcpublishing.com\/infobae\/OELN7AMW3WOI3F34CFWHLDUKWM.jpg 992w\" alt=\"Uruguayans bid their last farewell to soccer player Juan Izquierdo\" width=\"100\" height=\"100\" data-src=\"https:\/\/www.infobae.com\/new-resizer\/8rljDhbdsPE_oU_-Qerqq309-q0=\/265x149\/filters:format(webp):quality(85)\/cloudfront-us-east-1.images.arcpublishing.com\/infobae\/OELN7AMW3WOI3F34CFWHLDUKWM.jpg 265w\" \/><\/a><\/div>\n<\/div>\n<\/div>\n<\/div>\n<\/div>\n<div class=\"default-chain-ctn\">\n<div class=\"default-chain-inner-ctn default-chain-3\">\n<div class=\"story-card-ctn\">\n<div class=\"story-card-info\">\n<h2 class=\"story-card-hl\">Misteriosa muerte de un ex campe\u00f3n del mundo de canotaje: encontraron su cuerpo en una camioneta tras varios d\u00edas desaparecido<\/h2>\n<\/div>\n<div class=\"story-card-info\">\n<div class=\"story-card-details-ctn\"><\/div>\n<p><a class=\"story-card-img-ctn story-card-img-ctn-169\" href=\"https:\/\/www.infobae.com\/deportes\/2024\/08\/29\/misteriosa-muerte-de-un-ex-campeon-del-mundo-de-canotaje-encontraron-su-cuerpo-en-una-camioneta-tras-varios-dias-desaparecido\/\" target=\"_self\" rel=\"noopener\"><img loading=\"lazy\" decoding=\"async\" class=\"story-card-img lazyload\" src=\"https:\/\/www.infobae.com\/new-resizer\/W94uaIYKTj3htQq-V8h5IbMArtc=\/265x149\/filters:format(webp):quality(85)\/cloudfront-us-east-1.images.arcpublishing.com\/infobae\/VJTCJBUDTZEXPHU6IM22IW2PXE.png%20265w\" sizes=\"auto, (min-width: 1440px) 20vw, (min-width: 1024px) 30vw, 90vw\" srcset=\"https:\/\/www.infobae.com\/new-resizer\/W94uaIYKTj3htQq-V8h5IbMArtc=\/265x149\/filters:format(webp):quality(85)\/cloudfront-us-east-1.images.arcpublishing.com\/infobae\/VJTCJBUDTZEXPHU6IM22IW2PXE.png 265w,https:\/\/www.infobae.com\/new-resizer\/zQRNkawCUOZR1HxjEphg2HM5HDE=\/420x236\/filters:format(webp):quality(85)\/cloudfront-us-east-1.images.arcpublishing.com\/infobae\/VJTCJBUDTZEXPHU6IM22IW2PXE.png 420w,https:\/\/www.infobae.com\/new-resizer\/To5o8eljtGjaePG1xWmgPlFNp_s=\/768x432\/filters:format(webp):quality(85)\/cloudfront-us-east-1.images.arcpublishing.com\/infobae\/VJTCJBUDTZEXPHU6IM22IW2PXE.png 768w,https:\/\/www.infobae.com\/new-resizer\/chKcs0o39J62c0RX88stN2dWzqE=\/992x558\/filters:format(webp):quality(85)\/cloudfront-us-east-1.images.arcpublishing.com\/infobae\/VJTCJBUDTZEXPHU6IM22IW2PXE.png 992w\" alt=\"Juan Carlos Lopez Villalobos\" width=\"100\" height=\"100\" data-src=\"https:\/\/www.infobae.com\/new-resizer\/W94uaIYKTj3htQq-V8h5IbMArtc=\/265x149\/filters:format(webp):quality(85)\/cloudfront-us-east-1.images.arcpublishing.com\/infobae\/VJTCJBUDTZEXPHU6IM22IW2PXE.png 265w\" \/><\/a><\/div>\n<\/div>\n<div class=\"story-card-ctn\">\n<div class=\"story-card-info\">\n<h2 class=\"story-card-hl\">El inesperado premio que reparti\u00f3 Pep Guardiola entre los empleados de Manchester City por ganar la Premier League<\/h2>\n<\/div>\n<div class=\"story-card-info\">\n<div class=\"story-card-details-ctn\"><\/div>\n<p><a class=\"story-card-img-ctn story-card-img-ctn-169\" href=\"https:\/\/www.infobae.com\/deportes\/2024\/08\/29\/el-inesperado-premio-que-repartio-pep-guardiola-entre-los-empleados-de-manchester-city-por-ganar-la-premier-league\/\" target=\"_self\" rel=\"noopener\"><img loading=\"lazy\" decoding=\"async\" class=\"story-card-img lazyload\" src=\"https:\/\/www.infobae.com\/new-resizer\/Ixb7yAYBpdnIsfPoq_jKSx5AvPo=\/265x149\/filters:format(webp):quality(85)\/cloudfront-us-east-1.images.arcpublishing.com\/infobae\/5NH2MI42KVF4BJYHOFSTJJARGY%20265w\" sizes=\"auto, (min-width: 1440px) 20vw, (min-width: 1024px) 30vw, 90vw\" srcset=\"https:\/\/www.infobae.com\/new-resizer\/Ixb7yAYBpdnIsfPoq_jKSx5AvPo=\/265x149\/filters:format(webp):quality(85)\/cloudfront-us-east-1.images.arcpublishing.com\/infobae\/5NH2MI42KVF4BJYHOFSTJJARGY 265w,https:\/\/www.infobae.com\/new-resizer\/FT6xzZ5UaQ2eAyc8xKa2C33jiUk=\/420x236\/filters:format(webp):quality(85)\/cloudfront-us-east-1.images.arcpublishing.com\/infobae\/5NH2MI42KVF4BJYHOFSTJJARGY 420w,https:\/\/www.infobae.com\/new-resizer\/1jVXslJe5UsKX8kQKxatf2EJUgg=\/768x432\/filters:format(webp):quality(85)\/cloudfront-us-east-1.images.arcpublishing.com\/infobae\/5NH2MI42KVF4BJYHOFSTJJARGY 768w,https:\/\/www.infobae.com\/new-resizer\/wXE98VmW7Yu4FN-foneQtM-Nlp8=\/992x558\/filters:format(webp):quality(85)\/cloudfront-us-east-1.images.arcpublishing.com\/infobae\/5NH2MI42KVF4BJYHOFSTJJARGY 992w\" alt=\"FILE PHOTO: Premier League - Manchester City v West Ham United\" width=\"100\" height=\"100\" data-src=\"https:\/\/www.infobae.com\/new-resizer\/Ixb7yAYBpdnIsfPoq_jKSx5AvPo=\/265x149\/filters:format(webp):quality(85)\/cloudfront-us-east-1.images.arcpublishing.com\/infobae\/5NH2MI42KVF4BJYHOFSTJJARGY 265w\" \/><\/a><\/div>\n<\/div>\n<div class=\"story-card-ctn\">\n<div class=\"story-card-info\">\n<h2 class=\"story-card-hl\">Franco Colapinto tuvo su primer d\u00eda como piloto de F\u00f3rmula 1 y confes\u00f3: \u201cNo dorm\u00ed una noche por los nervios\u201d<\/h2>\n<\/div>\n<div class=\"story-card-info\">\n<div class=\"story-card-details-ctn\"><\/div>\n<p><a class=\"story-card-img-ctn story-card-img-ctn-169\" href=\"https:\/\/www.infobae.com\/deportes\/2024\/08\/29\/franco-colapinto-tuvo-su-primer-dia-como-piloto-de-formula-1-y-confeso-no-dormi-una-noche-por-los-nervios\/\" target=\"_self\" rel=\"noopener\"><img loading=\"lazy\" decoding=\"async\" class=\"story-card-img lazyload\" src=\"https:\/\/www.infobae.com\/new-resizer\/tt4k5ECpKgchKqOTavGxCouwLCo=\/265x149\/filters:format(webp):quality(85)\/cloudfront-us-east-1.images.arcpublishing.com\/infobae\/S34UOY5IIREY3NXVCKOYWVEO7U.jpg%20265w\" sizes=\"auto, (min-width: 1440px) 20vw, (min-width: 1024px) 30vw, 90vw\" srcset=\"https:\/\/www.infobae.com\/new-resizer\/tt4k5ECpKgchKqOTavGxCouwLCo=\/265x149\/filters:format(webp):quality(85)\/cloudfront-us-east-1.images.arcpublishing.com\/infobae\/S34UOY5IIREY3NXVCKOYWVEO7U.jpg 265w,https:\/\/www.infobae.com\/new-resizer\/yHuASTtBtDNnukDyVjOWLa_tPgA=\/420x236\/filters:format(webp):quality(85)\/cloudfront-us-east-1.images.arcpublishing.com\/infobae\/S34UOY5IIREY3NXVCKOYWVEO7U.jpg 420w,https:\/\/www.infobae.com\/new-resizer\/rK5GNaQap3_xQ472XDtYGjIC6cw=\/768x432\/filters:format(webp):quality(85)\/cloudfront-us-east-1.images.arcpublishing.com\/infobae\/S34UOY5IIREY3NXVCKOYWVEO7U.jpg 768w,https:\/\/www.infobae.com\/new-resizer\/8FezYr6EohRonyYeKOPNC8H9FOU=\/992x558\/filters:format(webp):quality(85)\/cloudfront-us-east-1.images.arcpublishing.com\/infobae\/S34UOY5IIREY3NXVCKOYWVEO7U.jpg 992w\" alt=\"Franco Colapinto williams monza F1 portada\" width=\"100\" height=\"100\" data-src=\"https:\/\/www.infobae.com\/new-resizer\/tt4k5ECpKgchKqOTavGxCouwLCo=\/265x149\/filters:format(webp):quality(85)\/cloudfront-us-east-1.images.arcpublishing.com\/infobae\/S34UOY5IIREY3NXVCKOYWVEO7U.jpg 265w\" \/><\/a><\/div>\n<\/div>\n<\/div>\n<\/div>\n<div class=\"story-card-ctn centered\">\n<div class=\"story-card-info centered\">\n<h2 class=\"story-card-hl hl-medium txtc\">Agust\u00edn Creevy anunci\u00f3 que se retira de Los Pumas en el partido frente a Australia por el Rugby Championship: \u201cMe voy vac\u00edo\u201d<\/h2>\n<\/div>\n<div class=\"story-card-info centered\">\n<div class=\"story-card-details-ctn centered\"><\/div>\n<\/div>\n<\/div>\n<div class=\"default-chain-ctn\">\n<div class=\"default-chain-inner-ctn default-chain-3\">\n<div class=\"story-card-ctn\">\n<div class=\"story-card-info\">\n<h2 class=\"story-card-hl\">Arde la interna en la tribuna de Gimnasia: las inquietantes amenazas de las dos barras que se disputan el poder<\/h2>\n<\/div>\n<div class=\"story-card-info\">\n<div class=\"story-card-details-ctn\"><\/div>\n<p><a class=\"story-card-img-ctn story-card-img-ctn-169\" href=\"https:\/\/www.infobae.com\/deportes\/2024\/08\/29\/arde-la-interna-en-la-tribuna-de-gimnasia-las-inquietantes-amenazas-de-las-dos-barras-que-se-disputan-el-poder\/\" target=\"_self\" rel=\"noopener\"><img loading=\"lazy\" decoding=\"async\" class=\"story-card-img lazyload\" src=\"https:\/\/www.infobae.com\/new-resizer\/cr_-Bv_WPAN1kGfG2lSpVnvWjgk=\/265x149\/filters:format(webp):quality(85)\/cloudfront-us-east-1.images.arcpublishing.com\/infobae\/UVX77RMO65BA7BES4I64VH7TJI.jpg%20265w\" sizes=\"auto, (min-width: 1440px) 20vw, (min-width: 1024px) 30vw, 90vw\" srcset=\"https:\/\/www.infobae.com\/new-resizer\/cr_-Bv_WPAN1kGfG2lSpVnvWjgk=\/265x149\/filters:format(webp):quality(85)\/cloudfront-us-east-1.images.arcpublishing.com\/infobae\/UVX77RMO65BA7BES4I64VH7TJI.jpg 265w,https:\/\/www.infobae.com\/new-resizer\/XiQw4SOo3h_wS9fgp8hdGyDRiqA=\/420x236\/filters:format(webp):quality(85)\/cloudfront-us-east-1.images.arcpublishing.com\/infobae\/UVX77RMO65BA7BES4I64VH7TJI.jpg 420w,https:\/\/www.infobae.com\/new-resizer\/FManO7MZKmavD-xEPYQeYi6Irlo=\/768x432\/filters:format(webp):quality(85)\/cloudfront-us-east-1.images.arcpublishing.com\/infobae\/UVX77RMO65BA7BES4I64VH7TJI.jpg 768w,https:\/\/www.infobae.com\/new-resizer\/PNcbiM6GjVEN-PFDXNXzyRNNQdY=\/992x558\/filters:format(webp):quality(85)\/cloudfront-us-east-1.images.arcpublishing.com\/infobae\/UVX77RMO65BA7BES4I64VH7TJI.jpg 992w\" alt=\"La respuesta de volador Camilleri en medio de la interna de la barra de Gimnasia\" width=\"100\" height=\"100\" data-src=\"https:\/\/www.infobae.com\/new-resizer\/cr_-Bv_WPAN1kGfG2lSpVnvWjgk=\/265x149\/filters:format(webp):quality(85)\/cloudfront-us-east-1.images.arcpublishing.com\/infobae\/UVX77RMO65BA7BES4I64VH7TJI.jpg 265w\" \/><\/a><\/div>\n<\/div>\n<div class=\"story-card-ctn\">\n<div class=\"story-card-info\">\n<h2 class=\"story-card-hl\">Se acerca el debut de Franco Colapinto en la F\u00f3rmula 1: las chances de pelear por puntos, la verdadera batalla en Williams y el objetivo principal<\/h2>\n<\/div>\n<div class=\"story-card-info\">\n<div class=\"story-card-details-ctn\"><span class=\"story-card-author-ctn\">Por<a class=\"story-card-author-name\" href=\"https:\/\/www.infobae.com\/autor\/roi-tamagni\/\" aria-label=\"Roi Tamagni\">Roi Tamagni<\/a><\/span><\/div>\n<p><a class=\"story-card-img-ctn story-card-img-ctn-169\" href=\"https:\/\/www.infobae.com\/deportes\/2024\/08\/29\/se-acerca-el-debut-de-franco-colapinto-en-la-formula-1-las-chances-de-pelear-por-puntos-la-verdadera-batalla-en-williams-y-el-objetivo-principal\/\" target=\"_self\" rel=\"noopener\"><img loading=\"lazy\" decoding=\"async\" class=\"story-card-img lazyload\" src=\"https:\/\/www.infobae.com\/new-resizer\/st6yAxPze3RPnQt9AB4onMlP2Bg=\/265x149\/filters:format(webp):quality(85)\/cloudfront-us-east-1.images.arcpublishing.com\/infobae\/5SSMBEAKEZG5DIA3SHQF3WULGE.jpg%20265w\" sizes=\"auto, (min-width: 1440px) 20vw, (min-width: 1024px) 30vw, 90vw\" srcset=\"https:\/\/www.infobae.com\/new-resizer\/st6yAxPze3RPnQt9AB4onMlP2Bg=\/265x149\/filters:format(webp):quality(85)\/cloudfront-us-east-1.images.arcpublishing.com\/infobae\/5SSMBEAKEZG5DIA3SHQF3WULGE.jpg 265w,https:\/\/www.infobae.com\/new-resizer\/ulL2e8gIIlta0sfn8XQiNR1pINo=\/420x236\/filters:format(webp):quality(85)\/cloudfront-us-east-1.images.arcpublishing.com\/infobae\/5SSMBEAKEZG5DIA3SHQF3WULGE.jpg 420w,https:\/\/www.infobae.com\/new-resizer\/_1F8vkMVA74hTfbPUk90bnbXNyI=\/768x432\/filters:format(webp):quality(85)\/cloudfront-us-east-1.images.arcpublishing.com\/infobae\/5SSMBEAKEZG5DIA3SHQF3WULGE.jpg 768w,https:\/\/www.infobae.com\/new-resizer\/w4TpuExpDAyKJMrkBfT58zg88R8=\/992x558\/filters:format(webp):quality(85)\/cloudfront-us-east-1.images.arcpublishing.com\/infobae\/5SSMBEAKEZG5DIA3SHQF3WULGE.jpg 992w\" alt=\"Franco Colapinto\" width=\"100\" height=\"100\" data-src=\"https:\/\/www.infobae.com\/new-resizer\/st6yAxPze3RPnQt9AB4onMlP2Bg=\/265x149\/filters:format(webp):quality(85)\/cloudfront-us-east-1.images.arcpublishing.com\/infobae\/5SSMBEAKEZG5DIA3SHQF3WULGE.jpg 265w\" \/><\/a><\/div>\n<\/div>\n<div class=\"story-card-ctn\">\n<div class=\"story-card-info\">\n<h2 class=\"story-card-hl\">La terminante decisi\u00f3n que tom\u00f3 Steph Curry en medio de los rumores de una mudanza a los Lakers de LeBron James<\/h2>\n<\/div>\n<div class=\"story-card-info\">\n<div class=\"story-card-details-ctn\"><\/div>\n<p><a class=\"story-card-img-ctn story-card-img-ctn-169\" href=\"https:\/\/www.infobae.com\/deportes\/2024\/08\/29\/la-terminante-decision-que-tomo-steph-curry-en-medio-de-los-rumores-de-una-mudanza-a-los-lakers-de-lebron-james\/\" target=\"_self\" rel=\"noopener\"><img loading=\"lazy\" decoding=\"async\" class=\"story-card-img lazyload\" src=\"https:\/\/www.infobae.com\/new-resizer\/KYBQM8acpJo2SP8lUnizfohKBrQ=\/265x149\/filters:format(webp):quality(85)\/cloudfront-us-east-1.images.arcpublishing.com\/infobae\/PFN7DDDUVBHOJNAKRRWD63X2FA%20265w\" sizes=\"auto, (min-width: 1440px) 20vw, (min-width: 1024px) 30vw, 90vw\" srcset=\"https:\/\/www.infobae.com\/new-resizer\/KYBQM8acpJo2SP8lUnizfohKBrQ=\/265x149\/filters:format(webp):quality(85)\/cloudfront-us-east-1.images.arcpublishing.com\/infobae\/PFN7DDDUVBHOJNAKRRWD63X2FA 265w,https:\/\/www.infobae.com\/new-resizer\/gqhfctC6EDO1SuLFHM-uszfP2CA=\/420x236\/filters:format(webp):quality(85)\/cloudfront-us-east-1.images.arcpublishing.com\/infobae\/PFN7DDDUVBHOJNAKRRWD63X2FA 420w,https:\/\/www.infobae.com\/new-resizer\/Cb9b2zfvyReAB9vKveB2yInT74M=\/768x432\/filters:format(webp):quality(85)\/cloudfront-us-east-1.images.arcpublishing.com\/infobae\/PFN7DDDUVBHOJNAKRRWD63X2FA 768w,https:\/\/www.infobae.com\/new-resizer\/18UYsuj27a8BQotsD3KYU5D4dMY=\/992x558\/filters:format(webp):quality(85)\/cloudfront-us-east-1.images.arcpublishing.com\/infobae\/PFN7DDDUVBHOJNAKRRWD63X2FA 992w\" alt=\"NBA: Playoffs-Golden State Warriors at Sacramento Kings\" width=\"100\" height=\"100\" data-src=\"https:\/\/www.infobae.com\/new-resizer\/KYBQM8acpJo2SP8lUnizfohKBrQ=\/265x149\/filters:format(webp):quality(85)\/cloudfront-us-east-1.images.arcpublishing.com\/infobae\/PFN7DDDUVBHOJNAKRRWD63X2FA 265w\" \/><\/a><\/div>\n<\/div>\n<\/div>\n<\/div>\n<div class=\"default-chain-ctn\">\n<div class=\"title-bar chain-child\">\n<div class=\"title-bar-text title-bar-orange\">\n<h2><\/h2>\n<\/div>\n<\/div>\n<\/div>\n","protected":false},"excerpt":{"rendered":"<p>Qui\u00e9n es Christine GZ, la periodista y piloto que protagoniz\u00f3 el divertido ida y vuelta con Franco Colapinto antes de su debut en la F\u00f3rmula 1 El divertido cruce de Franco Colapinto con la reportera Christine en su primer d\u00eda en la F\u00f3rmula 1: \u201cTen\u00eda muchas ganas que me hagas una nota vos\u201d ESPN \u00c1ngel &hellip;<\/p>\n","protected":false},"author":2,"featured_media":12845,"comment_status":"open","ping_status":"open","sticky":false,"template":"","format":"standard","meta":{"footnotes":""},"categories":[6],"tags":[],"class_list":["post-12843","post","type-post","status-publish","format-standard","has-post-thumbnail","hentry","category-internacionales"],"_links":{"self":[{"href":"https:\/\/www.sportchaco.com.ar\/index.php?rest_route=\/wp\/v2\/posts\/12843","targetHints":{"allow":["GET"]}}],"collection":[{"href":"https:\/\/www.sportchaco.com.ar\/index.php?rest_route=\/wp\/v2\/posts"}],"about":[{"href":"https:\/\/www.sportchaco.com.ar\/index.php?rest_route=\/wp\/v2\/types\/post"}],"author":[{"embeddable":true,"href":"https:\/\/www.sportchaco.com.ar\/index.php?rest_route=\/wp\/v2\/users\/2"}],"replies":[{"embeddable":true,"href":"https:\/\/www.sportchaco.com.ar\/index.php?rest_route=%2Fwp%2Fv2%2Fcomments&post=12843"}],"version-history":[{"count":1,"href":"https:\/\/www.sportchaco.com.ar\/index.php?rest_route=\/wp\/v2\/posts\/12843\/revisions"}],"predecessor-version":[{"id":12846,"href":"https:\/\/www.sportchaco.com.ar\/index.php?rest_route=\/wp\/v2\/posts\/12843\/revisions\/12846"}],"wp:featuredmedia":[{"embeddable":true,"href":"https:\/\/www.sportchaco.com.ar\/index.php?rest_route=\/wp\/v2\/media\/12845"}],"wp:attachment":[{"href":"https:\/\/www.sportchaco.com.ar\/index.php?rest_route=%2Fwp%2Fv2%2Fmedia&parent=12843"}],"wp:term":[{"taxonomy":"category","embeddable":true,"href":"https:\/\/www.sportchaco.com.ar\/index.php?rest_route=%2Fwp%2Fv2%2Fcategories&post=12843"},{"taxonomy":"post_tag","embeddable":true,"href":"https:\/\/www.sportchaco.com.ar\/index.php?rest_route=%2Fwp%2Fv2%2Ftags&post=12843"}],"curies":[{"name":"wp","href":"https:\/\/api.w.org\/{rel}","templated":true}]}}