{"id":12864,"date":"2024-08-30T23:26:19","date_gmt":"2024-08-31T02:26:19","guid":{"rendered":"https:\/\/www.sportchaco.com.ar\/?p=12864"},"modified":"2024-08-30T23:26:53","modified_gmt":"2024-08-31T02:26:53","slug":"juan-barinaga-fue-presentado-en-boca-juniors","status":"publish","type":"post","link":"https:\/\/www.sportchaco.com.ar\/?p=12864","title":{"rendered":"Juan Barinaga fue presentado en Boca Juniors"},"content":{"rendered":"<header class=\"article-header-wrapper\">\n<div class=\"article-header\">\n<h1 id=\"juan-barinaga-fue-presentado-en-boca-juniors:-de-la-ansiedad-para-que-se-concrete-su-llegada-al-tatuaje-que-fue-viral\" class=\"article-headline left\"><\/h1>\n<h2 class=\"article-subheadline left\"><span style=\"font-size: 16px; font-weight: 400;\">30 Ago, 2024<\/span><\/h2>\n<h2 class=\"article-subheadline left\">El jugador se mostr\u00f3 a disposici\u00f3n en el Xeneize de cara al partido ante Talleres por los octavos de final de la Copa Argentina en los primeros d\u00edas de septiembre<\/h2>\n<\/div>\n<\/header>\n<article class=\"article\">\n<div class=\"sharebar-container\">\n<div class=\"sharebar-buttons-container\">\n<div class=\"sharebar-buttons button-save\" tabindex=\"0\" role=\"button\" aria-label=\"Guardar\"><span class=\"buttons-save-text\">Fuente: Infobae<\/span><\/div>\n<div class=\"sharebar-buttons-separator\"><\/div>\n<p>&nbsp;<\/p>\n<\/div>\n<\/div>\n<div class=\"body-article \">\n<div class=\"rawHTML raw_html \">\n<div class=\"container-video\"><iframe class=\"responsive-iframe-video\" title=\"video-espn\" src=\"https:\/\/www.espn.com.ar\/core\/video\/iframe?id=14107677&amp;endcard=false&amp;omniReportSuite=wdgespge\" data-mce-fragment=\"1\"><\/iframe><\/div>\n<\/div>\n<p class=\"paragraph\"><a href=\"https:\/\/www.infobae.com\/deportes\/2024\/08\/29\/sonrie-diego-martinez-boca-juniors-anuncio-la-contratacion-de-su-septimo-refuerzo-en-un-puesto-clave\/\" target=\"_blank\" rel=\"noopener noreferrer\">Juan Barinaga<\/a>\u00a0fue presentado este viernes como nuevo jugador de\u00a0Boca Juniors\u00a0en una conferencia de prensa a la que asisti\u00f3 el presidente del\u00a0<i>Xeneize<\/i>,\u00a0Juan Rom\u00e1n Riquelme, para darle la bienvenida a su segundo club de manera profesional despu\u00e9s de lucir la camiseta de\u00a0Belgrano\u00a0en 115 oportunidades. Se suma a las llegadas de Gary Medel, Tom\u00e1s Belmonte, Brian Aguirre, Milton Gim\u00e9nez, Agust\u00edn Martegani e Ignacio Miram\u00f3n.<\/p>\n<p style=\"text-align: center;\"><img loading=\"lazy\" decoding=\"async\" class=\"alignnone size-full wp-image-12653\" src=\"https:\/\/www.sportchaco.com.ar\/wp-content\/uploads\/2024\/08\/CHACO-JUEGA-BANNERS-1_200X200-1-1.gif\" alt=\"\" width=\"200\" height=\"200\" \/><\/p>\n<p class=\"paragraph\">El lateral derecho de 23 a\u00f1os fue consultado sobre c\u00f3mo se enter\u00f3 del inter\u00e9s proveniente desde Buenos Aires: \u201cMi representante me llam\u00f3, me cont\u00f3 esto y yo no ca\u00ed nunca, reci\u00e9n ahora estoy cayendo un poco\u201d. M\u00e1s adelante, puntualiz\u00f3 en el deseo manifestado por el cuadro de la\u00a0<i>Ribera<\/i>\u00a0para tenerlo en su plantel ante una nueva consulta en un mano a mano brindado a\u00a0<i>El Canal de Boca<\/i>\u00a0en\u00a0<i>YouTube<\/i>: \u201cNo lo pod\u00eda creer. Estuve pegado al tel\u00e9fono tres d\u00edas esperando a que se diera\u201d.<\/p>\n<p class=\"paragraph\">Adem\u00e1s, las redes sociales repararon en un detalle que no pas\u00f3 desapercibido para los seguidores de la serie norteamericana\u00a0<i>Los Simpson<\/i>. Al momento de posar con la camiseta\u00a0<i>Azul y Oro<\/i>\u00a0en compa\u00f1\u00eda de Riquelme,\u00a0Barinaga dej\u00f3 ver un tatuaje muy identificado a una ic\u00f3nica escena de la tira animada protagonizada por Kirk Van Houten, el padre de Milhouse, mejor amigo de Bart Simpson. R\u00e1pidamente, se transform\u00f3 en un tema muy comentado con elogios por parte de los usuarios, como una persona que escribi\u00f3: \u201cEs fan de Los Simpson\u201d.<\/p>\n<div class=\"visual__image\">El tatuaje de Los Simpson de Barinaga que se hizo viral en las redes sociales<\/div>\n<p class=\"paragraph\">En di\u00e1logo con los periodistas, el rosarino expres\u00f3 algunos detalles de su primera conversaci\u00f3n con el entrenador despu\u00e9s de realizar la revisi\u00f3n m\u00e9dica: \u201cEstuvimos hablando con Diego (Mart\u00ednez), le cont\u00e9 que en Belgrano tambi\u00e9n participaban mucho los laterales. Hablamos un poco de t\u00e1ctica, de lo que \u00e9l pensaba,\u00a0<b>le dije que yo lo pod\u00eda hacer y me dio la confianza<\/b>\u201d. Vale destacar, podr\u00eda hacer su estreno el pr\u00f3ximo s\u00e1bado 7 de septiembre desde las 20 por los octavos de la\u00a0<b>Copa Argentina<\/b>\u00a0ante\u00a0<b>Talleres<\/b>, cl\u00e1sico rival del\u00a0<i>Pirata<\/i>, en el\u00a0<i>Estadio Malvinas Argentinas<\/i>\u00a0de Mendoza: \u201c<b>Estoy apto, a disposici\u00f3n para cuando me toque<\/b>\u201d.<\/p>\n<p class=\"paragraph\">Adem\u00e1s, manifest\u00f3 haber dialogado con Esteban Rol\u00f3n, quien est\u00e1 a pr\u00e9stamo en\u00a0<b>Belgrano<\/b>, pero cuyo pase pertenece al conjunto de\u00a0<i>Brandsen 805<\/i>: \u201c<b>Habl\u00e9 con \u00e9l. Me coment\u00f3 un poco c\u00f3mo era esto. Se prest\u00f3 a disposici\u00f3n para cualquier pregunta o consulta<\/b>\u201d.<\/p>\n<p class=\"paragraph\">Por otro lado, se\u00f1al\u00f3 la importancia de compartir vestuario con jugadores de experiencia, como Edinson Cavani, Marcos Rojo o\u00a0<i>Chiquito<\/i>\u00a0Romero<i>:\u00a0<\/i>\u201cEsa clase de jugadores siempre hay que estar escuch\u00e1ndolos, aprendiendo. Estoy seguro de que me dejar\u00e1n muchas ense\u00f1anzas tanto dentro como fuera de la cancha. Vengo con muchas ganas de aprender de esa clase de jugadores. Vengo a sumar, a crecer\u201d.<\/p>\n<div class=\"rawHTML raw_html \">\n<div class=\"container-video\"><iframe class=\"responsive-iframe-video\" title=\"video-espn\" src=\"https:\/\/www.espn.com.ar\/core\/video\/iframe?id=14107674&amp;endcard=false&amp;omniReportSuite=wdgespge\" data-mce-fragment=\"1\"><\/iframe><\/div>\n<\/div>\n<p class=\"paragraph\"><i>* La ilusi\u00f3n por entrar a la Bombonera con esta camiseta<\/i><\/p>\n<p class=\"paragraph\"><b>M\u00c1S FRASES DE JUAN BARINAGA<\/b><\/p>\n<p class=\"paragraph\"><b>Las palabras de Juan Rom\u00e1n Riquelme<\/b>: \u201cMe dijo que ven\u00eda a un club gigante, el m\u00e1s grande del mundo, que hay que hacer feliz a la gente y que voy a hacer feliz ac\u00e1, que lo difrute que es algo hermoso. Todas palabras de aliento, que a uno lo ilusionan mucho\u201d.<\/p>\n<p class=\"paragraph\"><b>Su alegr\u00eda por estar en Boca Juniors<\/b>: \u201cEstoy muy contento de estar ac\u00e1. Hoy me present\u00e9 con los chicos y el t\u00e9cnico. Feliz. Es un sue\u00f1o estar en un club de esta magnitud. Hoy me encontr\u00e9 con un club hermoso y muy grande, que me sorprendi\u00f3. Mis compa\u00f1eros me recibieron de la mejor manera. Voy a darlo todo por la camiseta, vine a eso, a darlo todo y a sumar de donde y cuando me toque\u201d.<\/p>\n<p class=\"paragraph\"><b>Su mensaje para el hincha<\/b>: \u201cEntrar a la Bombonera con la camiseta de Boca debe ser algo \u00fanico. Lo vivir\u00e9 dentro de poco y para el hincha de Boca le digo que vengo a darlo todo para poner a Boca en lo m\u00e1s alto y ayudar para que todos estemos felices\u201d.<\/p>\n<div class=\"visual__image\"><img loading=\"lazy\" decoding=\"async\" class=\"\" src=\"https:\/\/www.infobae.com\/new-resizer\/8BVWAdWlH-wTPbiDA6Bulv4MiZo=\/420x560\/filters:format(webp):quality(85)\/cloudfront-us-east-1.images.arcpublishing.com\/infobae\/CPEQTGXRUVCRDMWLNSFCN35IR4.jpg%20420w\" sizes=\"auto, (min-width: 1560px) 856px, (min-width: 1000px) calc(74.63vw - 293px), (min-width: 780px) calc(100vw - 376px), (min-width: 580px) calc(100vw - 32px), 100vw\" srcset=\"https:\/\/www.infobae.com\/new-resizer\/8BVWAdWlH-wTPbiDA6Bulv4MiZo=\/420x560\/filters:format(webp):quality(85)\/cloudfront-us-east-1.images.arcpublishing.com\/infobae\/CPEQTGXRUVCRDMWLNSFCN35IR4.jpg 420w,https:\/\/www.infobae.com\/new-resizer\/G9OajAe-ZsXrAPqfdPj1vWG_M6s=\/768x1024\/filters:format(webp):quality(85)\/cloudfront-us-east-1.images.arcpublishing.com\/infobae\/CPEQTGXRUVCRDMWLNSFCN35IR4.jpg 768w,https:\/\/www.infobae.com\/new-resizer\/Bu5DUKm9RPhXdwibtFjxNtgcZ3I=\/992x1323\/filters:format(webp):quality(85)\/cloudfront-us-east-1.images.arcpublishing.com\/infobae\/CPEQTGXRUVCRDMWLNSFCN35IR4.jpg 992w,https:\/\/www.infobae.com\/new-resizer\/z4o3Bd-V_gzsX6bqXoro27e9hKk=\/1200x1600\/filters:format(webp):quality(85)\/cloudfront-us-east-1.images.arcpublishing.com\/infobae\/CPEQTGXRUVCRDMWLNSFCN35IR4.jpg 1200w\" alt=\"Juan Barinaga es el nuevo refuerzo de Boca Juniors. Llega desde Belgrano de C\u00f3rdoba (@BocaJrsOficial)\" width=\"1920\" height=\"2400\" data-src=\"https:\/\/www.infobae.com\/new-resizer\/8BVWAdWlH-wTPbiDA6Bulv4MiZo=\/420x560\/filters:format(webp):quality(85)\/cloudfront-us-east-1.images.arcpublishing.com\/infobae\/CPEQTGXRUVCRDMWLNSFCN35IR4.jpg 420w\" \/>Juan Barinaga es el nuevo refuerzo de Boca Juniors. Llega desde Belgrano de C\u00f3rdoba (@BocaJrsOficial)<\/div>\n<div class=\"second-saved-buttons\">\n<div class=\"body-share-note\"><\/div>\n<\/div>\n<\/div>\n<\/article>\n","protected":false},"excerpt":{"rendered":"<p>30 Ago, 2024 El jugador se mostr\u00f3 a disposici\u00f3n en el Xeneize de cara al partido ante Talleres por los octavos de final de la Copa Argentina en los primeros d\u00edas de septiembre Fuente: Infobae &nbsp; Juan Barinaga\u00a0fue presentado este viernes como nuevo jugador de\u00a0Boca Juniors\u00a0en una conferencia de prensa a la que asisti\u00f3 el &hellip;<\/p>\n","protected":false},"author":2,"featured_media":12865,"comment_status":"open","ping_status":"open","sticky":false,"template":"","format":"standard","meta":{"footnotes":""},"categories":[47],"tags":[],"class_list":["post-12864","post","type-post","status-publish","format-standard","has-post-thumbnail","hentry","category-nacionales"],"_links":{"self":[{"href":"https:\/\/www.sportchaco.com.ar\/index.php?rest_route=\/wp\/v2\/posts\/12864","targetHints":{"allow":["GET"]}}],"collection":[{"href":"https:\/\/www.sportchaco.com.ar\/index.php?rest_route=\/wp\/v2\/posts"}],"about":[{"href":"https:\/\/www.sportchaco.com.ar\/index.php?rest_route=\/wp\/v2\/types\/post"}],"author":[{"embeddable":true,"href":"https:\/\/www.sportchaco.com.ar\/index.php?rest_route=\/wp\/v2\/users\/2"}],"replies":[{"embeddable":true,"href":"https:\/\/www.sportchaco.com.ar\/index.php?rest_route=%2Fwp%2Fv2%2Fcomments&post=12864"}],"version-history":[{"count":2,"href":"https:\/\/www.sportchaco.com.ar\/index.php?rest_route=\/wp\/v2\/posts\/12864\/revisions"}],"predecessor-version":[{"id":12867,"href":"https:\/\/www.sportchaco.com.ar\/index.php?rest_route=\/wp\/v2\/posts\/12864\/revisions\/12867"}],"wp:featuredmedia":[{"embeddable":true,"href":"https:\/\/www.sportchaco.com.ar\/index.php?rest_route=\/wp\/v2\/media\/12865"}],"wp:attachment":[{"href":"https:\/\/www.sportchaco.com.ar\/index.php?rest_route=%2Fwp%2Fv2%2Fmedia&parent=12864"}],"wp:term":[{"taxonomy":"category","embeddable":true,"href":"https:\/\/www.sportchaco.com.ar\/index.php?rest_route=%2Fwp%2Fv2%2Fcategories&post=12864"},{"taxonomy":"post_tag","embeddable":true,"href":"https:\/\/www.sportchaco.com.ar\/index.php?rest_route=%2Fwp%2Fv2%2Ftags&post=12864"}],"curies":[{"name":"wp","href":"https:\/\/api.w.org\/{rel}","templated":true}]}}