{"id":12876,"date":"2024-08-30T23:35:33","date_gmt":"2024-08-31T02:35:33","guid":{"rendered":"https:\/\/www.sportchaco.com.ar\/?p=12876"},"modified":"2024-08-30T23:35:33","modified_gmt":"2024-08-31T02:35:33","slug":"efemerides-del-31-de-agosto-2","status":"publish","type":"post","link":"https:\/\/www.sportchaco.com.ar\/?p=12876","title":{"rendered":"Efem\u00e9rides del 31 de agosto"},"content":{"rendered":"<p><strong>Esta es la Efem\u00e9rides del Deporte en el Chaco de un 31 de agosto periodista Luis Dar\u00edo Molodezky.<\/strong><\/p>\n<p><strong> <img loading=\"lazy\" decoding=\"async\" class=\"alignnone size-medium wp-image-12604\" src=\"https:\/\/www.sportchaco.com.ar\/wp-content\/uploads\/2024\/08\/Molodezky-Luis-11-05-24-1-300x225.jpg\" alt=\"\" width=\"300\" height=\"225\" srcset=\"https:\/\/www.sportchaco.com.ar\/wp-content\/uploads\/2024\/08\/Molodezky-Luis-11-05-24-1-300x225.jpg 300w, https:\/\/www.sportchaco.com.ar\/wp-content\/uploads\/2024\/08\/Molodezky-Luis-11-05-24-1-1024x768.jpg 1024w, https:\/\/www.sportchaco.com.ar\/wp-content\/uploads\/2024\/08\/Molodezky-Luis-11-05-24-1-768x576.jpg 768w, https:\/\/www.sportchaco.com.ar\/wp-content\/uploads\/2024\/08\/Molodezky-Luis-11-05-24-1-1536x1153.jpg 1536w, https:\/\/www.sportchaco.com.ar\/wp-content\/uploads\/2024\/08\/Molodezky-Luis-11-05-24-1.jpg 1599w\" sizes=\"auto, (max-width: 300px) 100vw, 300px\" \/><\/strong><\/p>\n<p><strong>1936 <\/strong>\/ Mauro Villordo se impone en la competencia Doble La Escondida, organizada por el Club Ottavio Botecchia, empleando 5 horas y 4 minutos, a un promedio de 25,980 km\/ hora. Segundo Atanasio Osuna y tercero Rino Montaner.<\/p>\n<p><strong>1955 \/<\/strong> Nace Jes\u00fas Vicente L\u00f3pez Ordaz Fue cuatro veces campe\u00f3n nacional en lanzamiento de jabalina, particip\u00f3 de las Olimpiadas Paralelas de Mosc\u00fa y del Iberoamericano de M\u00e9xico. Se recibi\u00f3 en Corrientes de profesor de educaci\u00f3n f\u00edsica y luego sum\u00f3 t\u00edtulos de perfeccionamiento, que lo aplic\u00f3 en la docencia y en las pistas \u201cEl gallego\u201d se retir\u00f3 como vicerrector del INTEF, al que le puso por a\u00f1os talento y ganas. Tiene tres hermanos en Espa\u00f1a, donde tambi\u00e9n est\u00e1 su hijo Dar\u00edo, ex futbolista de Sarmiento.<\/p>\n<p><strong>1958 <\/strong>\/ El equipo de Villa San Mart\u00edn se adjudica el Torneo Abierto de Pesca del Dorado disputado en Paso de la Patria. Segundo se clasificaron los representantes del Paran\u00e1 Rowing Club.<\/p>\n<p><strong>1977 \/<\/strong> El club Deportivo Uni\u00f3n de Pampa Alegr\u00eda, realiza la demarcaci\u00f3n del terreno otrogado por la Municipalidad de la ciudad Termal, para construir su campo de deportes. Esta ubicado en laQuinta 14, calle 51 a poca distancia de las v\u00edas que une S\u00e1enz Pe\u00f1a con Juan Jos\u00e9 Castelli y su dimensi\u00f3n es de 116 por 210 metros.<\/p>\n<p><strong>1979 <\/strong>\/ La Liga Chaque\u00f1a de F\u00fatbol rechaza la designaci\u00f3n de Talleres de C\u00f3rdoba para jugar los torneos de AFA, al sostener que se efect\u00faa sin consultar al f\u00fatbol del interior, y vulnera el sistema estatutario y reglamentario, y no se compadece con los intereses institucionales, deportivos y econ\u00f3micos del f\u00fatbol del interior.<\/p>\n<p><strong>2006 <\/strong>\/ Santiago Moreno Kaenel se consagra Campe\u00f3n Argentino de Ajedrez en categor\u00eda Sub-12, y clasifica para el Mundial de Georgia. El certamen se desarroll\u00f3 en Presidencia Roque S\u00e1enz Pe\u00f1a.<\/p>\n<p><strong>2006 <\/strong>\/ La ajedrecista saenzpe\u00f1ense Silvana Agnello clasifica segunda en el Campeonato Argentino de Ajedrez Sub-18 \u201cfemenino\u201d, que se disputa en la ciudad entrerriana de Col\u00f3n. Clasifica para el Torneo Panamericano y para el Festival Mundial de la Juventud, del mes de octubre en Batumi (Georgia).<\/p>\n<p><strong>2007 <\/strong>\/ Javier \u00c1lvarez falla en su intento mundialista frente a Fana Mzonke al perder por KO 9, pelea realizada en Bloemfontain (Sud\u00e1frica), por el t\u00edtulo mundial de la FIB. El chaque\u00f1o pes\u00f3 58,900 kg.<\/p>\n<p><strong>2018 \/<\/strong> Juventud de Villa Centenario se consagra por primera vez en sus -por entonces- casi 80 a\u00f1os de vida, campe\u00f3n del Oficial de Primera de la Asociaci\u00f3n de Basquetbol de Resistencia. En los play off\u00a0 finales super\u00f3 2-1 a Villa San Mart\u00edn 89-94; 74-71 y 76-69. El plantel estuvo integrado por Pablo Sosa, Hern\u00e1n Zequeira, Marco Tortarolo, Nicol\u00e1s Castillo; Alejandro Garc\u00eda Luque; Imanol Capdevila, Maximiliano Barrios, Juan Vallejos, Luciano Gim\u00e9nez (Capit\u00e1n); Edgar P\u00e9rez, Nicol\u00e1s O\u2019Connor; Lucas Rosso; Gonzalo Flores. DT: Fernando Rosso. AT: Martin Sosa. Santiago Mula, Kinesi\u00f3logo.<\/p>\n<p><strong>2022 \/<\/strong> En el estadio Centenario con m\u00e1s de 25 mil espectadores, River Plate gole\u00f3 a Defensa y Justicia en los cuartos de final de la Copa Argentina por 4 a 0, con tres goles de Pablo Solari y uno de Lucas Beltr\u00e1n.\u00a0 El millonario form\u00f3 con Franco Armani (Exequil Centuri\u00f3n) ; Marcelo Herrera (El\u00edas G\u00f3mez) , Emanuel Mammana, Paulo D\u00edaz y Milton Casco; Juan Fernando Quintero (Santiago Sim\u00f3n), Enzo P\u00e9rez, Rodrigo Aliendro y Nicol\u00e1s De La Cruz (Agust\u00edn Palavecino); Lucas Beltr\u00e1n y Pablo Solari DT: Marcelo Gallardo.<\/p>\n<p>&nbsp;<\/p>\n<p style=\"text-align: center;\"><img loading=\"lazy\" decoding=\"async\" class=\"alignnone size-full wp-image-12653\" src=\"https:\/\/www.sportchaco.com.ar\/wp-content\/uploads\/2024\/08\/CHACO-JUEGA-BANNERS-1_200X200-1-1.gif\" alt=\"\" width=\"200\" height=\"200\" \/><\/p>\n","protected":false},"excerpt":{"rendered":"<p>Esta es la Efem\u00e9rides del Deporte en el Chaco de un 31 de agosto periodista Luis Dar\u00edo Molodezky. 1936 \/ Mauro Villordo se impone en la competencia Doble La Escondida, organizada por el Club Ottavio Botecchia, empleando 5 horas y 4 minutos, a un promedio de 25,980 km\/ hora. Segundo Atanasio Osuna y tercero Rino &hellip;<\/p>\n","protected":false},"author":2,"featured_media":12877,"comment_status":"open","ping_status":"open","sticky":false,"template":"","format":"standard","meta":{"footnotes":""},"categories":[38,45],"tags":[],"class_list":["post-12876","post","type-post","status-publish","format-standard","has-post-thumbnail","hentry","category-agosto","category-efemerides-dia-por-dia"],"_links":{"self":[{"href":"https:\/\/www.sportchaco.com.ar\/index.php?rest_route=\/wp\/v2\/posts\/12876","targetHints":{"allow":["GET"]}}],"collection":[{"href":"https:\/\/www.sportchaco.com.ar\/index.php?rest_route=\/wp\/v2\/posts"}],"about":[{"href":"https:\/\/www.sportchaco.com.ar\/index.php?rest_route=\/wp\/v2\/types\/post"}],"author":[{"embeddable":true,"href":"https:\/\/www.sportchaco.com.ar\/index.php?rest_route=\/wp\/v2\/users\/2"}],"replies":[{"embeddable":true,"href":"https:\/\/www.sportchaco.com.ar\/index.php?rest_route=%2Fwp%2Fv2%2Fcomments&post=12876"}],"version-history":[{"count":1,"href":"https:\/\/www.sportchaco.com.ar\/index.php?rest_route=\/wp\/v2\/posts\/12876\/revisions"}],"predecessor-version":[{"id":12878,"href":"https:\/\/www.sportchaco.com.ar\/index.php?rest_route=\/wp\/v2\/posts\/12876\/revisions\/12878"}],"wp:featuredmedia":[{"embeddable":true,"href":"https:\/\/www.sportchaco.com.ar\/index.php?rest_route=\/wp\/v2\/media\/12877"}],"wp:attachment":[{"href":"https:\/\/www.sportchaco.com.ar\/index.php?rest_route=%2Fwp%2Fv2%2Fmedia&parent=12876"}],"wp:term":[{"taxonomy":"category","embeddable":true,"href":"https:\/\/www.sportchaco.com.ar\/index.php?rest_route=%2Fwp%2Fv2%2Fcategories&post=12876"},{"taxonomy":"post_tag","embeddable":true,"href":"https:\/\/www.sportchaco.com.ar\/index.php?rest_route=%2Fwp%2Fv2%2Ftags&post=12876"}],"curies":[{"name":"wp","href":"https:\/\/api.w.org\/{rel}","templated":true}]}}