{"id":12915,"date":"2024-09-01T19:55:03","date_gmt":"2024-09-01T22:55:03","guid":{"rendered":"https:\/\/www.sportchaco.com.ar\/?p=12915"},"modified":"2024-09-01T22:57:04","modified_gmt":"2024-09-02T01:57:04","slug":"villa-alvear-es-el-nuevo-campeon-provincial","status":"publish","type":"post","link":"https:\/\/www.sportchaco.com.ar\/?p=12915","title":{"rendered":"Villa Alvear es el nuevo campe\u00f3n provincial"},"content":{"rendered":"<p><strong>01-09-2024<\/strong><\/p>\n<p><img loading=\"lazy\" decoding=\"async\" class=\" wp-image-9468 aligncenter\" src=\"https:\/\/www.sportchaco.com.ar\/wp-content\/uploads\/2024\/05\/Nachec-728x90-2-300x37.gif\" alt=\"\" width=\"414\" height=\"51\" \/><\/p>\n<p>Villa Alvear es el nuevo campe\u00f3n del torneo Federativo tras ganarle en la final de vuelta a Sportivo Cultural de Castelli por 2 a 1. Andr\u00e9s Almir\u00f3n, de penal, y Lautaro Schulz marcaron los goles del \u00abfunebrero\u00bb, mientras que Carlos Gait\u00e1n hab\u00eda empatado transitoriamente para la visita.<\/p>\n<p>El resultado global de ambos encuentros dej\u00f3 un triunfo de 3 a 1 para el equipo de Mario Valenzuela, quien volvi\u00f3 a ganar el torneo que organiza la Federaci\u00f3n Chaque\u00f1a de F\u00fatbol; lo hab\u00eda hecho como DT de Resistencia Central en el 2019.<\/p>\n<p>El CAVA consigui\u00f3 su segundo Federativo en la historia tras haberlo ganado en el a\u00f1o 2006 y adem\u00e1s sac\u00f3 pasaje para el torneo Regional Amateur que comenzar\u00e1 en el mes de octubre.<\/p>\n<p><strong>VILLA ALVEAR 2 (3): <\/strong>Julio Mart\u00ednez; Juan C. Dom\u00ednguez, Mauro Alegre, Gast\u00f3n Rivero y Rodolfo Ruiz D\u00edaz; Andr\u00e9s Almir\u00f3n, Nicol\u00e1s Maldonado, Gonzalo Ferreyra y Santiago Quintana; Eduardo Pimentel y Manuel Rivas. <strong>DT:<\/strong>\u00a0Mario Valenzuela.<br \/>\n<strong>SPORTIVO CULTURAL 1 (1):<\/strong> Ricardo Pallares; Julio T\u00e9vez, C\u00e9sar Konras, Franco Grossi y Natanael Pare; Daniel Resch, Leonardo Rollheiser, Milton Argarra\u00f1az y Carlos Gait\u00e1n; Facundo Soto y Nahuel Acevedo.<strong>\u00a0DT:<\/strong>\u00a0Ricardo Lazdin.<br \/>\n<strong>Goles:<\/strong> 36PT Andr\u00e9s Almir\u00f3n (VA). 22ST Carlos Gait\u00e1n (SC). 36ST Lautaro Schulz (VA).<br \/>\n<strong>Cambios:\u00a0<\/strong>31PT Lautaro Schulz por Ferrreyra (VA). ST Pablo Becher por Pare (SC). ST Fabi\u00e1n Albornoz por T\u00e9vez (SC). 2ST Facundo \u00c1rtico por Pimentel (VA). 11ST Alejandro Aranda por Grossi (SC). 12ST Brandon Frank por Argarra\u00f1az (SC). 25ST Tiago Vallejos por Rivas (VA). 27ST Iv\u00e1n G\u00f3mez por Maldonado (VA).<br \/>\n<strong>\u00c1rbitro:<\/strong> Leandro D\u00edaz Doro\u00f1uk. <strong>Asistentes:<\/strong> Mauricio Aquino Fari\u00f1a y Marcos Sab\u00e1tico. <strong>Cuarto \u00e1rbitro: <\/strong>Ram\u00f3n Romano. <strong>Estadio: <\/strong>Eleuterio \u00abcoco\u00bb Lucas, de Villa Alvear.<\/p>\n<p><strong>TODOS LOS CAMPEONES<\/strong><br \/>\n2004: Aprendices Chaque\u00f1os (S\u00e1enz Pe\u00f1a)<br \/>\n2005: Municipales (Resistencia)<br \/>\n2006: Villa Alvear (Resistencia)<br \/>\n2007: Deportivo Alianza (Campo Largo)<br \/>\n2008: Sportivo Cultural (Castelli)<br \/>\n2009: Sarmiento (Resistencia)<br \/>\n2010: Alvear (Villa \u00c1ngela)<br \/>\n2011: Fontana (Fontana)<br \/>\n2012: Don Orione (Barranqueras)<br \/>\n2013: Aprendices Chaque\u00f1os (S\u00e1enz Pe\u00f1a)<br \/>\n2014: Atl\u00e9tico Libertad (Charata)<br \/>\n2015: Juventud (Tirol)<br \/>\n2016: Sportivo Cultural (Castelli)<br \/>\n2017: Villa Elena (La Verde)<br \/>\n2018: Juventud (Tirol)<br \/>\n2019: Resistencia Central (Resistencia)<br \/>\n2020: Vacante (Pandemia Covid-19)<br \/>\n2021: Estudiantes (Resistencia)<br \/>\n2022: Defensores (Vilelas)<br \/>\n2023: Resistencia Central (Resistencia)<br \/>\n2024: Villa Alvear (Resistencia)<\/p>\n<p><em><strong>Foto: Gentileza Programa Offside<\/strong><\/em><\/p>\n<p><img loading=\"lazy\" decoding=\"async\" class=\" wp-image-8565 aligncenter\" src=\"https:\/\/www.sportchaco.com.ar\/wp-content\/uploads\/2024\/04\/Nachec1-300x600-3-150x300.gif\" alt=\"\" width=\"204\" height=\"408\" \/><\/p>\n","protected":false},"excerpt":{"rendered":"<p>01-09-2024 Villa Alvear es el nuevo campe\u00f3n del torneo Federativo tras ganarle en la final de vuelta a Sportivo Cultural de Castelli por 2 a 1. Andr\u00e9s Almir\u00f3n, de penal, y Lautaro Schulz marcaron los goles del \u00abfunebrero\u00bb, mientras que Carlos Gait\u00e1n hab\u00eda empatado transitoriamente para la visita. El resultado global de ambos encuentros dej\u00f3 &hellip;<\/p>\n","protected":false},"author":3,"featured_media":12916,"comment_status":"open","ping_status":"open","sticky":false,"template":"","format":"standard","meta":{"footnotes":""},"categories":[5],"tags":[],"class_list":["post-12915","post","type-post","status-publish","format-standard","has-post-thumbnail","hentry","category-futbol"],"_links":{"self":[{"href":"https:\/\/www.sportchaco.com.ar\/index.php?rest_route=\/wp\/v2\/posts\/12915","targetHints":{"allow":["GET"]}}],"collection":[{"href":"https:\/\/www.sportchaco.com.ar\/index.php?rest_route=\/wp\/v2\/posts"}],"about":[{"href":"https:\/\/www.sportchaco.com.ar\/index.php?rest_route=\/wp\/v2\/types\/post"}],"author":[{"embeddable":true,"href":"https:\/\/www.sportchaco.com.ar\/index.php?rest_route=\/wp\/v2\/users\/3"}],"replies":[{"embeddable":true,"href":"https:\/\/www.sportchaco.com.ar\/index.php?rest_route=%2Fwp%2Fv2%2Fcomments&post=12915"}],"version-history":[{"count":4,"href":"https:\/\/www.sportchaco.com.ar\/index.php?rest_route=\/wp\/v2\/posts\/12915\/revisions"}],"predecessor-version":[{"id":12937,"href":"https:\/\/www.sportchaco.com.ar\/index.php?rest_route=\/wp\/v2\/posts\/12915\/revisions\/12937"}],"wp:featuredmedia":[{"embeddable":true,"href":"https:\/\/www.sportchaco.com.ar\/index.php?rest_route=\/wp\/v2\/media\/12916"}],"wp:attachment":[{"href":"https:\/\/www.sportchaco.com.ar\/index.php?rest_route=%2Fwp%2Fv2%2Fmedia&parent=12915"}],"wp:term":[{"taxonomy":"category","embeddable":true,"href":"https:\/\/www.sportchaco.com.ar\/index.php?rest_route=%2Fwp%2Fv2%2Fcategories&post=12915"},{"taxonomy":"post_tag","embeddable":true,"href":"https:\/\/www.sportchaco.com.ar\/index.php?rest_route=%2Fwp%2Fv2%2Ftags&post=12915"}],"curies":[{"name":"wp","href":"https:\/\/api.w.org\/{rel}","templated":true}]}}