{"id":12971,"date":"2024-09-02T22:14:54","date_gmt":"2024-09-03T01:14:54","guid":{"rendered":"https:\/\/www.sportchaco.com.ar\/?p=12971"},"modified":"2024-09-02T22:15:35","modified_gmt":"2024-09-03T01:15:35","slug":"12971","status":"publish","type":"post","link":"https:\/\/www.sportchaco.com.ar\/?p=12971","title":{"rendered":"Efem\u00e9rides del 3 de septiembre"},"content":{"rendered":"<p><strong>Esta es la Efem\u00e9rides del Deporte en el Chaco de un 3 de septiembre del periodista Luis Dar\u00edo Molodezky.<\/strong><\/p>\n<p><strong>\u00a0<\/strong><\/p>\n<p><strong> <img loading=\"lazy\" decoding=\"async\" class=\"alignnone size-medium wp-image-12972\" src=\"https:\/\/www.sportchaco.com.ar\/wp-content\/uploads\/2024\/09\/Luis-2023-224x300.jpg\" alt=\"\" width=\"224\" height=\"300\" srcset=\"https:\/\/www.sportchaco.com.ar\/wp-content\/uploads\/2024\/09\/Luis-2023-224x300.jpg 224w, https:\/\/www.sportchaco.com.ar\/wp-content\/uploads\/2024\/09\/Luis-2023.jpg 351w\" sizes=\"auto, (max-width: 224px) 100vw, 224px\" \/><\/strong><\/p>\n<p><strong>\u00a0<\/strong><\/p>\n<p><strong>1921 \/ <\/strong>Nace la \u201cprimera\u201d Liga Chaque\u00f1a de Foot-Ball. En los salones del Club Social, sobre la calle Santa M. de Oro, se re\u00fanen los delegados en Asamblea y queda constituida la Liga Chaque\u00f1a de Foot-Ball. Concurren: por representantes de For Ever, Sarmiento Resistencia Central, Empleados Nacionales, La Liguria y Quebrachales Fusionados. Queda constituida la primera Comisi\u00f3n Directiva y preside la misma Benigno Montes de Oca; mientras que en la vicepresidencia lo acompa\u00f1a Francisco L. Pereno. Esta ser\u00eda considerada la primera fundaci\u00f3n del ente mayor del f\u00fatbol capitalino. Sin embargo, la instituci\u00f3n pr\u00e1cticamente se desintegra en el mes de diciembre por la renuncia de varios clubes; no obstante, siguen actuando en su seno Sarmiento y For Ever.<\/p>\n<p><strong>1973 <\/strong>\/ Debuta en el profesionalismo Domingo Cacho D\u2019El\u00eda, quien luego lleg\u00f3 a campe\u00f3n argentino y sudamericano de los pesados. Derrot\u00f3 por KO en 7 asaltos a Ram\u00f3n La Rosa, pelea realizada en la cancha de Sarmiento (Per\u00f3n y Calle 7). Ten\u00eda 21 a\u00f1os (2-6-52). Como profesional gan\u00f3 25 combates (12 KO), perdi\u00f3 5 (3 KO) y empat\u00f3 3.<\/p>\n<p><strong>1984 <\/strong>\/ El presidente de la Liga Chaque\u00f1a de F\u00fatbol H\u00e9ctor David Toledo, eleva una propuesta a la Legislatura del Chaco, para eximir de cualquier tipo de impuestos a los clubes chaque\u00f1os y condonar deudas anteriores con el fisco.<\/p>\n<p><strong>1992 <\/strong>\/ Hecho ins\u00f3lito en una cancha de f\u00fatbol. Al minuto de juego del partido que disputaban por el torneo oficial Regional y Estudiantes, los presentes vieron aproximarse al campo de juego cuatro paracaidistas. Uno de los jugadores, Jorge Maldonado, se\u00f1alando con el \u00edndice al cielo, tom\u00f3 la pelota con la otra mano dentro del \u00e1rea. El \u00e1rbitro Daniel Gim\u00e9nez no dud\u00f3 y marc\u00f3 la pena m\u00e1xima. Los jugadores de Estudiantes le rogaban a Ram\u00f3n Acu\u00f1a que la pateara afuera, pero se defin\u00eda el campeonato y la puso en el \u00e1ngulo. El partido termin\u00f3 dos a dos y \u201cEl Expreso\u201d se consagr\u00f3 campe\u00f3n.<\/p>\n<p><strong>2008 <\/strong>\/ Intento fallido de Javier \u00c1lvarez por lograr el t\u00edtulo mundial FIB, al perder por KO 3 en Kempton Park (Sud\u00e1frica), frente al local Baloyi Cassius. El chaque\u00f1o pes\u00f3 58,600 kg.<\/p>\n<p><strong>2009 <\/strong>\/ Rodrigo Zorrilla, atleta de Tres Isletas, clasifica segundo en 3000 metros con obst\u00e1culos con un tiempo de 9\u00b449,24\u201d, mejorando su r\u00e9cord provincial juvenil en esa prueba, durante la Copa Nacional de Clubes Juveniles Sub 20, que se disputa en la pista del Cenard.<\/p>\n<p>&nbsp;<\/p>\n<p style=\"text-align: center;\"><img loading=\"lazy\" decoding=\"async\" class=\"alignnone size-full wp-image-12653\" src=\"https:\/\/www.sportchaco.com.ar\/wp-content\/uploads\/2024\/08\/CHACO-JUEGA-BANNERS-1_200X200-1-1.gif\" alt=\"\" width=\"200\" height=\"200\" \/><\/p>\n<p>(<\/p>\n<div class=\"sc-87394ae8-0 kamXgN normal-header noRelated normal-header noRelated\">\n<div class=\"sc-87394ae8-0 kamXgN shared-header shared-header\">\n<div class=\"mt\">\n<h1 class=\"storyTitle\">Aquel penal que cay\u00f3 del cielo<\/h1>\n<\/div>\n<\/div>\n<\/div>\n<section class=\"sc-74c11983-1 cTtuGz\">\n<article id=\"storyBody\" class=\"sc-74c11983-2 gsHXKI\">\n<section class=\"sc-74c11983-3 gJRhny dataStory dataStory\">\n<div class=\"list-authors \">\n<div class=\"sc-ccca30ce-0 fIOPaN list-authors speakable-author\">Redacci\u00f3n Clar\u00edn<\/div>\n<\/div>\n<div class=\"place-social-mobile\">\n<div class=\"sc-e1aac18e-0 eLazBN SocialMedia SocialMedia\"><\/div>\n<\/div>\n<\/section>\n<div class=\"date\"><\/div>\n<div class=\"StoryTextContainer vsmcontent\">\n<div id=\"containerUalter\" class=\"trinity-skip-it\"><\/div>\n<div id=\"cuerpo\">\n<div class=\"sc-af895f0d-0 efsJfn container-text\">\n<p>\u00a0Vaya uno a saber cu\u00e1ntos penales -oficiales y de potrero- habr\u00e1n sido cobrados en el f\u00fatbol argentino a lo largo del siglo XX. Lo cierto es que, si no fue el m\u00e1s ins\u00f3lito, \u00e9ste que sancion\u00f3 el sargento Daniel Gim\u00e9nez en la Liga Chaque\u00f1a pega en el palo&#8230; La an\u00e9cdota, certificada por los diarios locales de aquella \u00e9poca, transcurri\u00f3 el domingo 13 de setiembre del 92 en la cancha de Regional, en Villa Libertad, Resistencia.im\u00e9nez, ya como \u00e1rbitro de Primera Divisi\u00f3n, recuerda as\u00ed el episodio&#8230; Regional y Estudiantes defin\u00edan el t\u00edtulo. Sarmiento, el otro candidato, pidi\u00f3 en la Liga que los dos partidos empezaran a la misma hora. P\u00edcaros, a los dirigentes de Regional se les ocurri\u00f3 hacer aterrizar paracaidistas en la cancha para demorar el inicio. Quer\u00edan jugar sabiendo ya el resultado de Sarmiento. Como a la hora pactada no hab\u00edan aterrizado, les avis\u00e9 a los capitanes que empez\u00e1bamos. Y que, apenas tocaran el c\u00e9sped, par\u00e1bamos. Seg\u00fan las cr\u00f3nicas de los peri\u00f3dicos Norte y El Diario, cuando iba un minuto y 15 segundos de partido, todos los presentes elevaron la vista. No pod\u00edan creer que cuatro paracaidistas le apuntaran al campo de juego. Sigue Gim\u00e9nez: Se ve que los capitanes no les avisaron a sus compa\u00f1eros porque, cuando estaban a unos diez metros del piso, un defensor de Estudiantes le dio un pase a un compa\u00f1ero, que estaba dentro del \u00e1rea. El muchacho, inocentemente, tom\u00f3 la pelota con la mano y se\u00f1al\u00f3 al cielo. Y yo, como todav\u00eda no hab\u00eda ning\u00fan elemento extra\u00f1o sobre el c\u00e9sped y la pelota continuaba en juego, le tuve que cobrar penal.Luis Molodesky, de Norte, repasa que nadie entend\u00eda nada. Enseguida empez\u00f3 la pol\u00e9mica sobre si estaba bien o mal cobrado el penal. Un tal Jorge Maldonado fue el muchacho que, sin querer, cometi\u00f3 el infantil penal. El partido estuvo detenido tres minutos. El \u00e1rbitro cuenta que se arm\u00f3 un l\u00edo de aquellos: Los paracaidistas no quer\u00edan irse sin antes ver el penal: los tuve que sacar a los empujones. Adem\u00e1s, se supon\u00eda que -por caballerosidad deportiva- el que lo pateara la iba a tirar afuera. No: la clav\u00f3 al \u00e1ngulo. \u00edPara qu\u00e9&#8230;!.El que la puso al \u00e1ngulo fue un tal Ram\u00f3n Acu\u00f1a. La historia cuenta que el partido, finalmente, termin\u00f3 2 a 2. Y que, con ese resultado, Regional fue el campe\u00f3n chaque\u00f1o del a\u00f1o.)<\/p>\n<\/div>\n<\/div>\n<\/div>\n<\/article>\n<\/section>\n","protected":false},"excerpt":{"rendered":"<p>Esta es la Efem\u00e9rides del Deporte en el Chaco de un 3 de septiembre del periodista Luis Dar\u00edo Molodezky. \u00a0 \u00a0 1921 \/ Nace la \u201cprimera\u201d Liga Chaque\u00f1a de Foot-Ball. En los salones del Club Social, sobre la calle Santa M. de Oro, se re\u00fanen los delegados en Asamblea y queda constituida la Liga Chaque\u00f1a &hellip;<\/p>\n","protected":false},"author":2,"featured_media":12973,"comment_status":"open","ping_status":"open","sticky":false,"template":"","format":"standard","meta":{"footnotes":""},"categories":[45,39],"tags":[],"class_list":["post-12971","post","type-post","status-publish","format-standard","has-post-thumbnail","hentry","category-efemerides-dia-por-dia","category-septiembre"],"_links":{"self":[{"href":"https:\/\/www.sportchaco.com.ar\/index.php?rest_route=\/wp\/v2\/posts\/12971","targetHints":{"allow":["GET"]}}],"collection":[{"href":"https:\/\/www.sportchaco.com.ar\/index.php?rest_route=\/wp\/v2\/posts"}],"about":[{"href":"https:\/\/www.sportchaco.com.ar\/index.php?rest_route=\/wp\/v2\/types\/post"}],"author":[{"embeddable":true,"href":"https:\/\/www.sportchaco.com.ar\/index.php?rest_route=\/wp\/v2\/users\/2"}],"replies":[{"embeddable":true,"href":"https:\/\/www.sportchaco.com.ar\/index.php?rest_route=%2Fwp%2Fv2%2Fcomments&post=12971"}],"version-history":[{"count":2,"href":"https:\/\/www.sportchaco.com.ar\/index.php?rest_route=\/wp\/v2\/posts\/12971\/revisions"}],"predecessor-version":[{"id":12975,"href":"https:\/\/www.sportchaco.com.ar\/index.php?rest_route=\/wp\/v2\/posts\/12971\/revisions\/12975"}],"wp:featuredmedia":[{"embeddable":true,"href":"https:\/\/www.sportchaco.com.ar\/index.php?rest_route=\/wp\/v2\/media\/12973"}],"wp:attachment":[{"href":"https:\/\/www.sportchaco.com.ar\/index.php?rest_route=%2Fwp%2Fv2%2Fmedia&parent=12971"}],"wp:term":[{"taxonomy":"category","embeddable":true,"href":"https:\/\/www.sportchaco.com.ar\/index.php?rest_route=%2Fwp%2Fv2%2Fcategories&post=12971"},{"taxonomy":"post_tag","embeddable":true,"href":"https:\/\/www.sportchaco.com.ar\/index.php?rest_route=%2Fwp%2Fv2%2Ftags&post=12971"}],"curies":[{"name":"wp","href":"https:\/\/api.w.org\/{rel}","templated":true}]}}