{"id":12978,"date":"2024-09-03T18:00:22","date_gmt":"2024-09-03T21:00:22","guid":{"rendered":"https:\/\/www.sportchaco.com.ar\/?p=12978"},"modified":"2024-09-05T12:39:20","modified_gmt":"2024-09-05T15:39:20","slug":"varios-dias-de-basquet-en-el-pre-federal","status":"publish","type":"post","link":"https:\/\/www.sportchaco.com.ar\/?p=12978","title":{"rendered":"Varios d\u00edas de b\u00e1squet en el Pre-Federal"},"content":{"rendered":"<p><strong>03-09-2024<\/strong><\/p>\n<p><img loading=\"lazy\" decoding=\"async\" class=\" wp-image-11681 aligncenter\" src=\"https:\/\/www.sportchaco.com.ar\/wp-content\/uploads\/2024\/07\/CHACO-JUEGA-BANNERS-1_320X50-1-300x47.gif\" alt=\"\" width=\"402\" height=\"63\" \/><\/p>\n<p>La Federaci\u00f3n Chaque\u00f1a de B\u00e1squte oficializ\u00f3 los d\u00edas y horarios para el desarrollo de la 6\u00aa fecha del torneo Pre-Federal de mayores.<\/p>\n<p>Habr\u00e1 partidos por las zonas A y B los d\u00edas jueves, viernes, s\u00e1bado y domingo.<\/p>\n<p><strong>Z<\/strong><strong>ona A<br \/>\n<\/strong><strong>TODA LA 6\u00aa FECHA<br \/>\nViernes 06-09<\/strong><br \/>\nA las 21, Don Orione \u2013 Alvear<br \/>\nA las 21:30, Villa San Mart\u00edn \u2013 H\u00e9rcules<br \/>\nA las 21:30, Don Bosco &#8211; Italiana<br \/>\n<strong>Libre:<\/strong>\u00a0Acci\u00f3n<\/p>\n<p><strong>POSICIONES<\/strong><br \/>\nVilla San Mart\u00edn 8<br \/>\nH\u00e9rcules 8<br \/>\nAlvear 7<br \/>\nAcci\u00f3n 7<br \/>\nDon Orione 6<br \/>\nDon Bosco 5<br \/>\nItaliana 4<\/p>\n<p>&nbsp;<\/p>\n<p><strong>Zona B<br \/>\n<\/strong><strong>TODA LA 6\u00aa FECHA<br \/>\nJueves 05-09<\/strong><br \/>\nA las 21, Espa\u00f1ola \u2013 Regatas Resistencia<\/p>\n<p><strong>S\u00e1bado 07-09<\/strong><br \/>\nA las 21, CUNE \u2013 Pinedo Central<\/p>\n<p><strong>Domingo 08-09<\/strong><br \/>\nA las 21, Hind\u00fa Club \u2013 Cultural<br \/>\n<strong>Libre:<\/strong>\u00a0JUVA<\/p>\n<p><strong>POSICIONES<\/strong><br \/>\nHind\u00fa Club 10<br \/>\nRegatas Resistencia 7<br \/>\nCultural 6<br \/>\nPinedo Central 6<br \/>\nEspa\u00f1ola 6<br \/>\nCUNE 5<br \/>\nJUVA 5<\/p>\n<p><img loading=\"lazy\" decoding=\"async\" class=\" wp-image-12320 aligncenter\" src=\"https:\/\/www.sportchaco.com.ar\/wp-content\/uploads\/2024\/08\/CHACO-JUEGA-BANNERS-1_200X200-1.gif\" alt=\"\" width=\"313\" height=\"313\" \/><\/p>\n","protected":false},"excerpt":{"rendered":"<p>03-09-2024 La Federaci\u00f3n Chaque\u00f1a de B\u00e1squte oficializ\u00f3 los d\u00edas y horarios para el desarrollo de la 6\u00aa fecha del torneo Pre-Federal de mayores. Habr\u00e1 partidos por las zonas A y B los d\u00edas jueves, viernes, s\u00e1bado y domingo. Zona A TODA LA 6\u00aa FECHA Viernes 06-09 A las 21, Don Orione \u2013 Alvear A las &hellip;<\/p>\n","protected":false},"author":3,"featured_media":12979,"comment_status":"open","ping_status":"open","sticky":false,"template":"","format":"standard","meta":{"footnotes":""},"categories":[3],"tags":[],"class_list":["post-12978","post","type-post","status-publish","format-standard","has-post-thumbnail","hentry","category-basquetbol"],"_links":{"self":[{"href":"https:\/\/www.sportchaco.com.ar\/index.php?rest_route=\/wp\/v2\/posts\/12978","targetHints":{"allow":["GET"]}}],"collection":[{"href":"https:\/\/www.sportchaco.com.ar\/index.php?rest_route=\/wp\/v2\/posts"}],"about":[{"href":"https:\/\/www.sportchaco.com.ar\/index.php?rest_route=\/wp\/v2\/types\/post"}],"author":[{"embeddable":true,"href":"https:\/\/www.sportchaco.com.ar\/index.php?rest_route=\/wp\/v2\/users\/3"}],"replies":[{"embeddable":true,"href":"https:\/\/www.sportchaco.com.ar\/index.php?rest_route=%2Fwp%2Fv2%2Fcomments&post=12978"}],"version-history":[{"count":3,"href":"https:\/\/www.sportchaco.com.ar\/index.php?rest_route=\/wp\/v2\/posts\/12978\/revisions"}],"predecessor-version":[{"id":13011,"href":"https:\/\/www.sportchaco.com.ar\/index.php?rest_route=\/wp\/v2\/posts\/12978\/revisions\/13011"}],"wp:featuredmedia":[{"embeddable":true,"href":"https:\/\/www.sportchaco.com.ar\/index.php?rest_route=\/wp\/v2\/media\/12979"}],"wp:attachment":[{"href":"https:\/\/www.sportchaco.com.ar\/index.php?rest_route=%2Fwp%2Fv2%2Fmedia&parent=12978"}],"wp:term":[{"taxonomy":"category","embeddable":true,"href":"https:\/\/www.sportchaco.com.ar\/index.php?rest_route=%2Fwp%2Fv2%2Fcategories&post=12978"},{"taxonomy":"post_tag","embeddable":true,"href":"https:\/\/www.sportchaco.com.ar\/index.php?rest_route=%2Fwp%2Fv2%2Ftags&post=12978"}],"curies":[{"name":"wp","href":"https:\/\/api.w.org\/{rel}","templated":true}]}}