{"id":12981,"date":"2024-09-04T18:50:15","date_gmt":"2024-09-04T21:50:15","guid":{"rendered":"https:\/\/www.sportchaco.com.ar\/?p=12981"},"modified":"2024-09-04T19:13:57","modified_gmt":"2024-09-04T22:13:57","slug":"villa-alvear-se-quedo-con-el-duelo-de-campeones","status":"publish","type":"post","link":"https:\/\/www.sportchaco.com.ar\/?p=12981","title":{"rendered":"Villa Alvear se qued\u00f3 con el duelo de campeones"},"content":{"rendered":"<p><strong>04-09-2024<\/strong><\/p>\n<p><img loading=\"lazy\" decoding=\"async\" class=\" wp-image-11990 aligncenter\" src=\"https:\/\/www.sportchaco.com.ar\/wp-content\/uploads\/2024\/07\/Copy-of-CHACO-JUEGA-BANNERS-1_1200X200-1-300x50.gif\" alt=\"\" width=\"390\" height=\"65\" srcset=\"https:\/\/www.sportchaco.com.ar\/wp-content\/uploads\/2024\/07\/Copy-of-CHACO-JUEGA-BANNERS-1_1200X200-1-300x50.gif 300w, https:\/\/www.sportchaco.com.ar\/wp-content\/uploads\/2024\/07\/Copy-of-CHACO-JUEGA-BANNERS-1_1200X200-1-1024x171.gif 1024w, https:\/\/www.sportchaco.com.ar\/wp-content\/uploads\/2024\/07\/Copy-of-CHACO-JUEGA-BANNERS-1_1200X200-1-768x128.gif 768w\" sizes=\"auto, (max-width: 390px) 100vw, 390px\" \/><\/p>\n<p>Este mi\u00e9rcoles se dio por finalizada la 19\u00aa fecha del torneo de Primera Divisi\u00f3n de la Liga Chaque\u00f1a de F\u00fatbol con el triunfo de visitante de Villa Alvear 2 a 0 sobre Defensores de Vilelas, por un doblete de Gabriel Alm\u00faa.<\/p>\n<p>Ahora, a partir del viernes 6 de septiembre, comenzar\u00e1 la 20\u00aa fecha que tendr\u00eda que tener como partido principal el cl\u00e1sico capitalino entre For Ever y Sarmiento, pero el mismo no fue programado para este fin de semana.<\/p>\n<p>La jornada tendr\u00e1 actividad tambi\u00e9n los d\u00edas s\u00e1bado y domingo, este \u00faltimo d\u00eda en horario matutino y vespertino.<\/p>\n<p><strong>TODA LA 19\u00aa FECHA<\/strong><br \/>\n<strong>S\u00e1bado 31-08<\/strong><br \/>\nEstudiantes 1 \u2013 Dep. Itat\u00ed 0<br \/>\nJuventud 2 \u2013 Municipal (MB) 1<br \/>\nRcia. Central 1 \u2013 CUNE 0<br \/>\nSan Mart\u00edn (MB) 0 \u2013 For Ever 1<\/p>\n<p><strong>Domingo 01-09<\/strong><br \/>\nFontana 1 \u2013 Policiales 1<br \/>\nRegional 0 \u2013 Central Ben\u00edtez 1<br \/>\nEl Nacional 1 \u2013 Dep. Zona Sur 0, en Bancarios<br \/>\nSan Fernando 2 \u2013 Central Norte 1<\/p>\n<p><strong>Lunes 02-09<\/strong><br \/>\nSarmiento 3 \u2013 Bancarios 3<\/p>\n<p><strong>Mi\u00e9rcoles 04-09<\/strong><br \/>\nDefensores 0 \u2013 Villa Alvear 2<\/p>\n<p><strong>Libre:<\/strong>\u00a0Don Orione<\/p>\n<p><b>POSICIONES<\/b><br \/>\nDefensores 46\u00a0<em>(C)<\/em><br \/>\nSarmiento 36<br \/>\nFontana 30<br \/>\nEstudiantes 29<br \/>\nBancarios 27<br \/>\nVilla Alvear 26<br \/>\nJuventud 26<br \/>\nRegional 25<br \/>\nDep. Itat\u00ed 25<br \/>\nRcia. Central 24<br \/>\nDon Orione 24<br \/>\nPoliciales 24<br \/>\nSan Mart\u00edn (MB) 23<br \/>\nFor Ever 23<br \/>\nCentral Norte 23<br \/>\nMunicipal (MB) 22<br \/>\nCUNE 21<br \/>\nEl Nacional 20<br \/>\nDep. Zona Sur 15<br \/>\nCentral Ben\u00edtez 15<br \/>\nSan Fernando 14<br \/>\n<em>(C) Campe\u00f3n\u00a0<\/em><\/p>\n<p><strong>Pr\u00f3xima fecha (20\u00aa)<\/strong><br \/>\n<strong>Viernes 06-09<\/strong><br \/>\nA las 15:30, Dep. Zona Sur &#8211; Estudiantes, en Don Orione<\/p>\n<p><strong>S\u00e1bado 07-09<\/strong><br \/>\nA las 15:30, Don Orione &#8211; El Nacional<br \/>\nA las 15:30, Dep. Itat\u00ed &#8211; Fontana, en San Fernando<br \/>\nA las 15:30, Policiales &#8211; Juventud, en V\u00e9lez<br \/>\nA las 15:30, Municipal (MB) &#8211; Rcia. Central<br \/>\nA las 15:30, Central Norte &#8211; San Mart\u00edn (MB), en Estudiantes<br \/>\nA las 15:30, Bancarios &#8211; Defensores<\/p>\n<p><strong>Domingo 08-09<\/strong><br \/>\nA las 10, CUNE &#8211; Regional, en Juventud<br \/>\nA las 15:30, Central Ben\u00edtez &#8211; San Fernando<\/p>\n<p><strong>A reprogramaci\u00f3n<\/strong><br \/>\nFor Ever &#8211; Sarmiento<\/p>\n<p><strong>Libre:<\/strong> Villa Alvear<\/p>\n<p><img loading=\"lazy\" decoding=\"async\" class=\" wp-image-12653 aligncenter\" src=\"https:\/\/www.sportchaco.com.ar\/wp-content\/uploads\/2024\/08\/CHACO-JUEGA-BANNERS-1_200X200-1-1.gif\" alt=\"\" width=\"323\" height=\"323\" \/><\/p>\n","protected":false},"excerpt":{"rendered":"<p>04-09-2024 Este mi\u00e9rcoles se dio por finalizada la 19\u00aa fecha del torneo de Primera Divisi\u00f3n de la Liga Chaque\u00f1a de F\u00fatbol con el triunfo de visitante de Villa Alvear 2 a 0 sobre Defensores de Vilelas, por un doblete de Gabriel Alm\u00faa. Ahora, a partir del viernes 6 de septiembre, comenzar\u00e1 la 20\u00aa fecha que &hellip;<\/p>\n","protected":false},"author":3,"featured_media":12994,"comment_status":"open","ping_status":"open","sticky":false,"template":"","format":"standard","meta":{"footnotes":""},"categories":[5],"tags":[],"class_list":["post-12981","post","type-post","status-publish","format-standard","has-post-thumbnail","hentry","category-futbol"],"_links":{"self":[{"href":"https:\/\/www.sportchaco.com.ar\/index.php?rest_route=\/wp\/v2\/posts\/12981","targetHints":{"allow":["GET"]}}],"collection":[{"href":"https:\/\/www.sportchaco.com.ar\/index.php?rest_route=\/wp\/v2\/posts"}],"about":[{"href":"https:\/\/www.sportchaco.com.ar\/index.php?rest_route=\/wp\/v2\/types\/post"}],"author":[{"embeddable":true,"href":"https:\/\/www.sportchaco.com.ar\/index.php?rest_route=\/wp\/v2\/users\/3"}],"replies":[{"embeddable":true,"href":"https:\/\/www.sportchaco.com.ar\/index.php?rest_route=%2Fwp%2Fv2%2Fcomments&post=12981"}],"version-history":[{"count":4,"href":"https:\/\/www.sportchaco.com.ar\/index.php?rest_route=\/wp\/v2\/posts\/12981\/revisions"}],"predecessor-version":[{"id":13004,"href":"https:\/\/www.sportchaco.com.ar\/index.php?rest_route=\/wp\/v2\/posts\/12981\/revisions\/13004"}],"wp:featuredmedia":[{"embeddable":true,"href":"https:\/\/www.sportchaco.com.ar\/index.php?rest_route=\/wp\/v2\/media\/12994"}],"wp:attachment":[{"href":"https:\/\/www.sportchaco.com.ar\/index.php?rest_route=%2Fwp%2Fv2%2Fmedia&parent=12981"}],"wp:term":[{"taxonomy":"category","embeddable":true,"href":"https:\/\/www.sportchaco.com.ar\/index.php?rest_route=%2Fwp%2Fv2%2Fcategories&post=12981"},{"taxonomy":"post_tag","embeddable":true,"href":"https:\/\/www.sportchaco.com.ar\/index.php?rest_route=%2Fwp%2Fv2%2Ftags&post=12981"}],"curies":[{"name":"wp","href":"https:\/\/api.w.org\/{rel}","templated":true}]}}