{"id":12996,"date":"2024-09-04T18:58:22","date_gmt":"2024-09-04T21:58:22","guid":{"rendered":"https:\/\/www.sportchaco.com.ar\/?p=12996"},"modified":"2024-09-04T19:06:20","modified_gmt":"2024-09-04T22:06:20","slug":"saenz-pena-vivio-el-encuentro-deportivo-recreativo-inclusivo","status":"publish","type":"post","link":"https:\/\/www.sportchaco.com.ar\/?p=12996","title":{"rendered":"S\u00e1enz Pe\u00f1a vivi\u00f3 el encuentro Deportivo Recreativo Inclusivo"},"content":{"rendered":"<p><strong>04-09-2024<\/strong><\/p>\n<p><img loading=\"lazy\" decoding=\"async\" class=\" wp-image-9468 aligncenter\" src=\"https:\/\/www.sportchaco.com.ar\/wp-content\/uploads\/2024\/05\/Nachec-728x90-2-300x37.gif\" alt=\"\" width=\"365\" height=\"45\" \/><\/p>\n<p>Se realiz\u00f3 el encuentro Deportivo Recreativo Inclusivo, organizado por el Ministerio de Educaci\u00f3n de la provincia, el Municipio de Presidencia Roque S\u00e1enz Pe\u00f1a y la Fundaci\u00f3n Deportiva Social Chaco.<\/p>\n<p>El mismo se desarroll\u00f3 en el club Sokol de la mencionada localidad. En esta oportunidad participaron 18 instituciones y concurrieron 262 personas con discapacidad que realizaron deportes, actividades recreativas y compartieron de unos gratos momentos.<\/p>\n<p>Estuvieron presentes el intendente de S\u00e1enz Pe\u00f1a, Bruno Cipolini, y miembros de su gabinete, supervisores del Ministerio de Educaci\u00f3n, el presidente de la Fundaci\u00f3n Desocha, Marcelo Gonz\u00e1lez, y representantes del IPRODICH de esta localidad.<\/p>\n<p>Fue todo dentro de un marco importante donde se logr\u00f3 convocar por primera vez a este n\u00famero de personas gracias al compromiso de los docentes y padres que se van sumando y confiando en este tipo de eventos.<\/p>\n<p>Desde Desocha siguen sumando, rompiendo barreras y apoyando al deporte adaptado.<\/p>\n<p><img loading=\"lazy\" decoding=\"async\" class=\" wp-image-9671 aligncenter\" src=\"https:\/\/www.sportchaco.com.ar\/wp-content\/uploads\/2024\/05\/Nachec1-200x200-1.gif\" alt=\"\" width=\"262\" height=\"262\" \/><\/p>\n","protected":false},"excerpt":{"rendered":"<p>04-09-2024 Se realiz\u00f3 el encuentro Deportivo Recreativo Inclusivo, organizado por el Ministerio de Educaci\u00f3n de la provincia, el Municipio de Presidencia Roque S\u00e1enz Pe\u00f1a y la Fundaci\u00f3n Deportiva Social Chaco. El mismo se desarroll\u00f3 en el club Sokol de la mencionada localidad. En esta oportunidad participaron 18 instituciones y concurrieron 262 personas con discapacidad que &hellip;<\/p>\n","protected":false},"author":3,"featured_media":12997,"comment_status":"open","ping_status":"open","sticky":false,"template":"","format":"standard","meta":{"footnotes":""},"categories":[8],"tags":[],"class_list":["post-12996","post","type-post","status-publish","format-standard","has-post-thumbnail","hentry","category-sport-nea"],"_links":{"self":[{"href":"https:\/\/www.sportchaco.com.ar\/index.php?rest_route=\/wp\/v2\/posts\/12996","targetHints":{"allow":["GET"]}}],"collection":[{"href":"https:\/\/www.sportchaco.com.ar\/index.php?rest_route=\/wp\/v2\/posts"}],"about":[{"href":"https:\/\/www.sportchaco.com.ar\/index.php?rest_route=\/wp\/v2\/types\/post"}],"author":[{"embeddable":true,"href":"https:\/\/www.sportchaco.com.ar\/index.php?rest_route=\/wp\/v2\/users\/3"}],"replies":[{"embeddable":true,"href":"https:\/\/www.sportchaco.com.ar\/index.php?rest_route=%2Fwp%2Fv2%2Fcomments&post=12996"}],"version-history":[{"count":2,"href":"https:\/\/www.sportchaco.com.ar\/index.php?rest_route=\/wp\/v2\/posts\/12996\/revisions"}],"predecessor-version":[{"id":12999,"href":"https:\/\/www.sportchaco.com.ar\/index.php?rest_route=\/wp\/v2\/posts\/12996\/revisions\/12999"}],"wp:featuredmedia":[{"embeddable":true,"href":"https:\/\/www.sportchaco.com.ar\/index.php?rest_route=\/wp\/v2\/media\/12997"}],"wp:attachment":[{"href":"https:\/\/www.sportchaco.com.ar\/index.php?rest_route=%2Fwp%2Fv2%2Fmedia&parent=12996"}],"wp:term":[{"taxonomy":"category","embeddable":true,"href":"https:\/\/www.sportchaco.com.ar\/index.php?rest_route=%2Fwp%2Fv2%2Fcategories&post=12996"},{"taxonomy":"post_tag","embeddable":true,"href":"https:\/\/www.sportchaco.com.ar\/index.php?rest_route=%2Fwp%2Fv2%2Ftags&post=12996"}],"curies":[{"name":"wp","href":"https:\/\/api.w.org\/{rel}","templated":true}]}}