{"id":13015,"date":"2024-09-05T15:42:15","date_gmt":"2024-09-05T18:42:15","guid":{"rendered":"https:\/\/www.sportchaco.com.ar\/?p=13015"},"modified":"2024-09-05T15:42:15","modified_gmt":"2024-09-05T18:42:15","slug":"poste-bajo-la-nueva-alternativa-para-los-amantes-del-basquet","status":"publish","type":"post","link":"https:\/\/www.sportchaco.com.ar\/?p=13015","title":{"rendered":"\u00abPoste Bajo\u00bb, la nueva alternativa para los amantes del b\u00e1squet"},"content":{"rendered":"<p><strong>05-09-2024<\/strong><\/p>\n<p><img loading=\"lazy\" decoding=\"async\" class=\" wp-image-9468 aligncenter\" src=\"https:\/\/www.sportchaco.com.ar\/wp-content\/uploads\/2024\/05\/Nachec-728x90-2-300x37.gif\" alt=\"\" width=\"389\" height=\"48\" \/><\/p>\n<p>Una nueva propuesta basquetbol\u00edstica lleg\u00f3 a los medios de comunicaci\u00f3n y todos los fan\u00e1ticos y actores del b\u00e1squet ya lo disfrutan: \u00abPoste Bajo\u00bb, un punto de encuentro entre los aficionados del b\u00e1squet y tambi\u00e9n los que buscan involucrarse en el \u00e1mbito.<\/p>\n<p>\u00abPoste Bajo\u00bb va los s\u00e1bados de 16 a 18 horas, por Radio Cadena Federal (93.3) en Resistencia y 98.5 en S\u00e1enz Pe\u00f1a.<\/p>\n<p>Los creadores y conductores de toda esta movida son los j\u00f3venes Facundo Maciel y Juan Ignacio Godeas, programa que involucra a todos los que conforman el mundo de este deporte, sean jugadores, ex jugadores, entrenadores, ex entrenadores, hinchas, dirigentes y todo el que quiera sumarse y aportar.<\/p>\n<p>\u00abAbarcamos toda la provincia e informamos todo lo que sucede en el b\u00e1squet; creamos un espacio de encuentro y estamos sumando a profesionales como psic\u00f3logos, kinesi\u00f3logos y nutricionistas, quienes nos brindan muchos m\u00e1s conocimientos\u00bb, remarc\u00f3 \u00abFacu\u00bb Maciel.<\/p>\n<p>\u00abPrimeramente buscamos ser un canal informativo del b\u00e1squet chaque\u00f1o, nacional e internacional, adem\u00e1s de servir como un punto de encuentro entre los aficionados del b\u00e1squet pero tambi\u00e9n las personas que quieran incluirse m\u00e1s de lleno; somos un espacio de puertas abiertas, en el que se puede contar vivencias, informar, debatir y compartir esta pasi\u00f3n del b\u00e1squet que nos une a todos\u00bb, expres\u00f3 \u00abJuani\u00bb Godeas.<\/p>\n<p>&nbsp;<\/p>\n<p><img loading=\"lazy\" decoding=\"async\" class=\"wp-image-8481 aligncenter\" src=\"https:\/\/www.sportchaco.com.ar\/wp-content\/uploads\/2024\/04\/Nachec1-200x200-2.gif\" alt=\"\" width=\"309\" height=\"309\" \/><\/p>\n","protected":false},"excerpt":{"rendered":"<p>05-09-2024 Una nueva propuesta basquetbol\u00edstica lleg\u00f3 a los medios de comunicaci\u00f3n y todos los fan\u00e1ticos y actores del b\u00e1squet ya lo disfrutan: \u00abPoste Bajo\u00bb, un punto de encuentro entre los aficionados del b\u00e1squet y tambi\u00e9n los que buscan involucrarse en el \u00e1mbito. \u00abPoste Bajo\u00bb va los s\u00e1bados de 16 a 18 horas, por Radio Cadena &hellip;<\/p>\n","protected":false},"author":3,"featured_media":13016,"comment_status":"open","ping_status":"open","sticky":false,"template":"","format":"standard","meta":{"footnotes":""},"categories":[44],"tags":[],"class_list":["post-13015","post","type-post","status-publish","format-standard","has-post-thumbnail","hentry","category-varios"],"_links":{"self":[{"href":"https:\/\/www.sportchaco.com.ar\/index.php?rest_route=\/wp\/v2\/posts\/13015","targetHints":{"allow":["GET"]}}],"collection":[{"href":"https:\/\/www.sportchaco.com.ar\/index.php?rest_route=\/wp\/v2\/posts"}],"about":[{"href":"https:\/\/www.sportchaco.com.ar\/index.php?rest_route=\/wp\/v2\/types\/post"}],"author":[{"embeddable":true,"href":"https:\/\/www.sportchaco.com.ar\/index.php?rest_route=\/wp\/v2\/users\/3"}],"replies":[{"embeddable":true,"href":"https:\/\/www.sportchaco.com.ar\/index.php?rest_route=%2Fwp%2Fv2%2Fcomments&post=13015"}],"version-history":[{"count":1,"href":"https:\/\/www.sportchaco.com.ar\/index.php?rest_route=\/wp\/v2\/posts\/13015\/revisions"}],"predecessor-version":[{"id":13017,"href":"https:\/\/www.sportchaco.com.ar\/index.php?rest_route=\/wp\/v2\/posts\/13015\/revisions\/13017"}],"wp:featuredmedia":[{"embeddable":true,"href":"https:\/\/www.sportchaco.com.ar\/index.php?rest_route=\/wp\/v2\/media\/13016"}],"wp:attachment":[{"href":"https:\/\/www.sportchaco.com.ar\/index.php?rest_route=%2Fwp%2Fv2%2Fmedia&parent=13015"}],"wp:term":[{"taxonomy":"category","embeddable":true,"href":"https:\/\/www.sportchaco.com.ar\/index.php?rest_route=%2Fwp%2Fv2%2Fcategories&post=13015"},{"taxonomy":"post_tag","embeddable":true,"href":"https:\/\/www.sportchaco.com.ar\/index.php?rest_route=%2Fwp%2Fv2%2Ftags&post=13015"}],"curies":[{"name":"wp","href":"https:\/\/api.w.org\/{rel}","templated":true}]}}