{"id":13018,"date":"2024-09-05T17:13:01","date_gmt":"2024-09-05T20:13:01","guid":{"rendered":"https:\/\/www.sportchaco.com.ar\/?p=13018"},"modified":"2024-09-06T12:37:06","modified_gmt":"2024-09-06T15:37:06","slug":"deldo-y-los-murcielagos-van-por-el-oro-paralimpico","status":"publish","type":"post","link":"https:\/\/www.sportchaco.com.ar\/?p=13018","title":{"rendered":"Deldo y Los Murci\u00e9lagos van por el Oro Paral\u00edmpico"},"content":{"rendered":"<p><strong>05-09-2024<\/strong><\/p>\n<p>Los Murci\u00e9lagos se instalaron en la final del f\u00fatbol para ciegos de los Juegos Paral\u00edmpicos de Par\u00eds tras derrotar en las semifinales a Brasil por penales despu\u00e9s de un empate ag\u00f3nico 0 a 0.<\/p>\n<p><img loading=\"lazy\" decoding=\"async\" class=\"wp-image-13032 aligncenter\" src=\"https:\/\/www.sportchaco.com.ar\/wp-content\/uploads\/2024\/09\/paralimpicos-768x432-1-300x169.jpg\" alt=\"\" width=\"367\" height=\"207\" srcset=\"https:\/\/www.sportchaco.com.ar\/wp-content\/uploads\/2024\/09\/paralimpicos-768x432-1-300x169.jpg 300w, https:\/\/www.sportchaco.com.ar\/wp-content\/uploads\/2024\/09\/paralimpicos-768x432-1-390x220.jpg 390w, https:\/\/www.sportchaco.com.ar\/wp-content\/uploads\/2024\/09\/paralimpicos-768x432-1.jpg 768w\" sizes=\"auto, (max-width: 367px) 100vw, 367px\" \/><\/p>\n<p>La Selecci\u00f3n Argentina se impuso 4 a 3 y se aseguraron una medalla en Francia. Ahora, \u00c1ngel Deldo, atleta de la Fundaci\u00f3n Desocha, y Los Murci\u00e9lagos buscar\u00e1n la \u00fanica medalla que le falta, la de Oro, a nivel paral\u00edmpico frente al local en un partido que de desarrollar\u00e1 el s\u00e1bado 7 de septiembre a las 15:00 horas (hora Argentina).<\/p>\n<p>Cabe recordar que Argentina debut\u00f3 con un empate sin goles ante Marruecos, luego tambi\u00e9n igualaron ante Colombia con el mismo marcador y en la \u00faltima fecha de la fase de grupos derrotaron a Jap\u00f3n 1-0 con el gol de Ezequiel Fern\u00e1ndez. Tras derrotar a Brasil en semifinales, ahora jugar\u00e1n ante Francia en la final.<\/p>\n<p>El plantel est\u00e1 conformado por: Germ\u00e1n M\u00fcleck y Dar\u00edo Lencina (Arqueros); y \u00c1ngel Deldo, Nahuel Heredia, Froil\u00e1n Padilla, Jes\u00fas Merlos, Mat\u00edas Olivera, Maximiliano Espinillo, Ezequiel Fern\u00e1ndez y Mario R\u00edos.<\/p>\n<p><em><strong>Foto: SportCenter<\/strong><\/em><\/p>\n<p><img loading=\"lazy\" decoding=\"async\" class=\" wp-image-11325 aligncenter\" src=\"https:\/\/www.sportchaco.com.ar\/wp-content\/uploads\/2024\/07\/Mosquitos-300x300.jpg\" alt=\"\" width=\"334\" height=\"334\" srcset=\"https:\/\/www.sportchaco.com.ar\/wp-content\/uploads\/2024\/07\/Mosquitos-300x300.jpg 300w, https:\/\/www.sportchaco.com.ar\/wp-content\/uploads\/2024\/07\/Mosquitos-1024x1024.jpg 1024w, https:\/\/www.sportchaco.com.ar\/wp-content\/uploads\/2024\/07\/Mosquitos-150x150.jpg 150w, https:\/\/www.sportchaco.com.ar\/wp-content\/uploads\/2024\/07\/Mosquitos-768x768.jpg 768w, https:\/\/www.sportchaco.com.ar\/wp-content\/uploads\/2024\/07\/Mosquitos.jpg 1440w\" sizes=\"auto, (max-width: 334px) 100vw, 334px\" \/><\/p>\n","protected":false},"excerpt":{"rendered":"<p>05-09-2024 Los Murci\u00e9lagos se instalaron en la final del f\u00fatbol para ciegos de los Juegos Paral\u00edmpicos de Par\u00eds tras derrotar en las semifinales a Brasil por penales despu\u00e9s de un empate ag\u00f3nico 0 a 0. La Selecci\u00f3n Argentina se impuso 4 a 3 y se aseguraron una medalla en Francia. Ahora, \u00c1ngel Deldo, atleta de &hellip;<\/p>\n","protected":false},"author":3,"featured_media":13019,"comment_status":"open","ping_status":"open","sticky":false,"template":"","format":"standard","meta":{"footnotes":""},"categories":[5],"tags":[],"class_list":["post-13018","post","type-post","status-publish","format-standard","has-post-thumbnail","hentry","category-futbol"],"_links":{"self":[{"href":"https:\/\/www.sportchaco.com.ar\/index.php?rest_route=\/wp\/v2\/posts\/13018","targetHints":{"allow":["GET"]}}],"collection":[{"href":"https:\/\/www.sportchaco.com.ar\/index.php?rest_route=\/wp\/v2\/posts"}],"about":[{"href":"https:\/\/www.sportchaco.com.ar\/index.php?rest_route=\/wp\/v2\/types\/post"}],"author":[{"embeddable":true,"href":"https:\/\/www.sportchaco.com.ar\/index.php?rest_route=\/wp\/v2\/users\/3"}],"replies":[{"embeddable":true,"href":"https:\/\/www.sportchaco.com.ar\/index.php?rest_route=%2Fwp%2Fv2%2Fcomments&post=13018"}],"version-history":[{"count":4,"href":"https:\/\/www.sportchaco.com.ar\/index.php?rest_route=\/wp\/v2\/posts\/13018\/revisions"}],"predecessor-version":[{"id":13033,"href":"https:\/\/www.sportchaco.com.ar\/index.php?rest_route=\/wp\/v2\/posts\/13018\/revisions\/13033"}],"wp:featuredmedia":[{"embeddable":true,"href":"https:\/\/www.sportchaco.com.ar\/index.php?rest_route=\/wp\/v2\/media\/13019"}],"wp:attachment":[{"href":"https:\/\/www.sportchaco.com.ar\/index.php?rest_route=%2Fwp%2Fv2%2Fmedia&parent=13018"}],"wp:term":[{"taxonomy":"category","embeddable":true,"href":"https:\/\/www.sportchaco.com.ar\/index.php?rest_route=%2Fwp%2Fv2%2Fcategories&post=13018"},{"taxonomy":"post_tag","embeddable":true,"href":"https:\/\/www.sportchaco.com.ar\/index.php?rest_route=%2Fwp%2Fv2%2Ftags&post=13018"}],"curies":[{"name":"wp","href":"https:\/\/api.w.org\/{rel}","templated":true}]}}