{"id":13037,"date":"2024-09-06T18:43:55","date_gmt":"2024-09-06T21:43:55","guid":{"rendered":"https:\/\/www.sportchaco.com.ar\/?p=13037"},"modified":"2024-09-06T18:43:55","modified_gmt":"2024-09-06T21:43:55","slug":"el-ovalo-de-saenz-pena-albergara-la-sexta-fecha-del-motociclismo","status":"publish","type":"post","link":"https:\/\/www.sportchaco.com.ar\/?p=13037","title":{"rendered":"El \u00f3valo de S\u00e1enz Pe\u00f1a albergar\u00e1 la sexta fecha del motociclismo"},"content":{"rendered":"<p><strong>06-09-2024<\/strong><\/p>\n<p><img loading=\"lazy\" decoding=\"async\" class=\" wp-image-9640 aligncenter\" src=\"https:\/\/www.sportchaco.com.ar\/wp-content\/uploads\/2024\/05\/gob-obras-marzo-apaisado-300x29.gif\" alt=\"\" width=\"486\" height=\"47\" srcset=\"https:\/\/www.sportchaco.com.ar\/wp-content\/uploads\/2024\/05\/gob-obras-marzo-apaisado-300x29.gif 300w, https:\/\/www.sportchaco.com.ar\/wp-content\/uploads\/2024\/05\/gob-obras-marzo-apaisado-768x74.gif 768w\" sizes=\"auto, (max-width: 486px) 100vw, 486px\" \/><\/p>\n<p>El pr\u00f3ximo domingo se correr\u00e1 la sexta y antepen\u00faltima fecha del Campeonato Chaque\u00f1o de Motociclismo en el \u00f3valo del Moto Club Pilotos S\u00e1enz Pe\u00f1a, con la presentaci\u00f3n de nueve categor\u00edas y varios t\u00edtulos que pueden empezar a definirse.<\/p>\n<p>El trazado ubicado en el barrio Mitre, al sur de la Ruta 16, volver\u00e1 a congregar a los mejores exponentes del motociclismo del Chaco y de la regi\u00f3n, en la parte final de la temporada y con varios corredores locales como principales protagonistas.<\/p>\n<p>Con cinco fechas disputadas, los campeonatos tienen como punteros a Santiago Bernardis (st\u00e1ndard mayores), Lautaro Tosov (st\u00e1ndard mejorada), Tob\u00edas Martini (Libre CAM); Benjam\u00edn Fern\u00e1ndez T\u00e9vez (st\u00e1ndard mini y 70 cc.), Ramiro Ram\u00edrez (mini motos), David L\u00f3pez (Tornado), Nahuel Lizarro (Libre Zonal), Carlos Avido (Graduados), y Rodrigo Olivero (450 cc).<\/p>\n<p><strong>El ranking del campeonato<\/strong><\/p>\n<p><strong>-110 cc. St\u00e1ndard mayores:<br \/>\n<\/strong><strong>1\u00ba)<\/strong>\u00a0(42) Santiago Bernardis (S\u00e1enz Pe\u00f1a) \u2013\u00a0<strong>106 puntos<br \/>\n<\/strong><strong>2\u00ba)<\/strong>\u00a0(32) Nicol\u00e1s Schveigel (Castelli) \u2013\u00a0<strong>84 puntos<br \/>\n<\/strong><strong>3\u00ba)<\/strong>\u00a0(18) Mart\u00edn \u00c1vila (Charata) \u2013\u00a0<strong>77 puntos<br \/>\n<\/strong><strong>4\u00ba)<\/strong>\u00a0(12) Juan Qui\u00f1ones (S\u00e1enz Pe\u00f1a) \u2013\u00a0<strong>60 puntos<br \/>\n<\/strong><strong>5\u00ba)<\/strong>\u00a0(23) Denis Segura (S\u00e1enz Pe\u00f1a) \u2013\u00a0<strong>59 puntos<\/strong><\/p>\n<p><strong>-110 cc. St\u00e1ndard mejorada:<br \/>\n<\/strong><strong>1\u00ba)<\/strong>\u00a0(2) Lautaro Tosov (S\u00e1enz Pe\u00f1a) \u2013\u00a0<strong>133 puntos<br \/>\n<\/strong><strong>2\u00ba)<\/strong>\u00a0(1) Alejo R\u00edos (Barranqueras) \u2013\u00a0<strong>121 puntos<br \/>\n<\/strong><strong>3\u00ba)<\/strong>\u00a0(7) Lucas Gauto (Corrientes) \u2013\u00a0<strong>74 puntos<br \/>\n<\/strong><strong>4\u00ba)<\/strong>\u00a0(46) Brahian Luque (S\u00e1enz Pe\u00f1a) \u2013\u00a0<strong>61 puntos<br \/>\n<\/strong><strong>5\u00ba)<\/strong>\u00a0(3) Juli\u00e1n Acosta (Corrientes) \u2013\u00a0<strong>59 puntos<\/strong><\/p>\n<p><strong>-110 cc. Libre CAM:<br \/>\n<\/strong><strong>1\u00ba)<\/strong>\u00a0(12) Tob\u00edas Martini (C\u00f3rdoba) \u2013\u00a0<strong>85 puntos<br \/>\n<\/strong><strong>2\u00ba)<\/strong>\u00a0(87) Jerem\u00edas Maldonado (S\u00e1enz Pe\u00f1a) \u2013\u00a0<strong>73 puntos<br \/>\n<\/strong><strong>2\u00ba)<\/strong>\u00a0(96) Franco Sena (S\u00e1enz Pe\u00f1a) \u2013\u00a0<strong>40 puntos<br \/>\n<\/strong><strong>3\u00ba)<\/strong>\u00a0(1) Rodrigo Delgado (S\u00e1enz Pe\u00f1a) \u2013\u00a0<strong>36 puntos<br \/>\n<\/strong><strong>5\u00ba)<\/strong>\u00a0(25) Mat\u00edas Perizzotti (S\u00e1enz Pe\u00f1a) \u2013\u00a0<strong>31 puntos<\/strong><\/p>\n<p><strong>-110 cc. St\u00e1ndard mini:<br \/>\n<\/strong><strong>1\u00ba)<\/strong>\u00a0(1) Benjam\u00edn Fern\u00e1ndez T\u00e9vez (S\u00e1enz Pe\u00f1a) \u2013\u00a0<strong>139 puntos<br \/>\n<\/strong><strong>2\u00ba)<\/strong>\u00a0(0) Zari Santino (S\u00e1enz Pe\u00f1a) \u2013\u00a0<strong>105 puntos<br \/>\n<\/strong><strong>3\u00ba)<\/strong>\u00a0(53) Waldemar Salinas (Machagai) \u2013\u00a0<strong>88 puntos<br \/>\n<\/strong><strong>4\u00ba)<\/strong>\u00a0(84) Fernando Ocantos (Quitilipi) \u2013\u00a0<strong>40 puntos<br \/>\n<\/strong><strong>5\u00ba)<\/strong>\u00a0(6) Nahir Ortiz \u2013\u00a0<strong>13 puntos<\/strong><\/p>\n<p><strong>-Mini motos:<br \/>\n<\/strong><strong>1\u00ba)<\/strong>\u00a0(48) Ramiro Rodr\u00edguez (S\u00e1enz Pe\u00f1a) \u2013\u00a0<strong>143 puntos<br \/>\n<\/strong><strong>2\u00ba)<\/strong>\u00a0(22) Francisco Armengol (Castelli) \u2013\u00a0<strong>105 puntos<br \/>\n<\/strong><strong>3\u00ba)<\/strong>\u00a0(23) Lucas Ponce (S\u00e1enz Pe\u00f1a) \u2013\u00a0<strong>94 puntos<br \/>\n<\/strong><strong>4\u00ba)<\/strong>\u00a0(78) Daniel Senol (Resistencia) \u2013\u00a0<strong>27 puntos<br \/>\n<\/strong><strong>5\u00ba)<\/strong>\u00a0(26) Carlos Armengol (Castelli) \u2013\u00a0<strong>26 puntos<\/strong><\/p>\n<p><strong>-Tornado:<br \/>\n<\/strong><strong>1\u00ba)<\/strong>\u00a0(117) David L\u00f3pez (Resistencia) \u2013\u00a0<strong>105 puntos<br \/>\n<\/strong><strong>2\u00ba)<\/strong>\u00a0(27) Luciano Ben\u00edtez (Resistencia) \u2013\u00a0<strong>75 puntos<br \/>\n<\/strong><strong>3\u00ba)<\/strong>\u00a0(20) Zahir Kanje (Castelli) \u2013\u00a0<strong>75 puntos<br \/>\n<\/strong><strong>4\u00ba)<\/strong>\u00a0(25) Heber Rosaroli (Villa Ocampo) \u2013\u00a0<strong>73 puntos<br \/>\n<\/strong><strong>5\u00ba)<\/strong>\u00a0(21) Lucas L\u00f3pez (Resistencia) \u2013\u00a0<strong>56 puntos<\/strong><\/p>\n<p><strong>-110 cc. Libre Zonal:<br \/>\n<\/strong><strong>1\u00ba)<\/strong>\u00a0(4) Nahuel Lizarro (Corrientes) \u2013\u00a0<strong>105 puntos<br \/>\n<\/strong><strong>2\u00ba)<\/strong>\u00a0(12) Tob\u00edas Martini (C\u00f3rdoba) \u2013\u00a0<strong>92 puntos<br \/>\n<\/strong><strong>3\u00ba)<\/strong>\u00a0(87) Jerem\u00edas Maldonado (S\u00e1enz Pe\u00f1a) \u2013\u00a0<strong>70 puntos<br \/>\n<\/strong><strong>4\u00ba)<\/strong>\u00a0(95) Rodrigo Delgado (S\u00e1enz Pe\u00f1a) \u2013\u00a0<strong>68 puntos<br \/>\n<\/strong><strong>5\u00ba)<\/strong>\u00a0(19) Alejandro Segura (S\u00e1enz Pe\u00f1a) \u2013\u00a0<strong>56 puntos<\/strong><\/p>\n<p><strong>-Graduados:<br \/>\n<\/strong><strong>1\u00ba)<\/strong>\u00a0(19) Carlos Avido (Sgo. del Estero) \u2013\u00a0<strong>79 puntos<br \/>\n<\/strong><strong>2\u00ba)<\/strong>\u00a0(5) Federico Passarino (Resistencia) \u2013\u00a0<strong>70 puntos<br \/>\n<\/strong><strong>3\u00ba)<\/strong>\u00a0(48) Daniel Hidalgo (Corrientes) \u2013\u00a0<strong>50 puntos<br \/>\n<\/strong><strong>4\u00ba)<\/strong>\u00a0(54) Gustavo M\u00e9ndez (Corrientes) \u2013\u00a0<strong>43 puntos<br \/>\n<\/strong><strong>5\u00ba)<\/strong>\u00a0(25) Alejandro Hidalgo (Corrientes) \u2013\u00a0<strong>36 puntos<\/strong><\/p>\n<p><strong>-70 cc:<br \/>\n<\/strong><strong>1\u00ba)<\/strong>\u00a0(0) Benjam\u00edn Fern\u00e1ndez T\u00e9vez (S\u00e1enz Pe\u00f1a) \u2013\u00a0<strong>130 puntos<br \/>\n<\/strong><strong>2\u00ba)<\/strong>\u00a0(70) Zari Santino (S\u00e1enz Pe\u00f1a) \u2013\u00a0<strong>86 puntos<br \/>\n<\/strong><strong>2\u00ba)<\/strong>\u00a0(00) Dilan Corbal\u00e1n (S\u00e1enz Pe\u00f1a) \u2013\u00a0<strong>82 puntos<br \/>\n<\/strong><strong>4\u00ba)<\/strong>\u00a0(21) Fernando Ocantos (Quitilipi) \u2013\u00a0<strong>65 puntos<br \/>\n<\/strong><strong>5\u00ba)<\/strong>\u00a0(37) Waldemar Salinas (Machagai) \u2013\u00a0<strong>52 puntos<\/strong><\/p>\n<p><strong>-450 cc:<br \/>\n<\/strong><strong>1\u00ba)<\/strong>\u00a0(1) Rodrigo Olivero (Resistencia) \u2013\u00a0<strong>69 puntos<br \/>\n<\/strong><strong>2\u00ba)<\/strong>\u00a0(45) Ezequiel Allende (Pampa del Infierno) \u2013\u00a0<strong>48 puntos<br \/>\n<\/strong><strong>3\u00ba)<\/strong>\u00a0(10) Jos\u00e9 Mar\u00eda Plaja (Quitilipi) \u2013\u00a0<strong>45 puntos<br \/>\n<\/strong><strong>4\u00ba)<\/strong>\u00a0(53) Exequiel Alegre (S\u00e1enz Pe\u00f1a) \u2013\u00a0<strong>43 puntos<br \/>\n<\/strong><strong>5\u00ba)<\/strong>\u00a0(38) Pablo Insaurralde (S\u00e1enz Pe\u00f1a) \u2013\u00a0<strong>33 puntos<\/strong><\/p>\n<p><em><strong>Fuente: Eco Deportivo<\/strong><\/em><\/p>\n<p><img loading=\"lazy\" decoding=\"async\" class=\" wp-image-9818 aligncenter\" src=\"https:\/\/www.sportchaco.com.ar\/wp-content\/uploads\/2024\/05\/gobierno-paisaje-300x116.png\" alt=\"\" width=\"388\" height=\"150\" srcset=\"https:\/\/www.sportchaco.com.ar\/wp-content\/uploads\/2024\/05\/gobierno-paisaje-300x116.png 300w, https:\/\/www.sportchaco.com.ar\/wp-content\/uploads\/2024\/05\/gobierno-paisaje-768x297.png 768w, https:\/\/www.sportchaco.com.ar\/wp-content\/uploads\/2024\/05\/gobierno-paisaje.png 800w\" sizes=\"auto, (max-width: 388px) 100vw, 388px\" \/><\/p>\n","protected":false},"excerpt":{"rendered":"<p>06-09-2024 El pr\u00f3ximo domingo se correr\u00e1 la sexta y antepen\u00faltima fecha del Campeonato Chaque\u00f1o de Motociclismo en el \u00f3valo del Moto Club Pilotos S\u00e1enz Pe\u00f1a, con la presentaci\u00f3n de nueve categor\u00edas y varios t\u00edtulos que pueden empezar a definirse. El trazado ubicado en el barrio Mitre, al sur de la Ruta 16, volver\u00e1 a congregar &hellip;<\/p>\n","protected":false},"author":3,"featured_media":13038,"comment_status":"open","ping_status":"open","sticky":false,"template":"","format":"standard","meta":{"footnotes":""},"categories":[59],"tags":[],"class_list":["post-13037","post","type-post","status-publish","format-standard","has-post-thumbnail","hentry","category-motociclismo"],"_links":{"self":[{"href":"https:\/\/www.sportchaco.com.ar\/index.php?rest_route=\/wp\/v2\/posts\/13037","targetHints":{"allow":["GET"]}}],"collection":[{"href":"https:\/\/www.sportchaco.com.ar\/index.php?rest_route=\/wp\/v2\/posts"}],"about":[{"href":"https:\/\/www.sportchaco.com.ar\/index.php?rest_route=\/wp\/v2\/types\/post"}],"author":[{"embeddable":true,"href":"https:\/\/www.sportchaco.com.ar\/index.php?rest_route=\/wp\/v2\/users\/3"}],"replies":[{"embeddable":true,"href":"https:\/\/www.sportchaco.com.ar\/index.php?rest_route=%2Fwp%2Fv2%2Fcomments&post=13037"}],"version-history":[{"count":1,"href":"https:\/\/www.sportchaco.com.ar\/index.php?rest_route=\/wp\/v2\/posts\/13037\/revisions"}],"predecessor-version":[{"id":13039,"href":"https:\/\/www.sportchaco.com.ar\/index.php?rest_route=\/wp\/v2\/posts\/13037\/revisions\/13039"}],"wp:featuredmedia":[{"embeddable":true,"href":"https:\/\/www.sportchaco.com.ar\/index.php?rest_route=\/wp\/v2\/media\/13038"}],"wp:attachment":[{"href":"https:\/\/www.sportchaco.com.ar\/index.php?rest_route=%2Fwp%2Fv2%2Fmedia&parent=13037"}],"wp:term":[{"taxonomy":"category","embeddable":true,"href":"https:\/\/www.sportchaco.com.ar\/index.php?rest_route=%2Fwp%2Fv2%2Fcategories&post=13037"},{"taxonomy":"post_tag","embeddable":true,"href":"https:\/\/www.sportchaco.com.ar\/index.php?rest_route=%2Fwp%2Fv2%2Ftags&post=13037"}],"curies":[{"name":"wp","href":"https:\/\/api.w.org\/{rel}","templated":true}]}}