{"id":1317,"date":"2023-10-05T12:26:50","date_gmt":"2023-10-05T15:26:50","guid":{"rendered":"https:\/\/www.sportchaco.com.ar\/?p=1317"},"modified":"2023-10-05T12:26:50","modified_gmt":"2023-10-05T15:26:50","slug":"el-arquero-chaqueno-convocado-por-scaloni","status":"publish","type":"post","link":"https:\/\/www.sportchaco.com.ar\/?p=1317","title":{"rendered":"El arquero chaque\u00f1o convocado por Scaloni."},"content":{"rendered":"<p>Walter Ben\u00edtez, arquero nacido en General San Mart\u00edn, fue nuevamente convocado por Lionel Scaloni para los pr\u00f3ximas fechas de Eliminatorias de la selecci\u00f3n argentina que se disputar\u00e1n el jueves 12 ante Paraguay en el Monumental y el martes 17 de octubre en Lima, ante Per\u00fa.<\/p>\n<p>La n\u00f3mina que se dio a conocer este jueves incluye al chaque\u00f1o para defender los tres palos de la albiceleste, lugar que deber\u00e1 pelear con el \u00abDibu\u00bb Mart\u00ednez, Franco Armani y Juan Musso. En la doble fecha pasada, el de San Mart\u00edn tambi\u00e9n hab\u00eda integrado la lista, aunque no fue tenido en cuenta para los partidos frente a Ecuador y Bolivia, donde la selecci\u00f3n termin\u00f3 consumando dos victorias.<\/p>\n<p>Adem\u00e1s, el arquero de 30 a\u00f1os ya hab\u00eda sido tenido en cuenta por el DT campe\u00f3n del mundo para los amistosos que el combinado nacional disput\u00f3 en Asia durante junio de este a\u00f1o, en lo que fue su primera convocatoria para la selecci\u00f3n mayor. Sin embargo, Ben\u00edtez ya hab\u00eda vestido los colores de la selecci\u00f3n en la Sub-20 durante el Sudamericano 2013, adem\u00e1s, hab\u00eda sido tenido en cuenta para cubrir el arco en la selecci\u00f3n de Francia y Paraguay, aunque sus deseos segu\u00edan con Argentina.<\/p>\n<p>Walter Ben\u00edtez se form\u00f3 en las inferiores de Quilmes, camiseta con la que debut\u00f3 en 2014 en Primera Divisi\u00f3n durante el Torneo Final bajo la direcci\u00f3n t\u00e9cnica de Ricardo Caruso Lombardi. En el 2016, a sus 23 a\u00f1os se sum\u00f3 al Niza de Francia, donde debut\u00f3 reci\u00e9n en 2017 y se asent\u00f3 durante seis a\u00f1os. En junio del a\u00f1o pasado se incorpor\u00f3 libre al PSV, donde tiene contrato hasta 2025 y ya fue campe\u00f3n de la Supercopa de Pa\u00edses Bajos en 2022 y 2023, y la Copa de Pa\u00edses Bajos en 2023.<\/p>\n<h3>La lista completa<\/h3>\n<p>Arqueros: Emiliano Mart\u00ednez (Aston Villa, Inglaterra), Juan Musso (Atalanta, Italia), Walter Ben\u00edtez (PSV Eindhoven, Pa\u00edses Bajos) y Franco Armani (River Plate).<\/p>\n<p>Defensores: Gonzalo Montiel (Nottingham Forest, Inglaterra), Nahuel Molina (Atl\u00e9tico de Madrid, Espa\u00f1a), Germ\u00e1n Pezzella (Betis, Espa\u00f1a), Cristian Romero (Tottenham Hotspur, Inglaterra), Nicol\u00e1s Otamendi (Benfica, Portugal), Marcos Acu\u00f1a (Sevilla, Espa\u00f1a), Lucas Esquivel (Atlh\u00e9tico Paranaense, Brasil), Juan Foyth (Villarreal, Espa\u00f1a), Nicol\u00e1s Tagliafico (Olympique de Lyon, Francia), Lucas Mart\u00ednez Quarta (Fiorentina, Italia) y Marco Pellegrino (Milan, Italia)<\/p>\n<p>Mediocampistas: Leandro Paredes (Roma, Italia), Rodrigo De Paul (Atl\u00e9tico de Madrid), Guido Rodr\u00edguez (Betis), Facundo Bounanotte (Brighton, Inglaterra), Enzo Fern\u00e1ndez (Chelsea, Inglaterra), Alexis Mac Allister (Liverpool, Inglaterra), Exequiel Palacios (Bayer Leverkusen, Alemania), Carlos Alcar\u00e1z (Southampton, Inglaterra), Giovanni Lo Celso (Tottenham, Inglaterra), Thiago Almada (Atlanta United, Estado Unidos) y Bruno Zapelli (Athletico Paranaense, Brasil).<\/p>\n<p>Delanteros: Lucas Beltr\u00e1n (Fiorentina, Italia), Nicol\u00e1s Gonz\u00e1lez (Fiorentina), Lautaro Mart\u00ednez (Inter, Italia), Juli\u00e1n \u00c1lvarez (Manchester City, Inglaterra), Alejandro Garnacho (Manchester United, Inglaterra), Lionel Messi (Inter Miami, Estados Unidos), Facundo Far\u00edas (Inter Miami, Estados Unidos), Lucas Ocampos\u00a0 (Sevilla, Espa\u00f1a).<\/p>\n<p>Agencia FOCO<\/p>\n<p><img loading=\"lazy\" decoding=\"async\" class=\"alignnone size-medium wp-image-1321\" src=\"https:\/\/www.sportchaco.com.ar\/wp-content\/uploads\/2023\/10\/Convocados-Scaloneta-OCT2023-300x300.webp\" alt=\"\" width=\"300\" height=\"300\" srcset=\"https:\/\/www.sportchaco.com.ar\/wp-content\/uploads\/2023\/10\/Convocados-Scaloneta-OCT2023-300x300.webp 300w, https:\/\/www.sportchaco.com.ar\/wp-content\/uploads\/2023\/10\/Convocados-Scaloneta-OCT2023-150x150.webp 150w, https:\/\/www.sportchaco.com.ar\/wp-content\/uploads\/2023\/10\/Convocados-Scaloneta-OCT2023-768x768.webp 768w, https:\/\/www.sportchaco.com.ar\/wp-content\/uploads\/2023\/10\/Convocados-Scaloneta-OCT2023.webp 862w\" sizes=\"auto, (max-width: 300px) 100vw, 300px\" \/><\/p>\n","protected":false},"excerpt":{"rendered":"<p>Walter Ben\u00edtez, arquero nacido en General San Mart\u00edn, fue nuevamente convocado por Lionel Scaloni para los pr\u00f3ximas fechas de Eliminatorias de la selecci\u00f3n argentina que se disputar\u00e1n el jueves 12 ante Paraguay en el Monumental y el martes 17 de octubre en Lima, ante Per\u00fa. La n\u00f3mina que se dio a conocer este jueves incluye &hellip;<\/p>\n","protected":false},"author":4,"featured_media":1320,"comment_status":"open","ping_status":"open","sticky":false,"template":"","format":"standard","meta":{"footnotes":""},"categories":[5],"tags":[],"class_list":["post-1317","post","type-post","status-publish","format-standard","has-post-thumbnail","hentry","category-futbol"],"_links":{"self":[{"href":"https:\/\/www.sportchaco.com.ar\/index.php?rest_route=\/wp\/v2\/posts\/1317","targetHints":{"allow":["GET"]}}],"collection":[{"href":"https:\/\/www.sportchaco.com.ar\/index.php?rest_route=\/wp\/v2\/posts"}],"about":[{"href":"https:\/\/www.sportchaco.com.ar\/index.php?rest_route=\/wp\/v2\/types\/post"}],"author":[{"embeddable":true,"href":"https:\/\/www.sportchaco.com.ar\/index.php?rest_route=\/wp\/v2\/users\/4"}],"replies":[{"embeddable":true,"href":"https:\/\/www.sportchaco.com.ar\/index.php?rest_route=%2Fwp%2Fv2%2Fcomments&post=1317"}],"version-history":[{"count":1,"href":"https:\/\/www.sportchaco.com.ar\/index.php?rest_route=\/wp\/v2\/posts\/1317\/revisions"}],"predecessor-version":[{"id":1322,"href":"https:\/\/www.sportchaco.com.ar\/index.php?rest_route=\/wp\/v2\/posts\/1317\/revisions\/1322"}],"wp:featuredmedia":[{"embeddable":true,"href":"https:\/\/www.sportchaco.com.ar\/index.php?rest_route=\/wp\/v2\/media\/1320"}],"wp:attachment":[{"href":"https:\/\/www.sportchaco.com.ar\/index.php?rest_route=%2Fwp%2Fv2%2Fmedia&parent=1317"}],"wp:term":[{"taxonomy":"category","embeddable":true,"href":"https:\/\/www.sportchaco.com.ar\/index.php?rest_route=%2Fwp%2Fv2%2Fcategories&post=1317"},{"taxonomy":"post_tag","embeddable":true,"href":"https:\/\/www.sportchaco.com.ar\/index.php?rest_route=%2Fwp%2Fv2%2Ftags&post=1317"}],"curies":[{"name":"wp","href":"https:\/\/api.w.org\/{rel}","templated":true}]}}