{"id":13172,"date":"2024-09-13T23:17:27","date_gmt":"2024-09-14T02:17:27","guid":{"rendered":"https:\/\/www.sportchaco.com.ar\/?p=13172"},"modified":"2024-09-13T23:17:27","modified_gmt":"2024-09-14T02:17:27","slug":"efemerides-del-14-de-septiembre","status":"publish","type":"post","link":"https:\/\/www.sportchaco.com.ar\/?p=13172","title":{"rendered":"Efem\u00e9rides del 14 de septiembre"},"content":{"rendered":"<p><strong>Esta es la Efem\u00e9rides del Deporte en el Chaco de un 14 de septiembre del periodista Luis Dar\u00edo Molodezky.<\/strong><\/p>\n<p><strong> <img loading=\"lazy\" decoding=\"async\" class=\"alignnone size-medium wp-image-13056\" src=\"https:\/\/www.sportchaco.com.ar\/wp-content\/uploads\/2024\/09\/Molodezky-Luis-11-05-24-300x225.jpg\" alt=\"\" width=\"300\" height=\"225\" srcset=\"https:\/\/www.sportchaco.com.ar\/wp-content\/uploads\/2024\/09\/Molodezky-Luis-11-05-24-300x225.jpg 300w, https:\/\/www.sportchaco.com.ar\/wp-content\/uploads\/2024\/09\/Molodezky-Luis-11-05-24-1024x768.jpg 1024w, https:\/\/www.sportchaco.com.ar\/wp-content\/uploads\/2024\/09\/Molodezky-Luis-11-05-24-768x576.jpg 768w, https:\/\/www.sportchaco.com.ar\/wp-content\/uploads\/2024\/09\/Molodezky-Luis-11-05-24-1536x1153.jpg 1536w, https:\/\/www.sportchaco.com.ar\/wp-content\/uploads\/2024\/09\/Molodezky-Luis-11-05-24.jpg 1599w\" sizes=\"auto, (max-width: 300px) 100vw, 300px\" \/><\/strong><\/p>\n<p><strong><em>D\u00eda del Boxeador.<\/em><\/strong><\/p>\n<p><strong>1935 <\/strong>\/ Se funda el Centro Cultural y Deportivo de Santa Sylvina, domiciliado en San Mart\u00edn 437.<\/p>\n<p><strong>1936 <\/strong>\/ Regional se presenta en Corrientes frente a Libertad, ganando por 2 a 1 con goles de Carballo. La formaci\u00f3n del expreso fue Pinots; Dur\u00e1n y M\u00e9ndolo; Alderete, Pagano y Moreno; Carballo, Br\u00edgnole, Mouje, Sosa y Dur\u00e1n.<\/p>\n<p><strong>1940 <\/strong>\/ Se inaugura la cancha de V\u00e9lez Sarsfield en el terreno de la calle Marcelo T. de Alvear 845 (ex Buenos Aires). El 24 de enero de 1946 se adquiere definitivamente el predio propiedad de Jos\u00e9 Sabadini, con fondos proporcionados por la presidenta se\u00f1orita Anello. Por carecer de personer\u00eda jur\u00eddica se pone a nombre del ingeniero Ecas V. Miccillo.<\/p>\n<p><strong>1957 <\/strong>\/ Se funda la Asociaci\u00f3n de Bochas de Villa \u00c1ngela.<\/p>\n<p><strong>1969 \/<\/strong> Se produce una renuncia masiva en Chaco For Ever en disidencia con el manejo de su presidente Pedro Ben\u00edtez. Los firmantes del comunicado ante los medios de comunicaci\u00f3n son los vicepresidente primero y segundo Miguel C\u00e1ceres y Abraham Rabinovich, secretario Rosendo Contreras, secretario de actas; H\u00e9ctor Freschi, , vocales titular y presidente de la subcomisi\u00f3n de f\u00fatbol doctor Ren\u00e9 Caruso, \u00a0H\u00e9ctor Mario Decout, vocales suplentes Oscar Andreta, y V\u00edctor M. Hern\u00e1ndez. Tas la eliminaci\u00f3n en la final para ingresar al Nacional de ese a\u00f1o, los dirigentes explicaron que el titular de la entidad hac\u00eda un manejo unipersonal y tambi\u00e9n marcaron su diferencia con las relaciones del club con la Liga Chaque\u00f1a.<\/p>\n<p><strong>1979 <\/strong>\/ El Seleccionado de Chaco finaliza s\u00e9ptimo en el 46\u00b0 Argentino de B\u00e1squetbol, al vencer en el \u00faltimo partido a Entre R\u00edos 84 a 82.<\/p>\n<p style=\"text-align: center;\"><img loading=\"lazy\" decoding=\"async\" class=\"alignnone size-full wp-image-12987\" src=\"https:\/\/www.sportchaco.com.ar\/wp-content\/uploads\/2024\/09\/CHACO-JUEGA-BANNERS-1_200X200-1.gif\" alt=\"\" width=\"200\" height=\"200\" \/><\/p>\n","protected":false},"excerpt":{"rendered":"<p>Esta es la Efem\u00e9rides del Deporte en el Chaco de un 14 de septiembre del periodista Luis Dar\u00edo Molodezky. D\u00eda del Boxeador. 1935 \/ Se funda el Centro Cultural y Deportivo de Santa Sylvina, domiciliado en San Mart\u00edn 437. 1936 \/ Regional se presenta en Corrientes frente a Libertad, ganando por 2 a 1 con &hellip;<\/p>\n","protected":false},"author":2,"featured_media":13174,"comment_status":"open","ping_status":"open","sticky":false,"template":"","format":"standard","meta":{"footnotes":""},"categories":[45,39],"tags":[],"class_list":["post-13172","post","type-post","status-publish","format-standard","has-post-thumbnail","hentry","category-efemerides-dia-por-dia","category-septiembre"],"_links":{"self":[{"href":"https:\/\/www.sportchaco.com.ar\/index.php?rest_route=\/wp\/v2\/posts\/13172","targetHints":{"allow":["GET"]}}],"collection":[{"href":"https:\/\/www.sportchaco.com.ar\/index.php?rest_route=\/wp\/v2\/posts"}],"about":[{"href":"https:\/\/www.sportchaco.com.ar\/index.php?rest_route=\/wp\/v2\/types\/post"}],"author":[{"embeddable":true,"href":"https:\/\/www.sportchaco.com.ar\/index.php?rest_route=\/wp\/v2\/users\/2"}],"replies":[{"embeddable":true,"href":"https:\/\/www.sportchaco.com.ar\/index.php?rest_route=%2Fwp%2Fv2%2Fcomments&post=13172"}],"version-history":[{"count":1,"href":"https:\/\/www.sportchaco.com.ar\/index.php?rest_route=\/wp\/v2\/posts\/13172\/revisions"}],"predecessor-version":[{"id":13175,"href":"https:\/\/www.sportchaco.com.ar\/index.php?rest_route=\/wp\/v2\/posts\/13172\/revisions\/13175"}],"wp:featuredmedia":[{"embeddable":true,"href":"https:\/\/www.sportchaco.com.ar\/index.php?rest_route=\/wp\/v2\/media\/13174"}],"wp:attachment":[{"href":"https:\/\/www.sportchaco.com.ar\/index.php?rest_route=%2Fwp%2Fv2%2Fmedia&parent=13172"}],"wp:term":[{"taxonomy":"category","embeddable":true,"href":"https:\/\/www.sportchaco.com.ar\/index.php?rest_route=%2Fwp%2Fv2%2Fcategories&post=13172"},{"taxonomy":"post_tag","embeddable":true,"href":"https:\/\/www.sportchaco.com.ar\/index.php?rest_route=%2Fwp%2Fv2%2Ftags&post=13172"}],"curies":[{"name":"wp","href":"https:\/\/api.w.org\/{rel}","templated":true}]}}