{"id":13186,"date":"2024-09-14T12:59:41","date_gmt":"2024-09-14T15:59:41","guid":{"rendered":"https:\/\/www.sportchaco.com.ar\/?p=13186"},"modified":"2024-09-14T12:59:41","modified_gmt":"2024-09-14T15:59:41","slug":"villa-san-martin-atraviesa-su-segunda-semana-de-pretemporada","status":"publish","type":"post","link":"https:\/\/www.sportchaco.com.ar\/?p=13186","title":{"rendered":"Villa San Mart\u00edn atraviesa su segunda semana de pretemporada"},"content":{"rendered":"<p><strong>14-09-2024<\/strong><\/p>\n<p><img loading=\"lazy\" decoding=\"async\" class=\" wp-image-11990 aligncenter\" src=\"https:\/\/www.sportchaco.com.ar\/wp-content\/uploads\/2024\/07\/Copy-of-CHACO-JUEGA-BANNERS-1_1200X200-1-300x50.gif\" alt=\"\" width=\"390\" height=\"65\" srcset=\"https:\/\/www.sportchaco.com.ar\/wp-content\/uploads\/2024\/07\/Copy-of-CHACO-JUEGA-BANNERS-1_1200X200-1-300x50.gif 300w, https:\/\/www.sportchaco.com.ar\/wp-content\/uploads\/2024\/07\/Copy-of-CHACO-JUEGA-BANNERS-1_1200X200-1-1024x171.gif 1024w, https:\/\/www.sportchaco.com.ar\/wp-content\/uploads\/2024\/07\/Copy-of-CHACO-JUEGA-BANNERS-1_1200X200-1-768x128.gif 768w\" sizes=\"auto, (max-width: 390px) 100vw, 390px\" \/><\/p>\n<p>Cerrando su segunda semana de pretemporada, de un total de 6 semanas incluyendo juegos amistosos, Villa San Mart\u00edn trabaja intensamente en jornadas divididas por la parte f\u00edsica y luego los trabajos de cancha. Mucha intensidad, exigencias y toda la confianza nuevamente en un equipo con caras nuevas, otras que contin\u00faan, pero tambi\u00e9n otras que regresan.<\/p>\n<p>\u00abPudimos conformar un plantel muy competitivo, por lo que las expectativas, como cada a\u00f1o en Villa San Mart\u00edn, ser\u00e1 tratar de estar peleando bien arriba y que este nuevo torneo podamos terminar de la mejor manera\u00bb, expres\u00f3 el entrenador Gast\u00f3n Castro.<\/p>\n<p><img decoding=\"async\" class=\"aligncenter\" src=\"https:\/\/baskettotal.com.ar\/wp-content\/uploads\/2024\/09\/ec.jpg\" \/><\/p>\n<p><strong>\u00abSe pudo armar un equipo con caracter\u00edsticas variadas\u00bb<br \/>\n<\/strong>Una de las fichas que contin\u00faa esta temporada en Villa San Mart\u00edn es el alero Maximiliano Mart\u00edn, quien ya defendi\u00f3 al \u00abtricolor\u00bb en la 23 \/ 24. \u00abCreo que este a\u00f1o se pudo mantener una base y eso siempre es bueno para poder armar un equipo competitivo, donde se pudo armar un equipo con caracter\u00edsticas variadas y con jugadores de experiencia, as\u00ed que est\u00e1 interesante poder lograr un buen equipo que compite en todas las canchas\u00bb. Vale resaltar que tambi\u00e9n contin\u00faan el ala . pivote Est\u00e9fano Simondi y el pivote Bruno Galassi.<\/p>\n<div id=\"right-content\" class=\"relative\">\n<div id=\"content-area\" class=\"left relative\">\n<div id=\"tps_slideContainer_24217\" class=\"theiaPostSlider_slides\">\n<p><strong>\u00abEs muy lindo jugar y acompa\u00f1ar al club en estos torneos\u00bb<br \/>\n<\/strong>Una de las fichas de jerarqu\u00eda que regresa a Villa San Mart\u00edn es Favio Vieta, quien ya defendi\u00f3 la casaca del tricolor en el 2021, en las recordadas \u00abBurbujas\u00bb como sistema de competencia. El base viene de jugar en Ameghino en la \u00faltima temporada, tiene 28 a\u00f1os y mide 1.87 metros. \u00abVilla viene haciendo bien las cosas y todos los a\u00f1os se arman bien, dejan parado bien al club, se va creando una identidad todos los a\u00f1os que es un placer hacer valer esa identidad. Estoy muy contento, que tengo toda mi gente ac\u00e1 y la gente del club que me conoce desde muy chico; es muy lindo jugar y acompa\u00f1ar al club en estos torneos\u00bb.<\/p>\n<p><strong>\u00abLlego con las mejores expectativas\u00bb<br \/>\n<\/strong>Con respecto a los nombres que llegaron, Villa San Mart\u00edn apost\u00f3 a Mart\u00edn G\u00f3mez, de 28 a\u00f1os de edad, viene de jugar en Uni\u00f3n de Santa Fe, se desempe\u00f1a en la posici\u00f3n de escolta y mide 1.98 metros. \u00abLlego con las mejores expectativas, donde el grupo de jugadores que se pudo reunir tiene mucha calidad individual y ya va a estar en nosotros y el cuerpo t\u00e9cnico ensamblarnos de la mejor manera para tener un gran torneo\u00bb.<\/p>\n<p><strong>\u00abHaber llegado a un club como Villa San Martin\u00bb<br \/>\n<\/strong>Otro de los jugadores que lleg\u00f3 es Emiliano Correa, que viene de jugar en Amancay de La Rioja, es base y mide 1.87 metros. \u00abEstoy contento de haber llegado a un club como Villa San Mart\u00edn, porque s\u00e9 del buen laburo que vienen realizando y temporada atr\u00e1s temporada tratan de armar equipos competitivos\u00bb.<\/p>\n<p><strong>\u00abEstoy muy contento y feliz de ser parte de Villa San Mart\u00edn\u00bb<br \/>\n<\/strong>Otra de las piezas claves que llega al elenco capitalino es el base Agust\u00edn Bruner, quien viene de jugar en Comunicaciones de Mercedes, con tan solo 20 a\u00f1os de edad y mide 1.88 metros. \u00abEstoy muy contento y feliz de ser parte de Villa San Mart\u00edn; y desde lo personal aportar de donde sea para lograr los objetivos del equipo\u00bb.<\/p>\n<p><strong>\u00abCreo que vamos a estar en la parte alta de la tabla\u00bb<br \/>\n<\/strong>Tambi\u00e9n se suma esta temporada el pivote Joaqu\u00edn Marc\u00f3n, de 22 a\u00f1os, mide 2.05 metros y viene de jugar en Regatas Corrientes. \u00abTenemos un buen equipo y creo que vamos a estar en la parte alta de la tabla; desde lo personal espero que sea otra temporada de crecimiento para mi, estoy muy feliz de poder defender los colores de Villa San Mart\u00edn esta temporada\u00bb.<\/p>\n<p><strong>La ficha extranjera<br \/>\n<\/strong>Y en las \u00faltimas horas, se confirm\u00f3 la llegada del americano, quien ya estar\u00eda a disposici\u00f3n del cuerpo t\u00e9cnico el pr\u00f3ximo 23 de septiembre. Tiene 24 a\u00f1os, mide 2,03 metros, es ala \u2013 pivote y viene de jugar en el Vancouver Volcanes en la Liga de Balonceesto de Washington. \u00abMis expectativas al llegar a Villa San Mart\u00edn ser\u00e1n conectarme con mis compa\u00f1eros y la comunidad, as\u00ed como entrar al gimnasio con mis compa\u00f1eros lo m\u00e1s r\u00e1pido posible para tener una buena qu\u00edmica de equipo y mi objetivo final es ganar al final del campeonato\u00bb.<\/p>\n<p>&nbsp;<\/p>\n<p><em><strong>Fotos: Soledad Mordacini (Villa San Mart\u00edn)<\/strong><\/em><\/p>\n<\/div>\n<\/div>\n<\/div>\n<p><img loading=\"lazy\" decoding=\"async\" class=\" wp-image-12987 aligncenter\" src=\"https:\/\/www.sportchaco.com.ar\/wp-content\/uploads\/2024\/09\/CHACO-JUEGA-BANNERS-1_200X200-1.gif\" alt=\"\" width=\"276\" height=\"276\" \/><\/p>\n","protected":false},"excerpt":{"rendered":"<p>14-09-2024 Cerrando su segunda semana de pretemporada, de un total de 6 semanas incluyendo juegos amistosos, Villa San Mart\u00edn trabaja intensamente en jornadas divididas por la parte f\u00edsica y luego los trabajos de cancha. Mucha intensidad, exigencias y toda la confianza nuevamente en un equipo con caras nuevas, otras que contin\u00faan, pero tambi\u00e9n otras que &hellip;<\/p>\n","protected":false},"author":3,"featured_media":13187,"comment_status":"open","ping_status":"open","sticky":false,"template":"","format":"standard","meta":{"footnotes":""},"categories":[3],"tags":[],"class_list":["post-13186","post","type-post","status-publish","format-standard","has-post-thumbnail","hentry","category-basquetbol"],"_links":{"self":[{"href":"https:\/\/www.sportchaco.com.ar\/index.php?rest_route=\/wp\/v2\/posts\/13186","targetHints":{"allow":["GET"]}}],"collection":[{"href":"https:\/\/www.sportchaco.com.ar\/index.php?rest_route=\/wp\/v2\/posts"}],"about":[{"href":"https:\/\/www.sportchaco.com.ar\/index.php?rest_route=\/wp\/v2\/types\/post"}],"author":[{"embeddable":true,"href":"https:\/\/www.sportchaco.com.ar\/index.php?rest_route=\/wp\/v2\/users\/3"}],"replies":[{"embeddable":true,"href":"https:\/\/www.sportchaco.com.ar\/index.php?rest_route=%2Fwp%2Fv2%2Fcomments&post=13186"}],"version-history":[{"count":1,"href":"https:\/\/www.sportchaco.com.ar\/index.php?rest_route=\/wp\/v2\/posts\/13186\/revisions"}],"predecessor-version":[{"id":13188,"href":"https:\/\/www.sportchaco.com.ar\/index.php?rest_route=\/wp\/v2\/posts\/13186\/revisions\/13188"}],"wp:featuredmedia":[{"embeddable":true,"href":"https:\/\/www.sportchaco.com.ar\/index.php?rest_route=\/wp\/v2\/media\/13187"}],"wp:attachment":[{"href":"https:\/\/www.sportchaco.com.ar\/index.php?rest_route=%2Fwp%2Fv2%2Fmedia&parent=13186"}],"wp:term":[{"taxonomy":"category","embeddable":true,"href":"https:\/\/www.sportchaco.com.ar\/index.php?rest_route=%2Fwp%2Fv2%2Fcategories&post=13186"},{"taxonomy":"post_tag","embeddable":true,"href":"https:\/\/www.sportchaco.com.ar\/index.php?rest_route=%2Fwp%2Fv2%2Ftags&post=13186"}],"curies":[{"name":"wp","href":"https:\/\/api.w.org\/{rel}","templated":true}]}}