{"id":13313,"date":"2024-09-19T17:31:23","date_gmt":"2024-09-19T20:31:23","guid":{"rendered":"https:\/\/www.sportchaco.com.ar\/?p=13313"},"modified":"2024-09-19T18:58:42","modified_gmt":"2024-09-19T21:58:42","slug":"este-viernes-se-pone-en-marcha-una-nueva-fecha-del-ascenso","status":"publish","type":"post","link":"https:\/\/www.sportchaco.com.ar\/?p=13313","title":{"rendered":"Este viernes se pone en marcha una nueva fecha del ascenso"},"content":{"rendered":"<p><strong>19-09-2024<\/strong><\/p>\n<p><img loading=\"lazy\" decoding=\"async\" class=\" wp-image-11681 aligncenter\" src=\"https:\/\/www.sportchaco.com.ar\/wp-content\/uploads\/2024\/07\/CHACO-JUEGA-BANNERS-1_320X50-1-300x47.gif\" alt=\"\" width=\"409\" height=\"64\" \/><\/p>\n<p>El torneo de la Primera B de la Liga Chaque\u00f1a comenzar\u00e1 este viernes con su 21\u00aa fecha. El l\u00edder y puntero, Deportivo Luj\u00e1n, recibir\u00e1 este s\u00e1bado a DEF en el \u00abClaudio Jerem\u00edas Echeverri\u00bb, mientras que su escolta Independiente Tirol ser\u00e1 local ante Chaco Hebr\u00f3n.<\/p>\n<p><b>TODA LA 21\u00aa FECHA<\/b><br \/>\n<b>Viernes 20 \u2013 09<\/b><br \/>\nA las 15:30; UPCP \u2013 V\u00e9lez SL, en Regional<br \/>\nA las 15:30; Parque Patricios \u2013 C. E. de Comercio, en Chaco Hebr\u00f3n<br \/>\nA las 15:30; Municipales \u2013 Canallas del Sur, en San Fernando<\/p>\n<p><b>S\u00e1bado 21 &#8211; 09<\/b><br \/>\nA las 15:30; Dep. G\u00fciraldes \u2013 Dep. Barber\u00e1n, en Vilelas<br \/>\nA las 15:30; Los L\u00edricos \u2013 Banfield, en Chaco Hebr\u00f3n<br \/>\nA las 15:30; Dep. Luj\u00e1n \u2013 DEF<br \/>\nA las 15:30; Dogos \u2013 Centauro FC, en San Fernando<br \/>\nA las 15:30; Dep. Sameep \u2013 Bariloche FC, en Regional<br \/>\nA las 18; Indepte. Tirol \u2013 Chaco Hebr\u00f3n<\/p>\n<p><b>Domingo 22 &#8211; 09<\/b><br \/>\nA las 15:30; FC Barber\u00e1n \u2013 Confraternidad, en V\u00e9lez<\/p>\n<p><b>Libre:\u00a0<\/b>Dep. Esperanza<\/p>\n<p><em>Tiro FC \u2013 Club de Amigos<\/em><br \/>\n<em><b>Nota:<\/b>\u00a0todos los equipos rivales de Club de Amigos son adjudicadores de tres puntos por su desafiliaci\u00f3n y quedan libres en la fecha.<\/em><\/p>\n<p><b>POSICIONES<\/b><br \/>\nDep. Luj\u00e1n 50<br \/>\nIndepte. Tirol 47<br \/>\nDep. Esperanza 44<br \/>\nTiro FC 40<br \/>\nDep. G\u00fciraldes 37<br \/>\nFC Barber\u00e1n 32<br \/>\nLos L\u00edricos 31<br \/>\nConfraternidad 30<br \/>\nDep. Barber\u00e1n 30<br \/>\nMunicipales 30<br \/>\nDEF 29<br \/>\nDogos 29<br \/>\nC. E. de Comercio 27<br \/>\nChaco Hebr\u00f3n 26<br \/>\nUPCP 25<br \/>\nV\u00e9lez SL 22<br \/>\nBanfield 22<br \/>\nCanallas del Sur 16<br \/>\nCentauro FC 16<br \/>\nParque Patricios 14<br \/>\nDep. Sameep 11<br \/>\nBariloche FC 9<\/p>\n<p><img loading=\"lazy\" decoding=\"async\" class=\" wp-image-13295 aligncenter\" src=\"https:\/\/www.sportchaco.com.ar\/wp-content\/uploads\/2024\/09\/CHACO-JUEGA-BANNERS-1_300X250-1-1.gif\" alt=\"\" width=\"355\" height=\"296\" \/><\/p>\n","protected":false},"excerpt":{"rendered":"<p>19-09-2024 El torneo de la Primera B de la Liga Chaque\u00f1a comenzar\u00e1 este viernes con su 21\u00aa fecha. El l\u00edder y puntero, Deportivo Luj\u00e1n, recibir\u00e1 este s\u00e1bado a DEF en el \u00abClaudio Jerem\u00edas Echeverri\u00bb, mientras que su escolta Independiente Tirol ser\u00e1 local ante Chaco Hebr\u00f3n. TODA LA 21\u00aa FECHA Viernes 20 \u2013 09 A las &hellip;<\/p>\n","protected":false},"author":3,"featured_media":10741,"comment_status":"open","ping_status":"open","sticky":false,"template":"","format":"standard","meta":{"footnotes":""},"categories":[5],"tags":[],"class_list":["post-13313","post","type-post","status-publish","format-standard","has-post-thumbnail","hentry","category-futbol"],"_links":{"self":[{"href":"https:\/\/www.sportchaco.com.ar\/index.php?rest_route=\/wp\/v2\/posts\/13313","targetHints":{"allow":["GET"]}}],"collection":[{"href":"https:\/\/www.sportchaco.com.ar\/index.php?rest_route=\/wp\/v2\/posts"}],"about":[{"href":"https:\/\/www.sportchaco.com.ar\/index.php?rest_route=\/wp\/v2\/types\/post"}],"author":[{"embeddable":true,"href":"https:\/\/www.sportchaco.com.ar\/index.php?rest_route=\/wp\/v2\/users\/3"}],"replies":[{"embeddable":true,"href":"https:\/\/www.sportchaco.com.ar\/index.php?rest_route=%2Fwp%2Fv2%2Fcomments&post=13313"}],"version-history":[{"count":2,"href":"https:\/\/www.sportchaco.com.ar\/index.php?rest_route=\/wp\/v2\/posts\/13313\/revisions"}],"predecessor-version":[{"id":13321,"href":"https:\/\/www.sportchaco.com.ar\/index.php?rest_route=\/wp\/v2\/posts\/13313\/revisions\/13321"}],"wp:featuredmedia":[{"embeddable":true,"href":"https:\/\/www.sportchaco.com.ar\/index.php?rest_route=\/wp\/v2\/media\/10741"}],"wp:attachment":[{"href":"https:\/\/www.sportchaco.com.ar\/index.php?rest_route=%2Fwp%2Fv2%2Fmedia&parent=13313"}],"wp:term":[{"taxonomy":"category","embeddable":true,"href":"https:\/\/www.sportchaco.com.ar\/index.php?rest_route=%2Fwp%2Fv2%2Fcategories&post=13313"},{"taxonomy":"post_tag","embeddable":true,"href":"https:\/\/www.sportchaco.com.ar\/index.php?rest_route=%2Fwp%2Fv2%2Ftags&post=13313"}],"curies":[{"name":"wp","href":"https:\/\/api.w.org\/{rel}","templated":true}]}}