{"id":1332,"date":"2023-10-05T18:52:18","date_gmt":"2023-10-05T21:52:18","guid":{"rendered":"https:\/\/www.sportchaco.com.ar\/?p=1332"},"modified":"2023-10-05T18:52:18","modified_gmt":"2023-10-05T21:52:18","slug":"sarmiento-cambia-para-ir-a-salta","status":"publish","type":"post","link":"https:\/\/www.sportchaco.com.ar\/?p=1332","title":{"rendered":"Sarmiento cambia para ir a Salta"},"content":{"rendered":"<p>Este domingo a las 16 horas, en el marco de una nueva fecha de la zona Norte del Federal \u00abA\u00bb, Sarmiento visitar\u00e1 a Gimnasia y Tiro de Salta, l\u00edder del grupo.<\/p>\n<p>En la pr\u00e1ctica de este jueves, el DT \u00abdecano\u00bb, Miguel Urbina prob\u00f3 con un nuevo sistema t\u00e1ctico teniendo en cuenta las bajas de diferentes \u00edndoles\u00a0 que sufri\u00f3 su equipo.<\/p>\n<p>El dibujo nuevo es con tres centrales en el fondo, cinco volantes y dos puntas, dejando de lado el tradicional 4-4-2 de las \u00faltimas fechas.<\/p>\n<p>En cuanto a las bajas, Mariano Puch fue expulsado y deber\u00e1 cumplir una fecha de suspensi\u00f3n al igual que Mat\u00edas Mansilla quien lleg\u00f3 a las cinco tarjetas amarillas. Adem\u00e1s, en las \u00faltimas horas rescindi\u00f3 su contrato Claudio Vega y se suma a las salidas de las \u00faltimas semanas de Nahuel G\u00f3mez, Santiago Gioria y Mariano Mart\u00ednez.<\/p>\n<p>En consecuencia el equipo que prob\u00f3 Urbina fue: <strong>Emilio Di Fulvio; Facundo Pardo, Fernando Ponce y Franco Dom\u00ednguez; Juan Sol\u00eds, Rodrigo Montenegro, Pablo Mart\u00ednez, Sergio Sagarzazu y Luciano Lapetina; Max Pared y Franco Olego.<\/strong><\/p>\n<p>El \u00e1rbitro del partido por la 34\u00aa fecha ser\u00e1 Luis Dami\u00e1n Mart\u00ednez (San Rafael, Mendoza), asistido por Ezequiel Ag\u00fcero (Catamarca) y Fernando Ruarte (La Rioja); de cuarto \u00e1rbitro estar\u00e1 Rodrigo Jara (Malarg\u00fce, Mendoza).<\/p>\n","protected":false},"excerpt":{"rendered":"<p>Este domingo a las 16 horas, en el marco de una nueva fecha de la zona Norte del Federal \u00abA\u00bb, Sarmiento visitar\u00e1 a Gimnasia y Tiro de Salta, l\u00edder del grupo. En la pr\u00e1ctica de este jueves, el DT \u00abdecano\u00bb, Miguel Urbina prob\u00f3 con un nuevo sistema t\u00e1ctico teniendo en cuenta las bajas de diferentes &hellip;<\/p>\n","protected":false},"author":3,"featured_media":1333,"comment_status":"open","ping_status":"open","sticky":false,"template":"","format":"standard","meta":{"footnotes":""},"categories":[5],"tags":[],"class_list":["post-1332","post","type-post","status-publish","format-standard","has-post-thumbnail","hentry","category-futbol"],"_links":{"self":[{"href":"https:\/\/www.sportchaco.com.ar\/index.php?rest_route=\/wp\/v2\/posts\/1332","targetHints":{"allow":["GET"]}}],"collection":[{"href":"https:\/\/www.sportchaco.com.ar\/index.php?rest_route=\/wp\/v2\/posts"}],"about":[{"href":"https:\/\/www.sportchaco.com.ar\/index.php?rest_route=\/wp\/v2\/types\/post"}],"author":[{"embeddable":true,"href":"https:\/\/www.sportchaco.com.ar\/index.php?rest_route=\/wp\/v2\/users\/3"}],"replies":[{"embeddable":true,"href":"https:\/\/www.sportchaco.com.ar\/index.php?rest_route=%2Fwp%2Fv2%2Fcomments&post=1332"}],"version-history":[{"count":1,"href":"https:\/\/www.sportchaco.com.ar\/index.php?rest_route=\/wp\/v2\/posts\/1332\/revisions"}],"predecessor-version":[{"id":1334,"href":"https:\/\/www.sportchaco.com.ar\/index.php?rest_route=\/wp\/v2\/posts\/1332\/revisions\/1334"}],"wp:featuredmedia":[{"embeddable":true,"href":"https:\/\/www.sportchaco.com.ar\/index.php?rest_route=\/wp\/v2\/media\/1333"}],"wp:attachment":[{"href":"https:\/\/www.sportchaco.com.ar\/index.php?rest_route=%2Fwp%2Fv2%2Fmedia&parent=1332"}],"wp:term":[{"taxonomy":"category","embeddable":true,"href":"https:\/\/www.sportchaco.com.ar\/index.php?rest_route=%2Fwp%2Fv2%2Fcategories&post=1332"},{"taxonomy":"post_tag","embeddable":true,"href":"https:\/\/www.sportchaco.com.ar\/index.php?rest_route=%2Fwp%2Fv2%2Ftags&post=1332"}],"curies":[{"name":"wp","href":"https:\/\/api.w.org\/{rel}","templated":true}]}}