{"id":13357,"date":"2024-09-21T23:00:11","date_gmt":"2024-09-22T02:00:11","guid":{"rendered":"https:\/\/www.sportchaco.com.ar\/?p=13357"},"modified":"2024-09-22T09:22:30","modified_gmt":"2024-09-22T12:22:30","slug":"efemerides-del-22-de-septiembre","status":"publish","type":"post","link":"https:\/\/www.sportchaco.com.ar\/?p=13357","title":{"rendered":"Efem\u00e9rides del 22 de septiembre"},"content":{"rendered":"<p>&nbsp;<\/p>\n<p><strong>Esta es la Efem\u00e9rides del Deporte en el Chaco de un 22 de septiembre del periodista Luis Dar\u00edo Molodezky.<\/strong><\/p>\n<p><strong>\u00a0<\/strong><\/p>\n<p><img loading=\"lazy\" decoding=\"async\" class=\"alignnone size-medium wp-image-13239\" src=\"https:\/\/www.sportchaco.com.ar\/wp-content\/uploads\/2024\/09\/Molodezky-Luis-300x199.jpg\" alt=\"\" width=\"300\" height=\"199\" srcset=\"https:\/\/www.sportchaco.com.ar\/wp-content\/uploads\/2024\/09\/Molodezky-Luis-300x199.jpg 300w, https:\/\/www.sportchaco.com.ar\/wp-content\/uploads\/2024\/09\/Molodezky-Luis-768x508.jpg 768w, https:\/\/www.sportchaco.com.ar\/wp-content\/uploads\/2024\/09\/Molodezky-Luis.jpg 772w\" sizes=\"auto, (max-width: 300px) 100vw, 300px\" \/><\/p>\n<p>&nbsp;<\/p>\n<p>&nbsp;<\/p>\n<p>&nbsp;<\/p>\n<p><strong>1973<\/strong> \/ Se coloca una placa recordatoria en la Plaza 12 de octubre, sitio de la primera cancha de F\u00fatbol del Chaco perteneciente al \u00abClub Atl\u00e9tico Sarmiento\u00bb, hecho que se remonta al a\u00f1o 1913. El acto estuvo a cargo de los se\u00f1ores Pedro Simoni dirigente y Antonio Arancibia jugador de la instituci\u00f3n.<\/p>\n<p><strong>\u00a0<\/strong><\/p>\n<p><strong>1975<\/strong> \/ Manuel Antonio \u00abJackie\u00bb Silva, con sus 26 a\u00f1os, anunciaba su retorno a las Pistas, con un Fiat 125 de la Pe\u00f1a \u00bb El Ruido\u00bb de Resistencia, en el circuito de Ober\u00e1 con el N\u00b0 243. Hab\u00eda arrancado en 1070 siendo campe\u00f3n con el DKW, Luego corri\u00f3 con Fiat, pero poco tiempo. Los a\u00f1os siguientes fue preparador de autos, entre ellos los del campe\u00f3n Juan Carlos Kesqui con Fiat 128. El Pato ten\u00eda 3 a\u00f1os por entonces.<\/p>\n<p><strong>\u00a0<\/strong><\/p>\n<p><strong>1979 <\/strong>\/ Se realiza el rally primer aniversario de la Fundaci\u00f3n de Fuerte Esperanza (23-9-78), en el coraz\u00f3n de El Impenetrable. Sobre 1.100 kil\u00f3metros con m\u00e1s de 900 de tierra. El ganador de la clase mayor fue Francisco Alcuaz con Peugeot, y en la menor, Horacio Badra con Fiat 128.<\/p>\n<p>&nbsp;<\/p>\n<p><strong>1985 <\/strong>\/ Se presenta la categor\u00eda Datsun bajo condiciones clim\u00e1ticas adversas, se impuso Esteban Fernandino, seguido por Gustavo Der Ohanessian y Silvio Oltra. El promedio del ganador fue de 106,001 km\/hora. En la clase 2 de TN gan\u00f3 Enrique Urrutia con Fiat 128 y en la clase 3 Rodolfo Bergallo con R-18.<\/p>\n<p>&nbsp;<\/p>\n<p><strong>1990 <\/strong>\/ Defensores de Vilelas asciende a primera divisi\u00f3n despu\u00e9s de jugar 38 a\u00f1os en el ascenso y el DT fue Juan Valent\u00edn Gonz\u00e1lez.<\/p>\n<p>&nbsp;<\/p>\n<p><strong>1998 <\/strong>\/ Fallece el piloto Gonzalo Gandola, tras una carrera por el Campeonato Argentino de Motociclismo, que se disputaba en Villa Concepci\u00f3n del T\u00edo (C\u00f3rdoba). El corredor de 20 a\u00f1os, tuvo una ca\u00edda, y fue atropellado por otra m\u00e1quina. En la colisi\u00f3n, un elemento met\u00e1lico atraves\u00f3 el casco protector provoc\u00e1ndole serias heridas cerebrales, la que fueron irreversibles y un estado de coma cuatro hasta su fallecimiento.<\/p>\n<p>&nbsp;<\/p>\n<p>&nbsp;<\/p>\n<p><strong>Foto portada de Rodolfo \u00abRody\u00bb Bergallo<\/strong><\/p>\n<p>&nbsp;<\/p>\n<p style=\"text-align: center;\"><img loading=\"lazy\" decoding=\"async\" class=\"alignnone size-full wp-image-13295\" src=\"https:\/\/www.sportchaco.com.ar\/wp-content\/uploads\/2024\/09\/CHACO-JUEGA-BANNERS-1_300X250-1-1.gif\" alt=\"\" width=\"300\" height=\"250\" \/><\/p>\n","protected":false},"excerpt":{"rendered":"<p>&nbsp; Esta es la Efem\u00e9rides del Deporte en el Chaco de un 22 de septiembre del periodista Luis Dar\u00edo Molodezky. \u00a0 &nbsp; &nbsp; &nbsp; 1973 \/ Se coloca una placa recordatoria en la Plaza 12 de octubre, sitio de la primera cancha de F\u00fatbol del Chaco perteneciente al \u00abClub Atl\u00e9tico Sarmiento\u00bb, hecho que se remonta &hellip;<\/p>\n","protected":false},"author":2,"featured_media":13358,"comment_status":"open","ping_status":"open","sticky":false,"template":"","format":"standard","meta":{"footnotes":""},"categories":[1],"tags":[],"class_list":["post-13357","post","type-post","status-publish","format-standard","has-post-thumbnail","hentry","category-fotos-del-recuerdo"],"_links":{"self":[{"href":"https:\/\/www.sportchaco.com.ar\/index.php?rest_route=\/wp\/v2\/posts\/13357","targetHints":{"allow":["GET"]}}],"collection":[{"href":"https:\/\/www.sportchaco.com.ar\/index.php?rest_route=\/wp\/v2\/posts"}],"about":[{"href":"https:\/\/www.sportchaco.com.ar\/index.php?rest_route=\/wp\/v2\/types\/post"}],"author":[{"embeddable":true,"href":"https:\/\/www.sportchaco.com.ar\/index.php?rest_route=\/wp\/v2\/users\/2"}],"replies":[{"embeddable":true,"href":"https:\/\/www.sportchaco.com.ar\/index.php?rest_route=%2Fwp%2Fv2%2Fcomments&post=13357"}],"version-history":[{"count":1,"href":"https:\/\/www.sportchaco.com.ar\/index.php?rest_route=\/wp\/v2\/posts\/13357\/revisions"}],"predecessor-version":[{"id":13359,"href":"https:\/\/www.sportchaco.com.ar\/index.php?rest_route=\/wp\/v2\/posts\/13357\/revisions\/13359"}],"wp:featuredmedia":[{"embeddable":true,"href":"https:\/\/www.sportchaco.com.ar\/index.php?rest_route=\/wp\/v2\/media\/13358"}],"wp:attachment":[{"href":"https:\/\/www.sportchaco.com.ar\/index.php?rest_route=%2Fwp%2Fv2%2Fmedia&parent=13357"}],"wp:term":[{"taxonomy":"category","embeddable":true,"href":"https:\/\/www.sportchaco.com.ar\/index.php?rest_route=%2Fwp%2Fv2%2Fcategories&post=13357"},{"taxonomy":"post_tag","embeddable":true,"href":"https:\/\/www.sportchaco.com.ar\/index.php?rest_route=%2Fwp%2Fv2%2Ftags&post=13357"}],"curies":[{"name":"wp","href":"https:\/\/api.w.org\/{rel}","templated":true}]}}