{"id":13414,"date":"2024-09-24T23:05:31","date_gmt":"2024-09-25T02:05:31","guid":{"rendered":"https:\/\/www.sportchaco.com.ar\/?p=13414"},"modified":"2024-09-24T23:08:14","modified_gmt":"2024-09-25T02:08:14","slug":"13414","status":"publish","type":"post","link":"https:\/\/www.sportchaco.com.ar\/?p=13414","title":{"rendered":"Efem\u00e9rides del 25 de septiembre"},"content":{"rendered":"<p><strong>Esta es la Efem\u00e9rides del Deporte en el Chaco de un 25 de septiembre del periodista Luis Dar\u00edo Molodezky.<\/strong><\/p>\n<p><strong>\u00a0<\/strong><\/p>\n<p><img loading=\"lazy\" decoding=\"async\" class=\"alignnone size-medium wp-image-13239\" src=\"https:\/\/www.sportchaco.com.ar\/wp-content\/uploads\/2024\/09\/Molodezky-Luis-300x199.jpg\" alt=\"\" width=\"300\" height=\"199\" srcset=\"https:\/\/www.sportchaco.com.ar\/wp-content\/uploads\/2024\/09\/Molodezky-Luis-300x199.jpg 300w, https:\/\/www.sportchaco.com.ar\/wp-content\/uploads\/2024\/09\/Molodezky-Luis-768x508.jpg 768w, https:\/\/www.sportchaco.com.ar\/wp-content\/uploads\/2024\/09\/Molodezky-Luis.jpg 772w\" sizes=\"auto, (max-width: 300px) 100vw, 300px\" \/><\/p>\n<p>&nbsp;<\/p>\n<p><strong>1927 \/ <\/strong>Nace en Villa Angela el destacado dirigente Juan Melar, quien se vinculo al club Marcelino Ugarte muy joven. En su presidencia se lograron dos campeonatos de AFOCH invictos con jugadores de jerarqu\u00eda como los hermanos Chazarreta, su hermano Esteban Melar, Roberto Lausse, Lockett, Sudarich, Chiquito Acosta, Funes, Ju\u00e1rez, Corzo, Montenegro, Moreno, entre tantos otros muy buenos valores que alternaban el equipo de primera divisi\u00f3n. Fue secretario de Gobierno y se jubil\u00f3 como empleado municipal. El 27 de julio de 2019, se le impone su nombre al estadio. Falleci\u00f3 el 3 de agosto de 1997<\/p>\n<p><strong>\u00a0<\/strong><\/p>\n<p><strong>1954 <\/strong>\/ El Club Regional inaugura su nueva cancha en Villa Libertad, con un partido frente a Sarmiento que termin\u00f3 uno a uno. El predio emplazado sobre avenida Lisandro de la Torre, constituye la manzana N\u00ba 40 de Villa Libertad. Cuenta con capacidad entre tribunas y plateas, para 3.000 espectadores. Adem\u00e1s de la cancha, se construyeron dos vestuarios, ba\u00f1os, casilla de material para los \u00e1rbitros, palco para periodistas y aljibe de agua potable. Regional, volv\u00eda a resurgir.<\/p>\n<p>&nbsp;<\/p>\n<p><strong>1969 <\/strong>\/ El presidente del Club Sarmiento \u2013doctor Julio Garc\u00eda\u2013 firma el boleto de compra venta del terreno colindante al estadio, ubicado en Juan D. Per\u00f3n y Av. Mac Lean, por un valor de 1.900.000 pesos.<\/p>\n<p>&nbsp;<\/p>\n<p><strong>1982<\/strong> \/ Luciano G\u00f3mez se impuso en la Mini Marat\u00f3n de los Barios organizada por el club Sarmiento en su 72 aniversario. El corredor de Puerto Vilelas representando al Club Marath\u00f3n, emple\u00f3 1 hora y 10 minutos para recorrer los 19 kil\u00f3metros. Segundo fue Basilio Galarza a 10\u201d y tercero Romualdo Parras a 4\u2019.<\/p>\n<p>&nbsp;<\/p>\n<p><strong>1983 <\/strong>\/ El joven tenista Jos\u00e9 Ra\u00fal Abraham, se consagra campe\u00f3n argentino infantil, en el Nacional de Menores disputado en el club Regatas Resistencia.<\/p>\n<p>&nbsp;<\/p>\n<p><strong>2003 <\/strong>\/ Fallece Estanislao <em>Tanicho <\/em>Maidana, hombre ligado al f\u00fatbol por espacio de muchos a\u00f1os, primero como jugador (V\u00e9lez), luego en la funci\u00f3n de \u00e1rbitro y finalmente como dirigente de la Liga Chaque\u00f1a, siendo consejero de Regional y Central Norte, y secretario de la Liga.<\/p>\n<p>&nbsp;<\/p>\n<p><strong>2006 <\/strong>\/ Se impone el nombre de Ra\u00fal Alejo Gronda al microestadio de Sarmiento, en el que se realiz\u00f3 el cerramiento completo, pintura, iluminaci\u00f3n, piso de parquet, y que prev\u00e9 la construcci\u00f3n de tribunas de cemento para 1.500 personas, bajo la cual se construir\u00e1n los vestuarios, utiler\u00eda, dep\u00f3sitos y albergues.<\/p>\n<p>&nbsp;<\/p>\n<p><strong>2009 <\/strong>\/ El Club Pinedo Central dej\u00f3 inaugurado su piso de parqu\u00e9 y la remodelaci\u00f3n total de su estadio, que a\u00f1os atr\u00e1s fuera abatido por un fen\u00f3meno meteorol\u00f3gico. Presiden el acto el titular del Club Jorge Alberto Astrada y el intendente Juan Antonio Reschini. Luego se juega el primer partido por el Provincial, donde Central derrota a H\u00e9rcules de Charata 84 a 79.<\/p>\n<p style=\"text-align: center;\"><strong><em>\u00a0<img loading=\"lazy\" decoding=\"async\" class=\"alignnone size-full wp-image-12987\" src=\"https:\/\/www.sportchaco.com.ar\/wp-content\/uploads\/2024\/09\/CHACO-JUEGA-BANNERS-1_200X200-1.gif\" alt=\"\" width=\"200\" height=\"200\" \/><\/em><\/strong><\/p>\n","protected":false},"excerpt":{"rendered":"<p>Esta es la Efem\u00e9rides del Deporte en el Chaco de un 25 de septiembre del periodista Luis Dar\u00edo Molodezky. \u00a0 &nbsp; 1927 \/ Nace en Villa Angela el destacado dirigente Juan Melar, quien se vinculo al club Marcelino Ugarte muy joven. En su presidencia se lograron dos campeonatos de AFOCH invictos con jugadores de jerarqu\u00eda &hellip;<\/p>\n","protected":false},"author":2,"featured_media":13415,"comment_status":"open","ping_status":"open","sticky":false,"template":"","format":"standard","meta":{"footnotes":""},"categories":[45,39],"tags":[],"class_list":["post-13414","post","type-post","status-publish","format-standard","has-post-thumbnail","hentry","category-efemerides-dia-por-dia","category-septiembre"],"_links":{"self":[{"href":"https:\/\/www.sportchaco.com.ar\/index.php?rest_route=\/wp\/v2\/posts\/13414","targetHints":{"allow":["GET"]}}],"collection":[{"href":"https:\/\/www.sportchaco.com.ar\/index.php?rest_route=\/wp\/v2\/posts"}],"about":[{"href":"https:\/\/www.sportchaco.com.ar\/index.php?rest_route=\/wp\/v2\/types\/post"}],"author":[{"embeddable":true,"href":"https:\/\/www.sportchaco.com.ar\/index.php?rest_route=\/wp\/v2\/users\/2"}],"replies":[{"embeddable":true,"href":"https:\/\/www.sportchaco.com.ar\/index.php?rest_route=%2Fwp%2Fv2%2Fcomments&post=13414"}],"version-history":[{"count":2,"href":"https:\/\/www.sportchaco.com.ar\/index.php?rest_route=\/wp\/v2\/posts\/13414\/revisions"}],"predecessor-version":[{"id":13417,"href":"https:\/\/www.sportchaco.com.ar\/index.php?rest_route=\/wp\/v2\/posts\/13414\/revisions\/13417"}],"wp:featuredmedia":[{"embeddable":true,"href":"https:\/\/www.sportchaco.com.ar\/index.php?rest_route=\/wp\/v2\/media\/13415"}],"wp:attachment":[{"href":"https:\/\/www.sportchaco.com.ar\/index.php?rest_route=%2Fwp%2Fv2%2Fmedia&parent=13414"}],"wp:term":[{"taxonomy":"category","embeddable":true,"href":"https:\/\/www.sportchaco.com.ar\/index.php?rest_route=%2Fwp%2Fv2%2Fcategories&post=13414"},{"taxonomy":"post_tag","embeddable":true,"href":"https:\/\/www.sportchaco.com.ar\/index.php?rest_route=%2Fwp%2Fv2%2Ftags&post=13414"}],"curies":[{"name":"wp","href":"https:\/\/api.w.org\/{rel}","templated":true}]}}