{"id":13418,"date":"2024-09-24T12:45:09","date_gmt":"2024-09-24T15:45:09","guid":{"rendered":"https:\/\/www.sportchaco.com.ar\/?p=13418"},"modified":"2024-09-24T12:45:09","modified_gmt":"2024-09-24T15:45:09","slug":"f-1-los-colegas-apoyan-a-verstappen-tras-la-sancion","status":"publish","type":"post","link":"https:\/\/www.sportchaco.com.ar\/?p=13418","title":{"rendered":"F-1: Los colegas apoyan a Verstappen tras la sanci\u00f3n"},"content":{"rendered":"<header class=\"article-header-wrapper\">\n<div class=\"article-header\">\n<h5 id=\"crece-el-conflicto-en-la-formula-1-tras-la-sancion-a-verstappen:-la-reaccion-del-resto-de-los-pilotos-y-una-frase-que-dio-que-hablar\" class=\"article-headline left\">Crece el conflicto en la F\u00f3rmula 1 tras la sanci\u00f3n a Verstappen: la reacci\u00f3n del resto de los pilotos y una frase que dio que hablar. La Asociaci\u00f3n de Pilotos de la categor\u00eda apoy\u00f3 al campe\u00f3n del mundo tras ser sancionado por su lenguaje durante una conferencia<\/h5>\n<\/div>\n<\/header>\n<article class=\"article\">\n<div class=\"sharebar-container\">\n<div class=\"sharebar-buttons-container\">\n<div class=\"sharebar-buttons button-save\" tabindex=\"0\" role=\"button\" aria-label=\"Guardar\"><\/div>\n<div class=\"sharebar-buttons-separator\"><\/div>\n<p><button class=\"sharemenu-buttons\" aria-label=\"Compartir en Telegram\"><\/button><button class=\"sharemenu-buttons\" aria-label=\"Compartir en Linkedin\"><\/button><button class=\"sharemenu-buttons\" aria-label=\"Compartir en Twitter\"><\/button><button class=\"sharemenu-buttons\" aria-label=\"Compartir en Whatsapp\"><\/button><button class=\"sharemenu-buttons\" aria-label=\"Compartir en Facebook\"><\/button><\/div>\n<\/div>\n<div class=\"body-article \">\n<div class=\"visual__image\"><img loading=\"lazy\" decoding=\"async\" class=\"\" src=\"https:\/\/www.infobae.com\/new-resizer\/qBgNbH8STm7JjMU8Gqr58AF3J-c=\/420x236\/filters:format(webp):quality(85)\/cloudfront-us-east-1.images.arcpublishing.com\/infobae\/GOHY2JC6U5GRBAJ6XY7D3GHNGM.jpg%20420w\" sizes=\"auto, (min-width: 1560px) 856px, (min-width: 1000px) calc(74.63vw - 293px), (min-width: 780px) calc(100vw - 376px), (min-width: 580px) calc(100vw - 32px), 100vw\" srcset=\"https:\/\/www.infobae.com\/new-resizer\/qBgNbH8STm7JjMU8Gqr58AF3J-c=\/420x236\/filters:format(webp):quality(85)\/cloudfront-us-east-1.images.arcpublishing.com\/infobae\/GOHY2JC6U5GRBAJ6XY7D3GHNGM.jpg 420w,https:\/\/www.infobae.com\/new-resizer\/sVH9BOJK0O1IzitrjWL5Xw-5OPg=\/768x432\/filters:format(webp):quality(85)\/cloudfront-us-east-1.images.arcpublishing.com\/infobae\/GOHY2JC6U5GRBAJ6XY7D3GHNGM.jpg 768w,https:\/\/www.infobae.com\/new-resizer\/Nu5QdQHqNH7-evWTwsjkWkKrfKg=\/992x558\/filters:format(webp):quality(85)\/cloudfront-us-east-1.images.arcpublishing.com\/infobae\/GOHY2JC6U5GRBAJ6XY7D3GHNGM.jpg 992w,https:\/\/www.infobae.com\/new-resizer\/_nd8jJPouJazBpkZ5FdFaiF7Ufc=\/1200x675\/filters:format(webp):quality(85)\/cloudfront-us-east-1.images.arcpublishing.com\/infobae\/GOHY2JC6U5GRBAJ6XY7D3GHNGM.jpg 1200w,https:\/\/www.infobae.com\/new-resizer\/894ixEMpvwpUm9DoujEJ8lX2qjc=\/1440x810\/filters:format(webp):quality(85)\/cloudfront-us-east-1.images.arcpublishing.com\/infobae\/GOHY2JC6U5GRBAJ6XY7D3GHNGM.jpg 1440w\" alt=\"El piloto de Red Bull Max Verstappen habla con Lewis Hamilton de Mercedes tras la sesi\u00f3n de calificaci\u00f3n del s\u00e1bado 21 de septiembre del 2024 al Gran Premio de Singapur (Foto: AP\/Vincent Thian)\" width=\"5332\" height=\"2999\" data-src=\"https:\/\/www.infobae.com\/new-resizer\/qBgNbH8STm7JjMU8Gqr58AF3J-c=\/420x236\/filters:format(webp):quality(85)\/cloudfront-us-east-1.images.arcpublishing.com\/infobae\/GOHY2JC6U5GRBAJ6XY7D3GHNGM.jpg 420w\" \/>El piloto de Red Bull Max Verstappen habla con Lewis Hamilton de Mercedes tras la sesi\u00f3n de calificaci\u00f3n del s\u00e1bado 21 de septiembre del 2024 al Gran Premio de Singapur (Foto: AP\/Vincent Thian)<\/div>\n<p class=\"paragraph\"><b>La F\u00f3rmula 1 est\u00e1 al rojo vivo<\/b>. Y nada tiene que ver la contienda en los circuitos, que ahora muestra una mejor\u00eda de McLaren por sobre Red Bull en el campeonato de Constructores y la lucha por el t\u00edtulo de pilotos entre\u00a0<b>Max Verstappen<\/b>\u00a0y\u00a0<b>Lando Norris<\/b>\u00a0despu\u00e9s de<a href=\"https:\/\/www.infobae.com\/deportes\/2024\/09\/22\/la-pelea-por-los-titulos-en-la-formula-1-mclaren-le-saco-mas-ventaja-a-red-bull-y-arde-el-duelo-norris-verstappen\/\" target=\"_blank\" rel=\"noopener noreferrer\">\u00a0la victoria del brit\u00e1nico en el Gran Premio de Singapur<\/a>.<\/p>\n<p class=\"paragraph\">M\u00e1s all\u00e1 de lo que ocurre en la pista, durante el fin de semana en el circuito callejero de\u00a0<i>Marina Bay<\/i>\u00a0se produjo una resonante declaraci\u00f3n de la estrella m\u00e1xima del paddock. El neerland\u00e9s, vigente campe\u00f3n del mundo,\u00a0<a href=\"https:\/\/www.infobae.com\/deportes\/2024\/09\/23\/max-verstappen-puso-en-duda-su-futuro-en-la-formula-1-tras-una-particular-sancion-que-recibio-fuera-de-la-pista\/\" target=\"_blank\" rel=\"noopener noreferrer\">puso en duda su continuidad en la F1<\/a>\u00a0luego de recibir una sanci\u00f3n por una acci\u00f3n fuera de la pista.<\/p>\n<p class=\"paragraph\">\u00bfQu\u00e9 sucedi\u00f3? Durante la conferencia de prensa oficial previo al comienzo de la actividad,\u00a0<b>Verstappen utiliz\u00f3 la palabra \u201cmierda\u201d para referirse al funcionamiento de su Red Bull<\/b>\u00a0y eso provoc\u00f3 una multa por parte de la FIA, el ente regulador de la categor\u00eda, por considerar que este tipo de lenguaje como ofensivo. Tras revisar la transcripci\u00f3n con los dichos de Max\u00a0<b>se determin\u00f3 que viol\u00f3 el C\u00f3digo Deportivo Internacional y, por ende, fue sancionado a realizar servicios comunitarios<\/b>.<\/p>\n<p class=\"paragraph\">Frente a este escenario, los pilotos de F\u00f3rmula 1 est\u00e1n evaluando su respuesta a la reciente sanci\u00f3n impuesta a Verstappen. En una reuni\u00f3n privada celebrada al margen de los eventos formales de la FIA,\u00a0<b>el neerland\u00e9s destac\u00f3 el apoyo que recibi\u00f3 de otros pilotos a trav\u00e9s de un grupo privado de WhatsApp de la Asociaci\u00f3n de Pilotos de F1<\/b>. \u201cS\u00ed, por supuesto\u201d, dijo el piloto de 26 a\u00f1os al ser consultado sobre si tuvo el apoyo de sus compa\u00f1eros de categor\u00eda tras conocerse la noticia.<\/p>\n<p class=\"paragraph\"><b>\u201cEscrib\u00ed en el chat de la GPDA el fallo, y todo el mundo casi se re\u00eda, en plan, \u2018qu\u00e9 demonios es eso\u2019 b\u00e1sicamente\u201d<\/b>, explic\u00f3 en declaraciones que tom\u00f3 el medio\u00a0<i>Motorsport<\/i>.<\/p>\n<div class=\"visual__image\"><img loading=\"lazy\" decoding=\"async\" class=\"\" src=\"https:\/\/www.infobae.com\/new-resizer\/9Iv1xi7YR8spVGKpr2NleHcajwA=\/420x236\/filters:format(webp):quality(85)\/cloudfront-us-east-1.images.arcpublishing.com\/infobae\/APTLEA2FJNBYDPP4E2EYGZOMBY.jpg%20420w\" sizes=\"auto, (min-width: 1560px) 856px, (min-width: 1000px) calc(74.63vw - 293px), (min-width: 780px) calc(100vw - 376px), (min-width: 580px) calc(100vw - 32px), 100vw\" srcset=\"https:\/\/www.infobae.com\/new-resizer\/9Iv1xi7YR8spVGKpr2NleHcajwA=\/420x236\/filters:format(webp):quality(85)\/cloudfront-us-east-1.images.arcpublishing.com\/infobae\/APTLEA2FJNBYDPP4E2EYGZOMBY.jpg 420w,https:\/\/www.infobae.com\/new-resizer\/a6OFXMoJQZW-GewbcBn25amXWqo=\/768x432\/filters:format(webp):quality(85)\/cloudfront-us-east-1.images.arcpublishing.com\/infobae\/APTLEA2FJNBYDPP4E2EYGZOMBY.jpg 768w,https:\/\/www.infobae.com\/new-resizer\/Mav0FpcljYevoS5zPeYsF3c9nfE=\/992x558\/filters:format(webp):quality(85)\/cloudfront-us-east-1.images.arcpublishing.com\/infobae\/APTLEA2FJNBYDPP4E2EYGZOMBY.jpg 992w,https:\/\/www.infobae.com\/new-resizer\/sYKWHE0YNHscaexxsfhmzXWsJUQ=\/1200x675\/filters:format(webp):quality(85)\/cloudfront-us-east-1.images.arcpublishing.com\/infobae\/APTLEA2FJNBYDPP4E2EYGZOMBY.jpg 1200w,https:\/\/www.infobae.com\/new-resizer\/pKsWgrAjS1MpTXGmF5Zn3bKewSc=\/1440x810\/filters:format(webp):quality(85)\/cloudfront-us-east-1.images.arcpublishing.com\/infobae\/APTLEA2FJNBYDPP4E2EYGZOMBY.jpg 1440w\" alt=\"Max Verstappen arm\u00f3 una rueda de prensa fuera de la sala tras ser sancionado por sus dichos\" width=\"1920\" height=\"1080\" data-src=\"https:\/\/www.infobae.com\/new-resizer\/9Iv1xi7YR8spVGKpr2NleHcajwA=\/420x236\/filters:format(webp):quality(85)\/cloudfront-us-east-1.images.arcpublishing.com\/infobae\/APTLEA2FJNBYDPP4E2EYGZOMBY.jpg 420w\" \/>Max Verstappen arm\u00f3 una rueda de prensa fuera de la sala tras ser sancionado por sus dichos<\/div>\n<p class=\"paragraph\">El presidente de la asociaci\u00f3n de pilotos Alex Wurz tambi\u00e9n se hizo eco de la sanci\u00f3n y se mostr\u00f3 en contra de la sanci\u00f3n impuesta a Verstappen. En declaraciones a\u00a0<i>Formel1.de<\/i>\u00a0en su canal de YouTube, el ex corredor de 50 a\u00f1os se\u00f1al\u00f3 que aunque no todos los pilotos pueden usar improperios, la decisi\u00f3n le pareci\u00f3 excesiva.<\/p>\n<p class=\"paragraph\"><b>\u201cA m\u00ed me glorificaron por usar esa palabra que empieza por F (fuck)\u201d<\/b>, coment\u00f3 Wurz haciendo referencia a las series de\u00a0<i>Netflix\u00a0<\/i>que han emitido sus palabras sin problemas. Adem\u00e1s, el piloto que logr\u00f3 tres podios en la F\u00f3rmula 1 agreg\u00f3 que como presidente de la asociaci\u00f3n deben discutir internamente antes de tomar una postura oficial respecto a la FIA.<\/p>\n<p class=\"paragraph\">En este sentido, Wurz expres\u00f3 su esperanza de que el incidente se resolviera en privado y sin recurrir a la prensa. \u201cPersonalmente, siempre creo, y tambi\u00e9n lo hacemos en la GPDA, que hay que resolverlo internamente. No pasamos por los medios de comunicaci\u00f3n\u201d.<\/p>\n<p class=\"paragraph\">Hay que remarcar que, durante los contactos con los medios en el GP de Singapur, el que habl\u00f3 de lo sucedido con Verstappen fue Lewis Hamilton, el principal rival en la F\u00f3rmula 1 del piloto neerland\u00e9s y que junto a \u00e9l protagonizaron el ic\u00f3nico mano a mano por el t\u00edtulo en la temporada 2021.\u00a0<b>El brit\u00e1nico, siete veces campe\u00f3n, calific\u00f3 el castigo de \u201cbroma\u201d<\/b>.<\/p>\n<p class=\"paragraph\">El trasfondo de la sanci\u00f3n est\u00e1 relacionada con las recientes declaraciones del presidente de la FIA,\u00a0<b>Mohammed Ben Sulayem<\/b>, quien hab\u00eda anunciado en una charla con el medio especializado\u00a0<i>Motorsport\u00a0<\/i>su deseo de que los pilotos evitaran el uso de lenguaje ofensivo durante las comunicaciones por radio con sus equipos en la pista.<\/p>\n<p class=\"paragraph\">Ben Sulayem fue tajante en su comentario:\u00a0<b>\u201cNo somos raperos. \u00bfCu\u00e1ntas veces por minuto dicen ellos esa palabra? Nosotros no estamos en eso\u201d<\/b>, aclar\u00f3.<\/p>\n<p class=\"paragraph\">Luego de ser sancionado, Verstappen endureci\u00f3 a\u00fan m\u00e1s su conducta cuando tuvo que actuar en las conferencias oficiales de la F\u00f3rmula 1. En la rueda de prensa luego de lo que fue la clasificaci\u00f3n, sus respuestas fueron cortas y organiz\u00f3 una sesi\u00f3n improvisada fuera de la sala oficial. El domingo, tras la carrera, volvi\u00f3 a repetir esta acci\u00f3n, lo que gener\u00f3 a\u00fan m\u00e1s inter\u00e9s en su postura.<\/p>\n<p class=\"paragraph\">\u201cPor supuesto, quiero decir, este tipo de cosas definitivamente tambi\u00e9n deciden mi futuro\u201d, expres\u00f3. \u201cCuando no puedes ser t\u00fa mismo y tienes que lidiar con este tipo de tonter\u00edas, creo que ahora estoy en una etapa de mi carrera en la que no quiero estar lidiando con esto todo el tiempo, es realmente agotador\u201d, coment\u00f3 Max.<\/p>\n<div class=\"visual__image\">Fuente Infobae<\/div>\n<\/div>\n<div><img loading=\"lazy\" decoding=\"async\" class=\"alignnone size-full wp-image-13345 aligncenter\" src=\"https:\/\/www.sportchaco.com.ar\/wp-content\/uploads\/2024\/09\/CHACO-JUEGA-BANNERS-1_200X200-1-1.gif\" alt=\"\" width=\"200\" height=\"200\" \/><\/div>\n<\/article>\n","protected":false},"excerpt":{"rendered":"<p>Crece el conflicto en la F\u00f3rmula 1 tras la sanci\u00f3n a Verstappen: la reacci\u00f3n del resto de los pilotos y una frase que dio que hablar. La Asociaci\u00f3n de Pilotos de la categor\u00eda apoy\u00f3 al campe\u00f3n del mundo tras ser sancionado por su lenguaje durante una conferencia El piloto de Red Bull Max Verstappen habla &hellip;<\/p>\n","protected":false},"author":2,"featured_media":13419,"comment_status":"open","ping_status":"open","sticky":false,"template":"","format":"standard","meta":{"footnotes":""},"categories":[2],"tags":[],"class_list":["post-13418","post","type-post","status-publish","format-standard","has-post-thumbnail","hentry","category-automovilismo"],"_links":{"self":[{"href":"https:\/\/www.sportchaco.com.ar\/index.php?rest_route=\/wp\/v2\/posts\/13418","targetHints":{"allow":["GET"]}}],"collection":[{"href":"https:\/\/www.sportchaco.com.ar\/index.php?rest_route=\/wp\/v2\/posts"}],"about":[{"href":"https:\/\/www.sportchaco.com.ar\/index.php?rest_route=\/wp\/v2\/types\/post"}],"author":[{"embeddable":true,"href":"https:\/\/www.sportchaco.com.ar\/index.php?rest_route=\/wp\/v2\/users\/2"}],"replies":[{"embeddable":true,"href":"https:\/\/www.sportchaco.com.ar\/index.php?rest_route=%2Fwp%2Fv2%2Fcomments&post=13418"}],"version-history":[{"count":1,"href":"https:\/\/www.sportchaco.com.ar\/index.php?rest_route=\/wp\/v2\/posts\/13418\/revisions"}],"predecessor-version":[{"id":13420,"href":"https:\/\/www.sportchaco.com.ar\/index.php?rest_route=\/wp\/v2\/posts\/13418\/revisions\/13420"}],"wp:featuredmedia":[{"embeddable":true,"href":"https:\/\/www.sportchaco.com.ar\/index.php?rest_route=\/wp\/v2\/media\/13419"}],"wp:attachment":[{"href":"https:\/\/www.sportchaco.com.ar\/index.php?rest_route=%2Fwp%2Fv2%2Fmedia&parent=13418"}],"wp:term":[{"taxonomy":"category","embeddable":true,"href":"https:\/\/www.sportchaco.com.ar\/index.php?rest_route=%2Fwp%2Fv2%2Fcategories&post=13418"},{"taxonomy":"post_tag","embeddable":true,"href":"https:\/\/www.sportchaco.com.ar\/index.php?rest_route=%2Fwp%2Fv2%2Ftags&post=13418"}],"curies":[{"name":"wp","href":"https:\/\/api.w.org\/{rel}","templated":true}]}}