{"id":13421,"date":"2024-09-24T12:56:16","date_gmt":"2024-09-24T15:56:16","guid":{"rendered":"https:\/\/www.sportchaco.com.ar\/?p=13421"},"modified":"2024-09-24T12:56:16","modified_gmt":"2024-09-24T15:56:16","slug":"con-chiquito-suspendido-la-hora-de-brey","status":"publish","type":"post","link":"https:\/\/www.sportchaco.com.ar\/?p=13421","title":{"rendered":"Con \u00abChiquito\u00bb suspendido, la hora de Brey"},"content":{"rendered":"<h5>Lleg\u00f3 el momento de Leandro Brey: su gran chance en el arco de Boca tras los elogios de Riquelme. Luego del esc\u00e1ndalo de Romero en el Supercl\u00e1sico y su posterior sanci\u00f3n con olor a fin de ciclo, el surgido de Los Andes tendr\u00e1 su oportunidad en un puesto muy pesado tras la bendici\u00f3n de Rom\u00e1n.<\/h5>\n<div class=\"containerGrid\">\n<div class=\"col6 author\"><\/div>\n<\/div>\n<div id=\"video-genoa-763702\" class=\"videoPlayer genoa-async\" data-contentid=\"1673485\" data-share=\"https:\/\/www.tycsports.com\/boca-juniors\/momento-de-brey-chance-arco-de-boca-elogio-riquelme-id609588.html\">\n<h3 class=\"videoTextTitle\"><\/h3>\n<\/div>\n<p>La<b><a href=\"https:\/\/www.tycsports.com\/river-plate\/final-caliente-hinchas-reprobaron-boca-y-chiquito-romero-trepo-valla-para-buscar-uno-id609253.html\" target=\"_blank\" rel=\"noopener\">\u00a0pelea con los plateistas de Boca tras la derrota en el Supercl\u00e1sico frente a River<\/a><\/b>\u00a0pudo haber sido la \u00faltima imagen de Sergio Romero con la camiseta de Boca. Pese a que\u00a0<b><a href=\"https:\/\/www.tycsports.com\/boca-juniors\/dos-partidos-afuera-busqueda-arquero-sancion-boca-sergio-romero-pelea-con-socios-id609530.html\" target=\"_blank\" rel=\"noopener\">la dirigencia Xeneize lo sancion\u00f3 por los pr\u00f3ximos dos partidos<\/a><\/b>, no se descarta la posibilidad de que no vuelva a atajar m\u00e1s en el club.\u00a0<b>Esta escandalosa situaci\u00f3n le abre la puerta a Leandro Brey<\/b>, el joven arquero que lleg\u00f3 como una apuesta a futuro, fue elogiado por Juan Rom\u00e1n Riquelme en varias oportunidades y cada vez que le toc\u00f3 defender uno de los arcos m\u00e1s pesados del pa\u00eds estuvo a la altura.<\/p>\n<div class=\"alsoReadContainer\">\n<h2 class=\"alsoReadText\"><\/h2>\n<\/div>\n<p>En febrero del 2022, el guardameta oriundo de Lomas de Zamora arrib\u00f3 proveniente de Los Andes a cambio de 450 mil d\u00f3lares. En aquel entonces ten\u00eda 19 a\u00f1os y 34 partidos en la Primera B. Se sum\u00f3 a la Reserva de Hugo Ibarra y demostr\u00f3 r\u00e1pidamente por qu\u00e9 lo contrataron.\u00a0<b>En su primer a\u00f1o gan\u00f3 dos t\u00edtulos con las juveniles del Xeneize e hizo su debut oficial ante Always Ready por la Copa Libertadores<\/b>, tras una lesi\u00f3n de Javier Garc\u00eda. Sin embargo, el 2023 fue complicado para el joven arquero. Pese a que segu\u00eda manteniendo su gran nivel, no ten\u00eda oportunidades en Primera: Romero era el titular, Garc\u00eda el suplente y, m\u00e1s all\u00e1 de que entrenaba con ellos, no hac\u00eda m\u00e1s que ocupar un lugar en el banco cuando alguno no pod\u00eda estar.<\/p>\n<p>Su potencial despert\u00f3 el inter\u00e9s de equipos europeos, que preguntaron por sus servicios en varias oportunidades.\u00a0<b>La respuesta desde Boca fue clara: intransferible<\/b>. De hecho, el propio Riquelme lo elogi\u00f3 en varias ocasiones.\u00a0<i>\u00ab<b>Va a ser el arquero de nuestro club<\/b>. Sin duda va camino a ser el due\u00f1o del arco. Parece una persona m\u00e1s grande, no de 20 a\u00f1os.\u00a0<b>No tengo dudas de que va a ser el arquero de Boca por much\u00edsimos a\u00f1os<\/b>. Es un arquerazo\u00bb<\/i>, dijo el a\u00f1o pasado.<b><a href=\"https:\/\/www.tycsports.com\/boca-juniors\/juan-roman-riquelme-entrevista-boca-vs-racing-pol-fernandez-medina-id607690.html\" target=\"_blank\" rel=\"noopener\">Hace pocos d\u00edas atr\u00e1s, en\u00a0<\/a><i><a href=\"https:\/\/www.tycsports.com\/boca-juniors\/juan-roman-riquelme-entrevista-boca-vs-racing-pol-fernandez-medina-id607690.html\" target=\"_blank\" rel=\"noopener\">El Loco y el Cuerdo<\/a><\/i><a href=\"https:\/\/www.tycsports.com\/boca-juniors\/juan-roman-riquelme-entrevista-boca-vs-racing-pol-fernandez-medina-id607690.html\" target=\"_blank\" rel=\"noopener\">, le volvi\u00f3 a tirar flores<\/a><\/b>:\u00a0<i>\u00abEs un chico muy serio. Est\u00e1 muy contento ac\u00e1. Cuando lo trajimos de Los Andres, nadie lo conoc\u00eda.\u00a0<b>Tiene todo para crecer en este club<\/b>\u00ab<\/i>.<\/p>\n<figure><img loading=\"lazy\" decoding=\"async\" class=\"alignnone size-medium wp-image-13423\" src=\"https:\/\/www.sportchaco.com.ar\/wp-content\/uploads\/2024\/09\/CHACO-JUEGA-BANNERS-1_1080X1350-1-240x300.gif\" alt=\"\" width=\"240\" height=\"300\" srcset=\"https:\/\/www.sportchaco.com.ar\/wp-content\/uploads\/2024\/09\/CHACO-JUEGA-BANNERS-1_1080X1350-1-240x300.gif 240w, https:\/\/www.sportchaco.com.ar\/wp-content\/uploads\/2024\/09\/CHACO-JUEGA-BANNERS-1_1080X1350-1-819x1024.gif 819w, https:\/\/www.sportchaco.com.ar\/wp-content\/uploads\/2024\/09\/CHACO-JUEGA-BANNERS-1_1080X1350-1-768x960.gif 768w\" sizes=\"auto, (max-width: 240px) 100vw, 240px\" \/><figcaption><\/figcaption><\/figure>\n","protected":false},"excerpt":{"rendered":"<p>Lleg\u00f3 el momento de Leandro Brey: su gran chance en el arco de Boca tras los elogios de Riquelme. Luego del esc\u00e1ndalo de Romero en el Supercl\u00e1sico y su posterior sanci\u00f3n con olor a fin de ciclo, el surgido de Los Andes tendr\u00e1 su oportunidad en un puesto muy pesado tras la bendici\u00f3n de Rom\u00e1n. &hellip;<\/p>\n","protected":false},"author":2,"featured_media":13422,"comment_status":"open","ping_status":"open","sticky":false,"template":"","format":"standard","meta":{"footnotes":""},"categories":[47],"tags":[],"class_list":["post-13421","post","type-post","status-publish","format-standard","has-post-thumbnail","hentry","category-nacionales"],"_links":{"self":[{"href":"https:\/\/www.sportchaco.com.ar\/index.php?rest_route=\/wp\/v2\/posts\/13421","targetHints":{"allow":["GET"]}}],"collection":[{"href":"https:\/\/www.sportchaco.com.ar\/index.php?rest_route=\/wp\/v2\/posts"}],"about":[{"href":"https:\/\/www.sportchaco.com.ar\/index.php?rest_route=\/wp\/v2\/types\/post"}],"author":[{"embeddable":true,"href":"https:\/\/www.sportchaco.com.ar\/index.php?rest_route=\/wp\/v2\/users\/2"}],"replies":[{"embeddable":true,"href":"https:\/\/www.sportchaco.com.ar\/index.php?rest_route=%2Fwp%2Fv2%2Fcomments&post=13421"}],"version-history":[{"count":1,"href":"https:\/\/www.sportchaco.com.ar\/index.php?rest_route=\/wp\/v2\/posts\/13421\/revisions"}],"predecessor-version":[{"id":13424,"href":"https:\/\/www.sportchaco.com.ar\/index.php?rest_route=\/wp\/v2\/posts\/13421\/revisions\/13424"}],"wp:featuredmedia":[{"embeddable":true,"href":"https:\/\/www.sportchaco.com.ar\/index.php?rest_route=\/wp\/v2\/media\/13422"}],"wp:attachment":[{"href":"https:\/\/www.sportchaco.com.ar\/index.php?rest_route=%2Fwp%2Fv2%2Fmedia&parent=13421"}],"wp:term":[{"taxonomy":"category","embeddable":true,"href":"https:\/\/www.sportchaco.com.ar\/index.php?rest_route=%2Fwp%2Fv2%2Fcategories&post=13421"},{"taxonomy":"post_tag","embeddable":true,"href":"https:\/\/www.sportchaco.com.ar\/index.php?rest_route=%2Fwp%2Fv2%2Ftags&post=13421"}],"curies":[{"name":"wp","href":"https:\/\/api.w.org\/{rel}","templated":true}]}}