{"id":13444,"date":"2024-09-25T23:25:22","date_gmt":"2024-09-26T02:25:22","guid":{"rendered":"https:\/\/www.sportchaco.com.ar\/?p=13444"},"modified":"2024-09-25T23:53:14","modified_gmt":"2024-09-26T02:53:14","slug":"efemerides-del-26-de-septiembre","status":"publish","type":"post","link":"https:\/\/www.sportchaco.com.ar\/?p=13444","title":{"rendered":"Efem\u00e9rides del 26 de septiembre"},"content":{"rendered":"<p><strong>Esta es la Efem\u00e9rides del Deporte en el Chaco de un 26 de septiembre del periodista Luis Dar\u00edo Molodezky.<\/strong><\/p>\n<p><strong>\u00a0<\/strong><\/p>\n<p><img loading=\"lazy\" decoding=\"async\" class=\"alignnone size-medium wp-image-13239\" src=\"https:\/\/www.sportchaco.com.ar\/wp-content\/uploads\/2024\/09\/Molodezky-Luis-300x199.jpg\" alt=\"\" width=\"300\" height=\"199\" srcset=\"https:\/\/www.sportchaco.com.ar\/wp-content\/uploads\/2024\/09\/Molodezky-Luis-300x199.jpg 300w, https:\/\/www.sportchaco.com.ar\/wp-content\/uploads\/2024\/09\/Molodezky-Luis-768x508.jpg 768w, https:\/\/www.sportchaco.com.ar\/wp-content\/uploads\/2024\/09\/Molodezky-Luis.jpg 772w\" sizes=\"auto, (max-width: 300px) 100vw, 300px\" \/><\/p>\n<p>&nbsp;<\/p>\n<p><strong>\u00a0<\/strong><\/p>\n<p><strong>1982 \/ <\/strong>Con 16 a\u00f1os y 2,16 metros llega a Resistencia desde El Colorado, Formosa, Jorge Gonz\u00e1lez. Su plan de entrenamiento es con Invernissi y Marcus Adams por la ma\u00f1ana y los profesores Dante Fermani y Victor Romero por la tarde. Se mueve con sus sandalias, ya que espera la llegada de un calzado N\u00b0 53 que le prometi\u00f3 la firma Adidas. La historia marcar\u00e1 luego su paso por Sport Club, Gimnasia y Esgrima y la Selecci\u00f3n Nacional, aunque no con demasiado suceso. Fue a EE.UU. para jugar al b\u00e1squetbol y termin\u00f3 haciendo lucha y filmando alguna pel\u00edcula. Una diabetes severa lo oblig\u00f3 a dejar todo y regresar a Formosa. Falleci\u00f3 un 24 de septiembre de 2010.<\/p>\n<p><strong>\u00a0<\/strong><\/p>\n<p><strong>2006 <\/strong>\/ Fallece Horacio Ra\u00fal Panelo. Hab\u00eda traspasado la frontera de la regi\u00f3n porque su calidad como volante de creaci\u00f3n y definidor, due\u00f1o de un remate inigualable, sedujo a clubes de Buenos Aires en la d\u00e9cada del 60, Se inici\u00f3 en Resistencia y luego pas\u00f3 a Central Norte. En el \u201858 pas\u00f3 a Chacarita y Quilmes, para regresar a Sarmiento. Como DT condujo entre otros a Villa Alvear varias temporadas y Resistencia. Brill\u00f3 con la casaca de la Selecci\u00f3n Chaque\u00f1a.<\/p>\n<p>&nbsp;<\/p>\n<p><strong>\u00a02014<\/strong> \/ \u00a0Fallece Juan Alberto Garc\u00eda (foto portada), dirigente de Uni\u00f3n de Pinedo y Chaco For Ever. presidiendo esta \u00faltima instituci\u00f3n a partir de 1986, en el ingreso al Nacional. Fue el responsable de la construcci\u00f3n del estadio de cemento, iluminaci\u00f3n, vestuarios y muchas otras obras. Fue titular del elenco chaque\u00f1o desde 1986 hasta 1988, aunque siempre estuvo ligado a la instituci\u00f3n. El estreno oficial del estadio fue el 18 de octubre de 1986, por la 16\u00aa fecha del Nacional \u201cB\u201d, y For Ever derrot\u00f3 por 2 a 1 a Atl\u00e9tico Concepci\u00f3n de la Banda del R\u00edo Sal\u00ed (Tucum\u00e1n), con goles de Roberto D. Forn\u00e9s y Alfredo \u201cPepo\u201d Fern\u00e1ndez. Ese d\u00eda, estuvo el presidente de AFA, Julio Humberto Grondona. A\u00f1os m\u00e1s tarde se le impuso su nombre al estadio.<\/p>\n<p><img loading=\"lazy\" decoding=\"async\" class=\"alignnone size-full wp-image-13345 aligncenter\" src=\"https:\/\/www.sportchaco.com.ar\/wp-content\/uploads\/2024\/09\/CHACO-JUEGA-BANNERS-1_200X200-1-1.gif\" alt=\"\" width=\"200\" height=\"200\" \/><\/p>\n","protected":false},"excerpt":{"rendered":"<p>Esta es la Efem\u00e9rides del Deporte en el Chaco de un 26 de septiembre del periodista Luis Dar\u00edo Molodezky. \u00a0 &nbsp; \u00a0 1982 \/ Con 16 a\u00f1os y 2,16 metros llega a Resistencia desde El Colorado, Formosa, Jorge Gonz\u00e1lez. Su plan de entrenamiento es con Invernissi y Marcus Adams por la ma\u00f1ana y los profesores &hellip;<\/p>\n","protected":false},"author":2,"featured_media":13445,"comment_status":"open","ping_status":"open","sticky":false,"template":"","format":"standard","meta":{"footnotes":""},"categories":[45,39],"tags":[],"class_list":["post-13444","post","type-post","status-publish","format-standard","has-post-thumbnail","hentry","category-efemerides-dia-por-dia","category-septiembre"],"_links":{"self":[{"href":"https:\/\/www.sportchaco.com.ar\/index.php?rest_route=\/wp\/v2\/posts\/13444","targetHints":{"allow":["GET"]}}],"collection":[{"href":"https:\/\/www.sportchaco.com.ar\/index.php?rest_route=\/wp\/v2\/posts"}],"about":[{"href":"https:\/\/www.sportchaco.com.ar\/index.php?rest_route=\/wp\/v2\/types\/post"}],"author":[{"embeddable":true,"href":"https:\/\/www.sportchaco.com.ar\/index.php?rest_route=\/wp\/v2\/users\/2"}],"replies":[{"embeddable":true,"href":"https:\/\/www.sportchaco.com.ar\/index.php?rest_route=%2Fwp%2Fv2%2Fcomments&post=13444"}],"version-history":[{"count":1,"href":"https:\/\/www.sportchaco.com.ar\/index.php?rest_route=\/wp\/v2\/posts\/13444\/revisions"}],"predecessor-version":[{"id":13446,"href":"https:\/\/www.sportchaco.com.ar\/index.php?rest_route=\/wp\/v2\/posts\/13444\/revisions\/13446"}],"wp:featuredmedia":[{"embeddable":true,"href":"https:\/\/www.sportchaco.com.ar\/index.php?rest_route=\/wp\/v2\/media\/13445"}],"wp:attachment":[{"href":"https:\/\/www.sportchaco.com.ar\/index.php?rest_route=%2Fwp%2Fv2%2Fmedia&parent=13444"}],"wp:term":[{"taxonomy":"category","embeddable":true,"href":"https:\/\/www.sportchaco.com.ar\/index.php?rest_route=%2Fwp%2Fv2%2Fcategories&post=13444"},{"taxonomy":"post_tag","embeddable":true,"href":"https:\/\/www.sportchaco.com.ar\/index.php?rest_route=%2Fwp%2Fv2%2Ftags&post=13444"}],"curies":[{"name":"wp","href":"https:\/\/api.w.org\/{rel}","templated":true}]}}