{"id":13447,"date":"2024-09-25T22:44:54","date_gmt":"2024-09-26T01:44:54","guid":{"rendered":"https:\/\/www.sportchaco.com.ar\/?p=13447"},"modified":"2024-09-25T22:46:16","modified_gmt":"2024-09-26T01:46:16","slug":"dario-aznar-gano-el-clascio-de-saenz-pena-en-ajedrez","status":"publish","type":"post","link":"https:\/\/www.sportchaco.com.ar\/?p=13447","title":{"rendered":"Dar\u00edo Aznar gan\u00f3 el Cl\u00e1sico de S\u00e1enz Pe\u00f1a en Ajedrez"},"content":{"rendered":"<p><strong>Dar\u00edo Aznar se impuso en el Torneo IRT Cl\u00e1sico en S\u00e1enz Pe\u00f1a que organiz\u00f3 el Club Morava el fin de semana.<\/strong><\/p>\n<p>Se llev\u00f3 a cabo el primer Torneo IRT Cl\u00e1sico en Presidencia Roque S\u00e1enz Pe\u00f1a, un evento que reuni\u00f3 a entusiastas del ajedrez de Resistencia y localidades aleda\u00f1as. Organizado con la colaboraci\u00f3n del Club Morava y la instituci\u00f3n UEP N\u00b0 169, el torneo se desarroll\u00f3 durante dos d\u00edas, el 21 y 22 de septiembre de 2024.<\/p>\n<p>Los participantes compitieron bajo un ritmo de 60 minutos m\u00e1s 30 segundos por jugada, generando partidas emocionantes y de gran nivel. Los resultados fueron los siguientes:<\/p>\n<p>1) :\u00a0 Aznar<\/p>\n<p>2) : Natanael Johansson<\/p>\n<p>3) : Gonzalo L\u00f3pez<\/p>\n<p>Mejor Sub 1800: Luciano Fogar<\/p>\n<p>Mejor Sub 1700:\u00a0 Juan Cruz Bengler<\/p>\n<p>Mejor No Rankeado:CEpifanio Cabada<\/p>\n<p>Los organizadores dejaron su agradecimiento al profesor Mas \u00c1ngel, del Colegio Industrial, por su apoyo y por los hermosos trofeos que fabric\u00f3. Tambi\u00e9n agradecemos a la gente de la Federaci\u00f3n Chaque\u00f1a de Ajedrez por su respaldo y recursos, que fueron fundamentales para el \u00e9xito del torneo.<\/p>\n<p>Una menci\u00f3n especial para la \u00e1rbitra regional Medina Malena, de tan solo 17 a\u00f1os, quien dirigi\u00f3 su tercer torneo de manera excepcional, garantizando que las partidas se desarrollaran con total imparcialidad y profesionalismo.<\/p>\n<p>Agradecemos a cada jugador que viaj\u00f3 y disfrut\u00f3 del evento, as\u00ed como a todas las personas que hicieron posible esta competencia. Este evento marca un importante paso en la promoci\u00f3n del ajedrez en la regi\u00f3n, y esperamos que se repita en el futuro. \u00a1Felicitaciones a todos los participantes!<\/p>\n<p>&nbsp;<\/p>\n<p><img loading=\"lazy\" decoding=\"async\" class=\"wp-image-13449 aligncenter\" src=\"https:\/\/www.sportchaco.com.ar\/wp-content\/uploads\/2024\/09\/Ajedrez-SP-4-300x225.jpg\" alt=\"\" width=\"419\" height=\"314\" srcset=\"https:\/\/www.sportchaco.com.ar\/wp-content\/uploads\/2024\/09\/Ajedrez-SP-4-300x225.jpg 300w, https:\/\/www.sportchaco.com.ar\/wp-content\/uploads\/2024\/09\/Ajedrez-SP-4-1024x768.jpg 1024w, https:\/\/www.sportchaco.com.ar\/wp-content\/uploads\/2024\/09\/Ajedrez-SP-4-768x576.jpg 768w, https:\/\/www.sportchaco.com.ar\/wp-content\/uploads\/2024\/09\/Ajedrez-SP-4.jpg 1280w\" sizes=\"auto, (max-width: 419px) 100vw, 419px\" \/><\/p>\n<p style=\"text-align: center;\"><img loading=\"lazy\" decoding=\"async\" class=\"alignnone size-full wp-image-13295\" src=\"https:\/\/www.sportchaco.com.ar\/wp-content\/uploads\/2024\/09\/CHACO-JUEGA-BANNERS-1_300X250-1-1.gif\" alt=\"\" width=\"300\" height=\"250\" \/><\/p>\n","protected":false},"excerpt":{"rendered":"<p>Dar\u00edo Aznar se impuso en el Torneo IRT Cl\u00e1sico en S\u00e1enz Pe\u00f1a que organiz\u00f3 el Club Morava el fin de semana. Se llev\u00f3 a cabo el primer Torneo IRT Cl\u00e1sico en Presidencia Roque S\u00e1enz Pe\u00f1a, un evento que reuni\u00f3 a entusiastas del ajedrez de Resistencia y localidades aleda\u00f1as. Organizado con la colaboraci\u00f3n del Club Morava &hellip;<\/p>\n","protected":false},"author":2,"featured_media":13448,"comment_status":"open","ping_status":"open","sticky":false,"template":"","format":"standard","meta":{"footnotes":""},"categories":[64],"tags":[],"class_list":["post-13447","post","type-post","status-publish","format-standard","has-post-thumbnail","hentry","category-ajedrez"],"_links":{"self":[{"href":"https:\/\/www.sportchaco.com.ar\/index.php?rest_route=\/wp\/v2\/posts\/13447","targetHints":{"allow":["GET"]}}],"collection":[{"href":"https:\/\/www.sportchaco.com.ar\/index.php?rest_route=\/wp\/v2\/posts"}],"about":[{"href":"https:\/\/www.sportchaco.com.ar\/index.php?rest_route=\/wp\/v2\/types\/post"}],"author":[{"embeddable":true,"href":"https:\/\/www.sportchaco.com.ar\/index.php?rest_route=\/wp\/v2\/users\/2"}],"replies":[{"embeddable":true,"href":"https:\/\/www.sportchaco.com.ar\/index.php?rest_route=%2Fwp%2Fv2%2Fcomments&post=13447"}],"version-history":[{"count":3,"href":"https:\/\/www.sportchaco.com.ar\/index.php?rest_route=\/wp\/v2\/posts\/13447\/revisions"}],"predecessor-version":[{"id":13452,"href":"https:\/\/www.sportchaco.com.ar\/index.php?rest_route=\/wp\/v2\/posts\/13447\/revisions\/13452"}],"wp:featuredmedia":[{"embeddable":true,"href":"https:\/\/www.sportchaco.com.ar\/index.php?rest_route=\/wp\/v2\/media\/13448"}],"wp:attachment":[{"href":"https:\/\/www.sportchaco.com.ar\/index.php?rest_route=%2Fwp%2Fv2%2Fmedia&parent=13447"}],"wp:term":[{"taxonomy":"category","embeddable":true,"href":"https:\/\/www.sportchaco.com.ar\/index.php?rest_route=%2Fwp%2Fv2%2Fcategories&post=13447"},{"taxonomy":"post_tag","embeddable":true,"href":"https:\/\/www.sportchaco.com.ar\/index.php?rest_route=%2Fwp%2Fv2%2Ftags&post=13447"}],"curies":[{"name":"wp","href":"https:\/\/api.w.org\/{rel}","templated":true}]}}