{"id":13475,"date":"2024-09-26T18:22:04","date_gmt":"2024-09-26T21:22:04","guid":{"rendered":"https:\/\/www.sportchaco.com.ar\/?p=13475"},"modified":"2024-09-26T18:22:04","modified_gmt":"2024-09-26T21:22:04","slug":"todo-diagramado-para-la-novena-fecha-del-pre-federal","status":"publish","type":"post","link":"https:\/\/www.sportchaco.com.ar\/?p=13475","title":{"rendered":"Todo diagramado para la novena fecha del Pre-Federal"},"content":{"rendered":"<p><strong>26-09-2024<\/strong><\/p>\n<p><img loading=\"lazy\" decoding=\"async\" class=\" wp-image-11990 aligncenter\" src=\"https:\/\/www.sportchaco.com.ar\/wp-content\/uploads\/2024\/07\/Copy-of-CHACO-JUEGA-BANNERS-1_1200X200-1-300x50.gif\" alt=\"\" width=\"354\" height=\"59\" srcset=\"https:\/\/www.sportchaco.com.ar\/wp-content\/uploads\/2024\/07\/Copy-of-CHACO-JUEGA-BANNERS-1_1200X200-1-300x50.gif 300w, https:\/\/www.sportchaco.com.ar\/wp-content\/uploads\/2024\/07\/Copy-of-CHACO-JUEGA-BANNERS-1_1200X200-1-1024x171.gif 1024w, https:\/\/www.sportchaco.com.ar\/wp-content\/uploads\/2024\/07\/Copy-of-CHACO-JUEGA-BANNERS-1_1200X200-1-768x128.gif 768w\" sizes=\"auto, (max-width: 354px) 100vw, 354px\" \/><\/p>\n<p>Este fin de semana se llevar\u00e1 a cabo la 9\u00aa fecha del Pre-Federal de B\u00e1squet. La actividad comenzar\u00e1 este viernes en ambas zonas, luego el d\u00eda s\u00e1bado se jugar\u00e1 en la zona A y el domingo en la B.<\/p>\n<p><strong>Z<\/strong><strong>ona A<br \/>\n<\/strong><strong>TODA LA 9\u00aa FECHA<br \/>\nViernes 27-09<br \/>\n<\/strong>A las 22, Italiana &#8211; Don Orione<br \/>\nA las 22, Acci\u00f3n &#8211; Alvear<\/p>\n<p><strong>S\u00e1bado 28-09<\/strong><br \/>\nA las 21:30, Don Bosco &#8211; H\u00e9rcules<br \/>\n<strong>Libre:<\/strong> Villa San Mart\u00edn<\/p>\n<p><strong>POSICIONES<br \/>\n<\/strong>H\u00e9rcules 14<br \/>\nVilla San Mart\u00edn 13<br \/>\nAlvear 12<br \/>\nDon Bosco 9<br \/>\nAcci\u00f3n 9<br \/>\nDon Orione 8<br \/>\nItaliana 7<\/p>\n<p>&nbsp;<\/p>\n<p><strong>Zona B<br \/>\n<\/strong><strong>TODA LA 8\u00aa FECHA<br \/>\nViernes 27-09<br \/>\n<\/strong>A las 21:30, Regatas Resistencia &#8211; Pinedo Central<br \/>\nA las 22, JUVA &#8211; Cultural<\/p>\n<p><strong>Domingo 29-09<\/strong><br \/>\nA las 21, Espa\u00f1ola &#8211; Hind\u00fa<br \/>\n<strong>Libre:<\/strong> CUNE<\/p>\n<p><strong>POSICIONES<\/strong><br \/>\nHind\u00fa Club 14<br \/>\nPinedo Central 11<br \/>\nCultural 11<br \/>\nEspa\u00f1ola 11<br \/>\nRegatas Resistencia 10<br \/>\nCUNE 8<br \/>\nJUVA 7<\/p>\n<p><img loading=\"lazy\" decoding=\"async\" class=\"size-medium wp-image-13423 aligncenter\" src=\"https:\/\/www.sportchaco.com.ar\/wp-content\/uploads\/2024\/09\/CHACO-JUEGA-BANNERS-1_1080X1350-1-240x300.gif\" alt=\"\" width=\"240\" height=\"300\" srcset=\"https:\/\/www.sportchaco.com.ar\/wp-content\/uploads\/2024\/09\/CHACO-JUEGA-BANNERS-1_1080X1350-1-240x300.gif 240w, https:\/\/www.sportchaco.com.ar\/wp-content\/uploads\/2024\/09\/CHACO-JUEGA-BANNERS-1_1080X1350-1-819x1024.gif 819w, https:\/\/www.sportchaco.com.ar\/wp-content\/uploads\/2024\/09\/CHACO-JUEGA-BANNERS-1_1080X1350-1-768x960.gif 768w\" sizes=\"auto, (max-width: 240px) 100vw, 240px\" \/><\/p>\n","protected":false},"excerpt":{"rendered":"<p>26-09-2024 Este fin de semana se llevar\u00e1 a cabo la 9\u00aa fecha del Pre-Federal de B\u00e1squet. La actividad comenzar\u00e1 este viernes en ambas zonas, luego el d\u00eda s\u00e1bado se jugar\u00e1 en la zona A y el domingo en la B. Zona A TODA LA 9\u00aa FECHA Viernes 27-09 A las 22, Italiana &#8211; Don Orione &hellip;<\/p>\n","protected":false},"author":3,"featured_media":12691,"comment_status":"open","ping_status":"open","sticky":false,"template":"","format":"standard","meta":{"footnotes":""},"categories":[3],"tags":[],"class_list":["post-13475","post","type-post","status-publish","format-standard","has-post-thumbnail","hentry","category-basquetbol"],"_links":{"self":[{"href":"https:\/\/www.sportchaco.com.ar\/index.php?rest_route=\/wp\/v2\/posts\/13475","targetHints":{"allow":["GET"]}}],"collection":[{"href":"https:\/\/www.sportchaco.com.ar\/index.php?rest_route=\/wp\/v2\/posts"}],"about":[{"href":"https:\/\/www.sportchaco.com.ar\/index.php?rest_route=\/wp\/v2\/types\/post"}],"author":[{"embeddable":true,"href":"https:\/\/www.sportchaco.com.ar\/index.php?rest_route=\/wp\/v2\/users\/3"}],"replies":[{"embeddable":true,"href":"https:\/\/www.sportchaco.com.ar\/index.php?rest_route=%2Fwp%2Fv2%2Fcomments&post=13475"}],"version-history":[{"count":1,"href":"https:\/\/www.sportchaco.com.ar\/index.php?rest_route=\/wp\/v2\/posts\/13475\/revisions"}],"predecessor-version":[{"id":13476,"href":"https:\/\/www.sportchaco.com.ar\/index.php?rest_route=\/wp\/v2\/posts\/13475\/revisions\/13476"}],"wp:featuredmedia":[{"embeddable":true,"href":"https:\/\/www.sportchaco.com.ar\/index.php?rest_route=\/wp\/v2\/media\/12691"}],"wp:attachment":[{"href":"https:\/\/www.sportchaco.com.ar\/index.php?rest_route=%2Fwp%2Fv2%2Fmedia&parent=13475"}],"wp:term":[{"taxonomy":"category","embeddable":true,"href":"https:\/\/www.sportchaco.com.ar\/index.php?rest_route=%2Fwp%2Fv2%2Fcategories&post=13475"},{"taxonomy":"post_tag","embeddable":true,"href":"https:\/\/www.sportchaco.com.ar\/index.php?rest_route=%2Fwp%2Fv2%2Ftags&post=13475"}],"curies":[{"name":"wp","href":"https:\/\/api.w.org\/{rel}","templated":true}]}}