{"id":13540,"date":"2024-09-28T23:18:37","date_gmt":"2024-09-29T02:18:37","guid":{"rendered":"https:\/\/www.sportchaco.com.ar\/?p=13540"},"modified":"2024-09-28T23:26:15","modified_gmt":"2024-09-29T02:26:15","slug":"efemerides-del-29-de-septiembre","status":"publish","type":"post","link":"https:\/\/www.sportchaco.com.ar\/?p=13540","title":{"rendered":"Efem\u00e9rides del 29 de septiembre"},"content":{"rendered":"<p><strong>Esta es la Efem\u00e9rides del Deporte en el Chaco de un 28 de septiembre del periodista Luis Dar\u00edo Molodezky.<\/strong><\/p>\n<p><strong>\u00a0<\/strong><\/p>\n<p><img loading=\"lazy\" decoding=\"async\" class=\"alignnone size-full wp-image-13541\" src=\"https:\/\/www.sportchaco.com.ar\/wp-content\/uploads\/2024\/09\/Molodezky-NOV-2023.jpg\" alt=\"\" width=\"211\" height=\"241\" \/><\/p>\n<p>&nbsp;<\/p>\n<p><strong>1936 <\/strong>\/ Haza\u00f1a de los j\u00f3venes Emilio Sobol y Juan Candia (h), que completan un raid entre S\u00e1enz Pe\u00f1a y Capital Federal en bicicleta, sobre caminos de tierra. El inicio fue el 9 del mismo mes.<\/p>\n<p>&nbsp;<\/p>\n<p><strong>1947<\/strong> \/ Naci\u00f3 Pedro Martin Vera, quien abraz\u00f3 el periodismo desde muy joven. Se inici\u00f3 en Diario Norte en la d\u00e9cada del \u201970, permaneciendo hasta los \u201990. Tambi\u00e9n trabaj\u00f3 en las p\u00e1ginas deportivas de La Voz del Chaco.\u00a0 Desarroll\u00f3 esa actividad en radio y fue empleado municipal, donde lleg\u00f3 a ocupar la Direcci\u00f3n de Tr\u00e1nsito. Fue presidente del C\u00edrculo de Periodistas Deportivos del Chaco.\u00a0 Otra faceta fue su especial sensibilidad por lo cultural, gan\u00e1ndose un lugar en el Coro Santa Cecilia y una ardua participaci\u00f3n en la comunidad de la Parroquia Asunci\u00f3n. Falleci\u00f3 el 26 de diciembre de 2014.<\/p>\n<p><strong>1951 <\/strong>\/ Nace en Presidencia Roque S\u00e1enz Pe\u00f1a el boxeador profesional Julio Alegre \u201cKid Belleza\u201d. Debut\u00f3 como profesional el 27 de octubre de 1973. Realiz\u00f3 en toda su carrera 53 peleas de las que gan\u00f3 26. En la actualidad se encuentra retirado. El agosto de 2018 fue homenajeado como una de las \u201cglorias del deporte\u201d de su ciudad natal, entre otras 80 de distintos deportes.<\/p>\n<p>&nbsp;<\/p>\n<p><strong>1998 <\/strong>\/ Fallece en La Plata a los 54 a\u00f1os, Hugo Ra\u00fal Carballo (foto portada) quien se destac\u00f3 en el arco de Gimnasia La Plata R\u00edver Plate, y Universidad de Chile, donde tambi\u00e9n fue t\u00e9cnico y manager. Naci\u00f3 el 23 de abril de 1944 en Resistencia y realiz\u00f3 de inferiores a primera en Regional de Villa Libertad. A los 18 visti\u00f3 por primera vez la casaca de la Selecci\u00f3n Chaque\u00f1a de F\u00fatbol. A los 20 a\u00f1os fue convocado como refuerzo por Sarmiento, para disputar un amistoso con el Santos de Pel\u00e9, partido en el que le ataj\u00f3 un penal a Pepe y en el que el famoso equipo no pudo triunfar, empatando 1 a 1. Cumpli\u00f3 el servicio militar en La Plata y con un permiso especial actu\u00f3 en Gimnasia, donde se destac\u00f3 y fue adquirido por 1.300.000 pesos. Pas\u00f3 a River Plate alternando con Amadeo Carrizo, Hugo Gatti y Perico P\u00e9rez. Tras un a\u00f1o en Atlanta, fue adquirido por Universidad de Chile, donde fue titular por una d\u00e9cada. Preso de un c\u00e1ncer en 1994 falleci\u00f3 cuatro a\u00f1os despu\u00e9s.<\/p>\n<p style=\"text-align: center;\"><img loading=\"lazy\" decoding=\"async\" class=\"alignnone size-medium wp-image-13538\" src=\"https:\/\/www.sportchaco.com.ar\/wp-content\/uploads\/2024\/09\/gobierno-paisaje-300x116.png\" alt=\"\" width=\"300\" height=\"116\" srcset=\"https:\/\/www.sportchaco.com.ar\/wp-content\/uploads\/2024\/09\/gobierno-paisaje-300x116.png 300w, https:\/\/www.sportchaco.com.ar\/wp-content\/uploads\/2024\/09\/gobierno-paisaje-768x297.png 768w, https:\/\/www.sportchaco.com.ar\/wp-content\/uploads\/2024\/09\/gobierno-paisaje.png 800w\" sizes=\"auto, (max-width: 300px) 100vw, 300px\" \/><\/p>\n<p>&nbsp;<\/p>\n<h5>HUGO CARBALLO, se inici\u00f3 en Regional, ataj\u00f3 para la Liga Chaque\u00f1a y para Sarmiento en el partido ante Santos de Brasil.<span style=\"font-size: 26px; font-weight: bold;\">\u00a0Debut\u00f3 en 1966 en Gimnasia de La Plata. En 1969 lleg\u00f3 a River con la dif\u00edcil tarea de reemplazar a quiz\u00e1 el mejor arquero de todos los tiempos, el gran Amadeo. En 1972 parti\u00f3 para Atlanta y qued\u00f3 Perico P\u00e9rez de titular.<\/span><\/h5>\n","protected":false},"excerpt":{"rendered":"<p>Esta es la Efem\u00e9rides del Deporte en el Chaco de un 28 de septiembre del periodista Luis Dar\u00edo Molodezky. \u00a0 &nbsp; 1936 \/ Haza\u00f1a de los j\u00f3venes Emilio Sobol y Juan Candia (h), que completan un raid entre S\u00e1enz Pe\u00f1a y Capital Federal en bicicleta, sobre caminos de tierra. El inicio fue el 9 del &hellip;<\/p>\n","protected":false},"author":2,"featured_media":13542,"comment_status":"open","ping_status":"open","sticky":false,"template":"","format":"standard","meta":{"footnotes":""},"categories":[45,39],"tags":[],"class_list":["post-13540","post","type-post","status-publish","format-standard","has-post-thumbnail","hentry","category-efemerides-dia-por-dia","category-septiembre"],"_links":{"self":[{"href":"https:\/\/www.sportchaco.com.ar\/index.php?rest_route=\/wp\/v2\/posts\/13540","targetHints":{"allow":["GET"]}}],"collection":[{"href":"https:\/\/www.sportchaco.com.ar\/index.php?rest_route=\/wp\/v2\/posts"}],"about":[{"href":"https:\/\/www.sportchaco.com.ar\/index.php?rest_route=\/wp\/v2\/types\/post"}],"author":[{"embeddable":true,"href":"https:\/\/www.sportchaco.com.ar\/index.php?rest_route=\/wp\/v2\/users\/2"}],"replies":[{"embeddable":true,"href":"https:\/\/www.sportchaco.com.ar\/index.php?rest_route=%2Fwp%2Fv2%2Fcomments&post=13540"}],"version-history":[{"count":3,"href":"https:\/\/www.sportchaco.com.ar\/index.php?rest_route=\/wp\/v2\/posts\/13540\/revisions"}],"predecessor-version":[{"id":13545,"href":"https:\/\/www.sportchaco.com.ar\/index.php?rest_route=\/wp\/v2\/posts\/13540\/revisions\/13545"}],"wp:featuredmedia":[{"embeddable":true,"href":"https:\/\/www.sportchaco.com.ar\/index.php?rest_route=\/wp\/v2\/media\/13542"}],"wp:attachment":[{"href":"https:\/\/www.sportchaco.com.ar\/index.php?rest_route=%2Fwp%2Fv2%2Fmedia&parent=13540"}],"wp:term":[{"taxonomy":"category","embeddable":true,"href":"https:\/\/www.sportchaco.com.ar\/index.php?rest_route=%2Fwp%2Fv2%2Fcategories&post=13540"},{"taxonomy":"post_tag","embeddable":true,"href":"https:\/\/www.sportchaco.com.ar\/index.php?rest_route=%2Fwp%2Fv2%2Ftags&post=13540"}],"curies":[{"name":"wp","href":"https:\/\/api.w.org\/{rel}","templated":true}]}}