{"id":13641,"date":"2024-10-04T10:50:04","date_gmt":"2024-10-04T13:50:04","guid":{"rendered":"https:\/\/www.sportchaco.com.ar\/?p=13641"},"modified":"2024-10-04T10:50:04","modified_gmt":"2024-10-04T13:50:04","slug":"hector-gomez-osella-fue-un-error","status":"publish","type":"post","link":"https:\/\/www.sportchaco.com.ar\/?p=13641","title":{"rendered":"H\u00e9ctor G\u00f3mez: \u00abOsella fue un error\u00bb"},"content":{"rendered":"<p><strong>04-10-2024<\/strong><\/p>\n<p><img loading=\"lazy\" decoding=\"async\" class=\" wp-image-9548 aligncenter\" src=\"https:\/\/www.sportchaco.com.ar\/wp-content\/uploads\/2024\/05\/gob-marzo-2-apaisado-fumigo-300x29.jpg\" alt=\"\" width=\"455\" height=\"44\" srcset=\"https:\/\/www.sportchaco.com.ar\/wp-content\/uploads\/2024\/05\/gob-marzo-2-apaisado-fumigo-300x29.jpg 300w, https:\/\/www.sportchaco.com.ar\/wp-content\/uploads\/2024\/05\/gob-marzo-2-apaisado-fumigo-768x74.jpg 768w, https:\/\/www.sportchaco.com.ar\/wp-content\/uploads\/2024\/05\/gob-marzo-2-apaisado-fumigo.jpg 940w\" sizes=\"auto, (max-width: 455px) 100vw, 455px\" \/><\/p>\n<p>H\u00e9ctor G\u00f3mez, presidente del Club Chaco For Ever, no se limit\u00f3 en palabras al referirse a la gesti\u00f3n de Osella al frente del plantel al inicio de la temporada: \u00abSe cometieron errores al comienzo y eso al final repercute. Se arm\u00f3 un plantel con m\u00e1s de 40 jugadores, algo mal hicimos como dirigentes. Osella fue un error que cometimos en el comienzo\u00bb.<\/p>\n<p>El dirigente reconoci\u00f3 que la experiencia le ha dejado aprendizajes: \u00abHace 15 a\u00f1os que estoy como presidente y todos los d\u00edas se aprende algo nuevo, de eso tambi\u00e9n tenemos que aprender. Lo que pas\u00f3 con Osella en San Telmo queda ah\u00ed adentro, me da verg\u00fcenza como dirigente responsable de Chaco For Ever\u00bb.<\/p>\n<p><strong>M\u00e1s all\u00e1 de la pol\u00e9mica con Osella, G\u00f3mez tambi\u00e9n se refiri\u00f3 a la actualidad del equipo y a la situaci\u00f3n econ\u00f3mica del club<\/strong><br \/>\n\u00abEstamos muy cerca de lograr el objetivo de mantenernos en la categor\u00eda, aunque tambi\u00e9n quer\u00edamos ver la posibilidad de meternos en el Reducido\u00bb, afirm\u00f3 G\u00f3mez, quien destac\u00f3 la dificultad de competir con equipos de provincias como Santa Fe: \u00abEl f\u00fatbol chaque\u00f1o est\u00e1 relegado como 20 a\u00f1os en comparaci\u00f3n con Santa Fe, por ejemplo. Y en cuestiones econ\u00f3micas somos un club que tiene convocatoria, pero la crisis es importante, ni en el Federal A recaudamos tan poco como este a\u00f1o. Esta temporada hubo un partido en el que gastamos 10 millones para abrir la cancha y recaudamos tres millones\u00bb.<\/p>\n<p><em><strong>Fuente: Noticias Digital Chaco<\/strong><\/em><\/p>\n<p><img loading=\"lazy\" decoding=\"async\" class=\" wp-image-9571 aligncenter\" src=\"https:\/\/www.sportchaco.com.ar\/wp-content\/uploads\/2024\/05\/gob-salud-marzo-apaisado-2-1.gif\" alt=\"\" width=\"312\" height=\"312\" \/><\/p>\n","protected":false},"excerpt":{"rendered":"<p>04-10-2024 H\u00e9ctor G\u00f3mez, presidente del Club Chaco For Ever, no se limit\u00f3 en palabras al referirse a la gesti\u00f3n de Osella al frente del plantel al inicio de la temporada: \u00abSe cometieron errores al comienzo y eso al final repercute. Se arm\u00f3 un plantel con m\u00e1s de 40 jugadores, algo mal hicimos como dirigentes. Osella &hellip;<\/p>\n","protected":false},"author":3,"featured_media":13642,"comment_status":"open","ping_status":"open","sticky":false,"template":"","format":"standard","meta":{"footnotes":""},"categories":[44],"tags":[],"class_list":["post-13641","post","type-post","status-publish","format-standard","has-post-thumbnail","hentry","category-varios"],"_links":{"self":[{"href":"https:\/\/www.sportchaco.com.ar\/index.php?rest_route=\/wp\/v2\/posts\/13641","targetHints":{"allow":["GET"]}}],"collection":[{"href":"https:\/\/www.sportchaco.com.ar\/index.php?rest_route=\/wp\/v2\/posts"}],"about":[{"href":"https:\/\/www.sportchaco.com.ar\/index.php?rest_route=\/wp\/v2\/types\/post"}],"author":[{"embeddable":true,"href":"https:\/\/www.sportchaco.com.ar\/index.php?rest_route=\/wp\/v2\/users\/3"}],"replies":[{"embeddable":true,"href":"https:\/\/www.sportchaco.com.ar\/index.php?rest_route=%2Fwp%2Fv2%2Fcomments&post=13641"}],"version-history":[{"count":1,"href":"https:\/\/www.sportchaco.com.ar\/index.php?rest_route=\/wp\/v2\/posts\/13641\/revisions"}],"predecessor-version":[{"id":13643,"href":"https:\/\/www.sportchaco.com.ar\/index.php?rest_route=\/wp\/v2\/posts\/13641\/revisions\/13643"}],"wp:featuredmedia":[{"embeddable":true,"href":"https:\/\/www.sportchaco.com.ar\/index.php?rest_route=\/wp\/v2\/media\/13642"}],"wp:attachment":[{"href":"https:\/\/www.sportchaco.com.ar\/index.php?rest_route=%2Fwp%2Fv2%2Fmedia&parent=13641"}],"wp:term":[{"taxonomy":"category","embeddable":true,"href":"https:\/\/www.sportchaco.com.ar\/index.php?rest_route=%2Fwp%2Fv2%2Fcategories&post=13641"},{"taxonomy":"post_tag","embeddable":true,"href":"https:\/\/www.sportchaco.com.ar\/index.php?rest_route=%2Fwp%2Fv2%2Ftags&post=13641"}],"curies":[{"name":"wp","href":"https:\/\/api.w.org\/{rel}","templated":true}]}}